{"id":5710,"date":"2023-01-23T11:32:55","date_gmt":"2023-01-23T14:32:55","guid":{"rendered":"https:\/\/jm-metropole.com.br\/site\/?p=5710"},"modified":"2023-01-23T11:32:55","modified_gmt":"2023-01-23T14:32:55","slug":"centro-cultural-de-santa-isabel-abre-inscricoes-para-oficinas","status":"publish","type":"post","link":"https:\/\/jm-metropole.com.br\/site\/centro-cultural-de-santa-isabel-abre-inscricoes-para-oficinas\/","title":{"rendered":"Centro Cultural de Santa Isabel abre inscri\u00e7\u00f5es para oficinas"},"content":{"rendered":"<p>A partir de segunda-feira (23\/01), estar\u00e3o abertas as inscri\u00e7\u00f5es para as oficinas do Centro Cultural de Santa Isabel.<\/p>\n<p>A Secretaria Municipal de Cultura disponibiliza vagas para os cursos de viol\u00e3o, guitarra, bateria, desenho, croch\u00ea, bordado, artesanato e dan\u00e7a. As aulas ter\u00e3o in\u00edcio no dia 01 de fevereiro e as vagas s\u00e3o limitadas.<\/p>\n<p>Para realizar a inscri\u00e7\u00e3o, \u00e9 necess\u00e1rio comparecer a Avenida da Rep\u00fablica, 118, no Centro de Santa Isabel, portando RG e comprovante de endere\u00e7o. Menores de idade dever\u00e3o estar acompanhados dos pais ou respons\u00e1veis.<\/p>\n<p>O hor\u00e1rio de atendimento \u00e9 das 8h \u00e0s 12h e das 13h \u00e0s 17h, com expediente de segunda a sexta-feira. Outras informa\u00e7\u00f5es podem ser obtidas por meio do seguinte telefone: 4657-3464.<\/p>\n","protected":false},"excerpt":{"rendered":"<p>A partir de segunda-feira (23\/01), estar\u00e3o abertas as inscri\u00e7\u00f5es para as oficinas do Centro Cultural de Santa Isabel. A Secretaria Municipal de Cultura disponibiliza vagas para os cursos de viol\u00e3o, guitarra, bateria, desenho, croch\u00ea, bordado, artesanato e dan\u00e7a. As aulas ter\u00e3o in\u00edcio no dia 01 de fevereiro e as vagas s\u00e3o limitadas. Para realizar a [&hellip;]<\/p>\n","protected":false},"author":1,"featured_media":5711,"comment_status":"open","ping_status":"open","sticky":false,"template":"","format":"standard","meta":{"footnotes":""},"categories":[5],"tags":[],"class_list":{"0":"post-5710","1":"post","2":"type-post","3":"status-publish","4":"format-standard","5":"has-post-thumbnail","7":"category-santa-isabel"},"_links":{"self":[{"href":"https:\/\/jm-metropole.com.br\/site\/wp-json\/wp\/v2\/posts\/5710","targetHints":{"allow":["GET"]}}],"collection":[{"href":"https:\/\/jm-metropole.com.br\/site\/wp-json\/wp\/v2\/posts"}],"about":[{"href":"https:\/\/jm-metropole.com.br\/site\/wp-json\/wp\/v2\/types\/post"}],"author":[{"embeddable":true,"href":"https:\/\/jm-metropole.com.br\/site\/wp-json\/wp\/v2\/users\/1"}],"replies":[{"embeddable":true,"href":"https:\/\/jm-metropole.com.br\/site\/wp-json\/wp\/v2\/comments?post=5710"}],"version-history":[{"count":1,"href":"https:\/\/jm-metropole.com.br\/site\/wp-json\/wp\/v2\/posts\/5710\/revisions"}],"predecessor-version":[{"id":5712,"href":"https:\/\/jm-metropole.com.br\/site\/wp-json\/wp\/v2\/posts\/5710\/revisions\/5712"}],"wp:featuredmedia":[{"embeddable":true,"href":"https:\/\/jm-metropole.com.br\/site\/wp-json\/wp\/v2\/media\/5711"}],"wp:attachment":[{"href":"https:\/\/jm-metropole.com.br\/site\/wp-json\/wp\/v2\/media?parent=5710"}],"wp:term":[{"taxonomy":"category","embeddable":true,"href":"https:\/\/jm-metropole.com.br\/site\/wp-json\/wp\/v2\/categories?post=5710"},{"taxonomy":"post_tag","embeddable":true,"href":"https:\/\/jm-metropole.com.br\/site\/wp-json\/wp\/v2\/tags?post=5710"}],"curies":[{"name":"wp","href":"https:\/\/api.w.org\/{rel}","templated":true}]}}