{"id":5657,"date":"2023-01-20T08:17:45","date_gmt":"2023-01-20T11:17:45","guid":{"rendered":"https:\/\/jm-metropole.com.br\/site\/?p=5657"},"modified":"2023-01-20T08:17:45","modified_gmt":"2023-01-20T11:17:45","slug":"fundo-social-lanca-campanha-para-arrecadacao-de-itens-essenciais-no-periodo-de-chuvas","status":"publish","type":"post","link":"https:\/\/jm-metropole.com.br\/site\/fundo-social-lanca-campanha-para-arrecadacao-de-itens-essenciais-no-periodo-de-chuvas\/","title":{"rendered":"Fundo Social lan\u00e7a campanha para arrecada\u00e7\u00e3o de itens essenciais no per\u00edodo de chuvas"},"content":{"rendered":"<p>O Fundo Social de Mogi das Cruzes est\u00e1 lan\u00e7ando nesta semana a A\u00e7\u00e3o Ver\u00e3o 2023. A exemplo do que j\u00e1 vem sendo feito pelo \u00f3rg\u00e3o ao longo dos \u00faltimos dois anos, esta \u00e9 uma campanha de arrecada\u00e7\u00e3o de itens essenciais, para dar amparo emergencial a fam\u00edlias em situa\u00e7\u00e3o de vulnerabilidade e que venham a ser afetadas pelas chuvas de ver\u00e3o.<\/p>\n<p>J\u00e1 est\u00e3o sendo arrecadados os seguintes itens: produtos de limpeza e de higiene pessoal, roupas de adultos e crian\u00e7as, roupas de mesa e banho, fraldas geri\u00e1tricas, absorventes e alimentos n\u00e3o perec\u00edveis. Quem puder ajudar, deve levar as doa\u00e7\u00f5es diretamente na sede do Fundo Social, no primeiro andar do pr\u00e9dio-sede da Prefeitura de Mogi das Cruzes.<\/p>\n<p>&#8220;O Fundo Social de Mogi das Cruzes atua durante todos os meses do ano, com campanhas em prol das necessidades dos mais vulner\u00e1veis, por\u00e9m nesta \u00e9poca do ano, a demanda por itens essenciais cresce consideravelmente. Diante disso, estamos lan\u00e7ando a A\u00e7\u00e3o Ver\u00e3o e contamos mais uma vez com a participa\u00e7\u00e3o e a solidariedade de todos&#8221;, destaca o presidente do Fundo Social de Mogi das Cruzes, M\u00e1rcio Maldonado.<\/p>\n<p>Importante lembrar que o Fundo Social trabalha diretamente com institui\u00e7\u00f5es sociais, associa\u00e7\u00f5es e lideran\u00e7as de bairro cadastradas. Isto \u00e9, as doa\u00e7\u00f5es s\u00e3o entregues \u00e0s entidades com cadastro ativo e cabe a elas a entrega final dos itens \u00e0s fam\u00edlias e comunidades assistidas.<\/p>\n<p>Mais informa\u00e7\u00f5es sobre a A\u00e7\u00e3o Ver\u00e3o podem ser obtidas pelo telefone do Fundo Social, que \u00e9 o 4798-5143.<\/p>\n","protected":false},"excerpt":{"rendered":"<p>O Fundo Social de Mogi das Cruzes est\u00e1 lan\u00e7ando nesta semana a A\u00e7\u00e3o Ver\u00e3o 2023. A exemplo do que j\u00e1 vem sendo feito pelo \u00f3rg\u00e3o ao longo dos \u00faltimos dois anos, esta \u00e9 uma campanha de arrecada\u00e7\u00e3o de itens essenciais, para dar amparo emergencial a fam\u00edlias em situa\u00e7\u00e3o de vulnerabilidade e que venham a ser [&hellip;]<\/p>\n","protected":false},"author":1,"featured_media":5658,"comment_status":"open","ping_status":"open","sticky":false,"template":"","format":"standard","meta":{"footnotes":""},"categories":[10],"tags":[],"class_list":{"0":"post-5657","1":"post","2":"type-post","3":"status-publish","4":"format-standard","5":"has-post-thumbnail","7":"category-mogi-das-cruzes"},"_links":{"self":[{"href":"https:\/\/jm-metropole.com.br\/site\/wp-json\/wp\/v2\/posts\/5657","targetHints":{"allow":["GET"]}}],"collection":[{"href":"https:\/\/jm-metropole.com.br\/site\/wp-json\/wp\/v2\/posts"}],"about":[{"href":"https:\/\/jm-metropole.com.br\/site\/wp-json\/wp\/v2\/types\/post"}],"author":[{"embeddable":true,"href":"https:\/\/jm-metropole.com.br\/site\/wp-json\/wp\/v2\/users\/1"}],"replies":[{"embeddable":true,"href":"https:\/\/jm-metropole.com.br\/site\/wp-json\/wp\/v2\/comments?post=5657"}],"version-history":[{"count":1,"href":"https:\/\/jm-metropole.com.br\/site\/wp-json\/wp\/v2\/posts\/5657\/revisions"}],"predecessor-version":[{"id":5659,"href":"https:\/\/jm-metropole.com.br\/site\/wp-json\/wp\/v2\/posts\/5657\/revisions\/5659"}],"wp:featuredmedia":[{"embeddable":true,"href":"https:\/\/jm-metropole.com.br\/site\/wp-json\/wp\/v2\/media\/5658"}],"wp:attachment":[{"href":"https:\/\/jm-metropole.com.br\/site\/wp-json\/wp\/v2\/media?parent=5657"}],"wp:term":[{"taxonomy":"category","embeddable":true,"href":"https:\/\/jm-metropole.com.br\/site\/wp-json\/wp\/v2\/categories?post=5657"},{"taxonomy":"post_tag","embeddable":true,"href":"https:\/\/jm-metropole.com.br\/site\/wp-json\/wp\/v2\/tags?post=5657"}],"curies":[{"name":"wp","href":"https:\/\/api.w.org\/{rel}","templated":true}]}}