{"id":5646,"date":"2023-01-19T17:56:40","date_gmt":"2023-01-19T20:56:40","guid":{"rendered":"https:\/\/jm-metropole.com.br\/site\/?p=5646"},"modified":"2023-01-19T17:56:40","modified_gmt":"2023-01-19T20:56:40","slug":"poa-recebe-novo-lote-com-900-doses-da-vacina-coronavac-e-reforca-vacinacao-contra-a-covid-19","status":"publish","type":"post","link":"https:\/\/jm-metropole.com.br\/site\/poa-recebe-novo-lote-com-900-doses-da-vacina-coronavac-e-reforca-vacinacao-contra-a-covid-19\/","title":{"rendered":"Po\u00e1 recebe novo lote com 900 doses da vacina Coronavac e refor\u00e7a vacina\u00e7\u00e3o contra a Covid-19"},"content":{"rendered":"<p>Imunizantes foram distribu\u00eddos em todas as UBS\u2019s do munic\u00edpio e t\u00eam como p\u00fablico-alvo crian\u00e7as de 5 a 11 anos<\/p>\n<p>O Departamento de Vigil\u00e2ncia em Sa\u00fade de Po\u00e1, \u00f3rg\u00e3o pertencente \u00e0 Secretaria de Sa\u00fade, recebeu nesta \u00faltima quarta-feira (18\/01), 900 doses de um novo lote de vacinas Coronavac para a imuniza\u00e7\u00e3o contra a Covid-19. Os imunizantes t\u00eam p\u00fablico-alvo crian\u00e7as de 5 a 11 anos e j\u00e1 est\u00e3o dispon\u00edveis em todas as Unidades B\u00e1sicas de Sa\u00fade (UBS\u2019s) do munic\u00edpio.<\/p>\n<p>Al\u00e9m disso, nesta quinta-feira (19\/01), na UBS Calmon Viana, tamb\u00e9m foi iniciada a vacina\u00e7\u00e3o para crian\u00e7as sem comorbidades de 6 meses a 4 anos com a \u201cxepa\u201d do imunizante Pfizer Baby, que aproveita as doses dos frascos abertos utilizados para vacinas da segunda e terceira doses do p\u00fablico com comorbidades. J\u00e1 para aqueles com 12 anos ou mais, o atendimento \u00e9 realizado com a Pfizer adulto. Demais doses seguem sendo aplicadas normalmente conforme ciclo vacinal iniciado.<\/p>\n<p>\u201cCom a chegada desse novo lote de vacinas nosso estoque est\u00e1 refor\u00e7ado para atender a popula\u00e7\u00e3o poaense. A vacina\u00e7\u00e3o \u00e9 a melhor forma para se proteger contra o coronav\u00edrus, por isso, \u00e9 fundamental que os mun\u00edcipes se dirijam aos postos de sa\u00fade mais pr\u00f3ximos as suas resid\u00eancias para que possam receber a dose do imunizante\u201d, afirma o diretor de Vigil\u00e2ncia em Sa\u00fade, Leonardo Barbosa Garcia.<\/p>\n<p>O hor\u00e1rio de vacina\u00e7\u00e3o dos postos de sa\u00fade \u00e9 das 9 \u00e0s 15 horas, com exce\u00e7\u00e3o da UBS \u201cDr. Cypriano Oswaldo M\u00f4naco\u201d, localizada no Jardim Nova Po\u00e1, que atende das 9 \u00e0s 17 horas, e da UBS \u201cTito Fuga\u201d, em Calmon Viana, que realiza a imuniza\u00e7\u00e3o para crian\u00e7as sem comorbidades de 6 meses a 4 anos com as doses restantes do imunizante Pfizer Baby.<\/p>\n<p>Para a vacina\u00e7\u00e3o, \u00e9 necess\u00e1rio apresentar CPF ou a Carteirinha do SUS da crian\u00e7a, al\u00e9m da carteirinha de vacina\u00e7\u00e3o e comprovante de endere\u00e7o. Mais informa\u00e7\u00f5es podem ser obtidas pelos telefones 4636-3200, 4636-8191 e 4638-2505 ou pelo e-mail: saude@poa.sp.gov.br<\/p>\n<p>FOTOS: Rodrigo Nagafuti\/Arquivo Secom Po\u00e1<\/p>\n","protected":false},"excerpt":{"rendered":"<p>Imunizantes foram distribu\u00eddos em todas as UBS\u2019s do munic\u00edpio e t\u00eam como p\u00fablico-alvo crian\u00e7as de 5 a 11 anos O Departamento de Vigil\u00e2ncia em Sa\u00fade de Po\u00e1, \u00f3rg\u00e3o pertencente \u00e0 Secretaria de Sa\u00fade, recebeu nesta \u00faltima quarta-feira (18\/01), 900 doses de um novo lote de vacinas Coronavac para a imuniza\u00e7\u00e3o contra a Covid-19. Os imunizantes [&hellip;]<\/p>\n","protected":false},"author":1,"featured_media":5647,"comment_status":"open","ping_status":"open","sticky":false,"template":"","format":"standard","meta":{"footnotes":""},"categories":[19],"tags":[],"class_list":{"0":"post-5646","1":"post","2":"type-post","3":"status-publish","4":"format-standard","5":"has-post-thumbnail","7":"category-poa"},"_links":{"self":[{"href":"https:\/\/jm-metropole.com.br\/site\/wp-json\/wp\/v2\/posts\/5646","targetHints":{"allow":["GET"]}}],"collection":[{"href":"https:\/\/jm-metropole.com.br\/site\/wp-json\/wp\/v2\/posts"}],"about":[{"href":"https:\/\/jm-metropole.com.br\/site\/wp-json\/wp\/v2\/types\/post"}],"author":[{"embeddable":true,"href":"https:\/\/jm-metropole.com.br\/site\/wp-json\/wp\/v2\/users\/1"}],"replies":[{"embeddable":true,"href":"https:\/\/jm-metropole.com.br\/site\/wp-json\/wp\/v2\/comments?post=5646"}],"version-history":[{"count":1,"href":"https:\/\/jm-metropole.com.br\/site\/wp-json\/wp\/v2\/posts\/5646\/revisions"}],"predecessor-version":[{"id":5648,"href":"https:\/\/jm-metropole.com.br\/site\/wp-json\/wp\/v2\/posts\/5646\/revisions\/5648"}],"wp:featuredmedia":[{"embeddable":true,"href":"https:\/\/jm-metropole.com.br\/site\/wp-json\/wp\/v2\/media\/5647"}],"wp:attachment":[{"href":"https:\/\/jm-metropole.com.br\/site\/wp-json\/wp\/v2\/media?parent=5646"}],"wp:term":[{"taxonomy":"category","embeddable":true,"href":"https:\/\/jm-metropole.com.br\/site\/wp-json\/wp\/v2\/categories?post=5646"},{"taxonomy":"post_tag","embeddable":true,"href":"https:\/\/jm-metropole.com.br\/site\/wp-json\/wp\/v2\/tags?post=5646"}],"curies":[{"name":"wp","href":"https:\/\/api.w.org\/{rel}","templated":true}]}}