{"id":5640,"date":"2023-01-19T17:47:48","date_gmt":"2023-01-19T20:47:48","guid":{"rendered":"https:\/\/jm-metropole.com.br\/site\/?p=5640"},"modified":"2023-01-19T17:47:48","modified_gmt":"2023-01-19T20:47:48","slug":"mogi-sedia-encontro-de-secretarios-de-saude-do-alto-tiete","status":"publish","type":"post","link":"https:\/\/jm-metropole.com.br\/site\/mogi-sedia-encontro-de-secretarios-de-saude-do-alto-tiete\/","title":{"rendered":"Mogi sedia encontro de secret\u00e1rios de Sa\u00fade do Alto Tiet\u00ea"},"content":{"rendered":"<div class=\"col-sm-8 col-md-9 col-lg-9\">\n<div id=\"conteudo\" class=\"conteudo\">\n<p>Mogi das Cruzes sediou, na \u00faltima quarta-feira (18\/01), a primeira reuni\u00e3o de secret\u00e1rios municipais de Sa\u00fade do Alto Tiet\u00ea deste ano. O objetivo do encontro, realizado no pr\u00e9dio sede da Prefeitura, foi discutir as principais demandas regionais e planejar a\u00e7\u00f5es para atua\u00e7\u00e3o em conjunto junto ao novo Governo do Estado de S\u00e3o Paulo.<\/p>\n<p>O secret\u00e1rio municipal de Sa\u00fade de Mogi das Cruzes William Harada, e a adjunta Ros\u00e2ngela Cunha, recepcionaram os representantes dos munic\u00edpios vizinhos. \u201cEsse contato pessoal \u00e9 muito importante para trocarmos informa\u00e7\u00f5es sobre assuntos de interesse comum, principalmente na fase atual de in\u00edcio de um novo Governo no Estado\u201d, explica Harada.<\/p>\n<p>&nbsp;<\/p>\n<div class=\"text-center\"><\/div>\n<\/div>\n<\/div>\n","protected":false},"excerpt":{"rendered":"<p>Mogi das Cruzes sediou, na \u00faltima quarta-feira (18\/01), a primeira reuni\u00e3o de secret\u00e1rios municipais de Sa\u00fade do Alto Tiet\u00ea deste ano. O objetivo do encontro, realizado no pr\u00e9dio sede da Prefeitura, foi discutir as principais demandas regionais e planejar a\u00e7\u00f5es para atua\u00e7\u00e3o em conjunto junto ao novo Governo do Estado de S\u00e3o Paulo. O secret\u00e1rio [&hellip;]<\/p>\n","protected":false},"author":1,"featured_media":5641,"comment_status":"open","ping_status":"open","sticky":false,"template":"","format":"standard","meta":{"footnotes":""},"categories":[10],"tags":[],"class_list":{"0":"post-5640","1":"post","2":"type-post","3":"status-publish","4":"format-standard","5":"has-post-thumbnail","7":"category-mogi-das-cruzes"},"_links":{"self":[{"href":"https:\/\/jm-metropole.com.br\/site\/wp-json\/wp\/v2\/posts\/5640","targetHints":{"allow":["GET"]}}],"collection":[{"href":"https:\/\/jm-metropole.com.br\/site\/wp-json\/wp\/v2\/posts"}],"about":[{"href":"https:\/\/jm-metropole.com.br\/site\/wp-json\/wp\/v2\/types\/post"}],"author":[{"embeddable":true,"href":"https:\/\/jm-metropole.com.br\/site\/wp-json\/wp\/v2\/users\/1"}],"replies":[{"embeddable":true,"href":"https:\/\/jm-metropole.com.br\/site\/wp-json\/wp\/v2\/comments?post=5640"}],"version-history":[{"count":1,"href":"https:\/\/jm-metropole.com.br\/site\/wp-json\/wp\/v2\/posts\/5640\/revisions"}],"predecessor-version":[{"id":5642,"href":"https:\/\/jm-metropole.com.br\/site\/wp-json\/wp\/v2\/posts\/5640\/revisions\/5642"}],"wp:featuredmedia":[{"embeddable":true,"href":"https:\/\/jm-metropole.com.br\/site\/wp-json\/wp\/v2\/media\/5641"}],"wp:attachment":[{"href":"https:\/\/jm-metropole.com.br\/site\/wp-json\/wp\/v2\/media?parent=5640"}],"wp:term":[{"taxonomy":"category","embeddable":true,"href":"https:\/\/jm-metropole.com.br\/site\/wp-json\/wp\/v2\/categories?post=5640"},{"taxonomy":"post_tag","embeddable":true,"href":"https:\/\/jm-metropole.com.br\/site\/wp-json\/wp\/v2\/tags?post=5640"}],"curies":[{"name":"wp","href":"https:\/\/api.w.org\/{rel}","templated":true}]}}