{"id":5637,"date":"2023-01-19T16:54:26","date_gmt":"2023-01-19T19:54:26","guid":{"rendered":"https:\/\/jm-metropole.com.br\/site\/?p=5637"},"modified":"2023-01-19T16:54:26","modified_gmt":"2023-01-19T19:54:26","slug":"1o-festival-de-verao-de-guararema-comeca-neste-final-de-semana-com-super-evento-strong-for-all-2023","status":"publish","type":"post","link":"https:\/\/jm-metropole.com.br\/site\/1o-festival-de-verao-de-guararema-comeca-neste-final-de-semana-com-super-evento-strong-for-all-2023\/","title":{"rendered":"1\u00ba Festival de Ver\u00e3o de Guararema come\u00e7a neste final de semana com super evento Strong For All 2023"},"content":{"rendered":"<p>Intuito do evento \u00e9 oferecer atra\u00e7\u00f5es musicais, culturais, esportivas e gastron\u00f4micas para a popula\u00e7\u00e3o e visitantes<\/p>\n<p>A Prefeitura de Guararema est\u00e1 finalizando os \u00faltimos preparativos para o 1\u00ba Festival de Ver\u00e3o de Guararema 2023, que se encontra na sua primeira edi\u00e7\u00e3o e que vai ter in\u00edcio neste s\u00e1bado (21) com a super atra\u00e7\u00e3o que \u00e9 uma verdadeira mostra de for\u00e7a.<\/p>\n<p>O Strong For All 2023, considerado o maior evento de strongman (levantamento de peso) da Am\u00e9rica do Sul, come\u00e7a no s\u00e1bado (21) e se estende tamb\u00e9m no domingo (22).<br \/>\nOs atletas que competir\u00e3o no Strong For All 2023 estiveram nesta semana no Mirante Prefeito Gerb\u00e1sio Marcelino, que ser\u00e1 palco do evento, e conheceram o espa\u00e7o em que se apresentar\u00e3o e competir\u00e3o.<\/p>\n<p>A competi\u00e7\u00e3o, organizada por Glauco Benigno e Lindicei Miho Benigno e que conta com o apoio da Secretaria Municipal de Esporte e Lazer, ser\u00e1 dividida em categorias, definidas de acordo com o peso dos competidores. Segundo a Prefeitura de Guararema, est\u00e3o confirmadas as participa\u00e7\u00f5es de atletas do Brasil, Uruguai, Argentina, Fran\u00e7a, Col\u00f4mbia e Chile. No feminino, a disputa ser\u00e1 feita nas categorias: 64 kg, 75 kg, 84 kg,91 kg, absoluta e master; na categoria masculina: 80 kg, 90 kg, 105 kg, absoluta e master e Clash Pro Series (quebra de recordes) para o 1\u00ba lugar das categorias feminina e masculina.<\/p>\n<p>Em 2022 o evento contou com a participa\u00e7\u00e3o de 48 atletas, a expectativa \u00e9 que neste ano o n\u00famero aumente, pois ser\u00e1 a estreia de duas provas: H\u00e9rcolesHold e Sand Bag Toss, al\u00e9m do atrativo das provas ao ar livre.<\/p>\n<p>A entrada \u00e9 gratuita, com ingresso solid\u00e1rio de um kit de higiene (sabonete, pasta e escova de dente) para o Fundo Social de Solidariedade do munic\u00edpio.<br \/>\nO Mirante Prefeito Gerb\u00e1sio Marcelino fica na Rua Inoc\u00eancio de Melo Franco, 335 no Centro.<\/p>\n<p>Festival de Ver\u00e3o<br \/>\nA Prefeitura de Guararema vai realizar o 1\u00ba Festival de Ver\u00e3o entre os dias 21 de janeiro e 5 de fevereiro, em diversos pontos do munic\u00edpio. O intuito do evento \u00e9 oferecer atra\u00e7\u00f5es musicais, culturais, esportivas e gastron\u00f4micas para a popula\u00e7\u00e3o e visitantes.<br \/>\nA programa\u00e7\u00e3o completa est\u00e1 dispon\u00edvel no site da Prefeitura de Guararema, na aba do Turismo (https:\/\/guararema.sp.gov.br\/turismo\/calendario-de-eventos\/).<\/p>\n","protected":false},"excerpt":{"rendered":"<p>Intuito do evento \u00e9 oferecer atra\u00e7\u00f5es musicais, culturais, esportivas e gastron\u00f4micas para a popula\u00e7\u00e3o e visitantes A Prefeitura de Guararema est\u00e1 finalizando os \u00faltimos preparativos para o 1\u00ba Festival de Ver\u00e3o de Guararema 2023, que se encontra na sua primeira edi\u00e7\u00e3o e que vai ter in\u00edcio neste s\u00e1bado (21) com a super atra\u00e7\u00e3o que \u00e9 [&hellip;]<\/p>\n","protected":false},"author":1,"featured_media":5638,"comment_status":"open","ping_status":"open","sticky":false,"template":"","format":"standard","meta":{"footnotes":""},"categories":[8],"tags":[],"class_list":{"0":"post-5637","1":"post","2":"type-post","3":"status-publish","4":"format-standard","5":"has-post-thumbnail","7":"category-guararema"},"_links":{"self":[{"href":"https:\/\/jm-metropole.com.br\/site\/wp-json\/wp\/v2\/posts\/5637","targetHints":{"allow":["GET"]}}],"collection":[{"href":"https:\/\/jm-metropole.com.br\/site\/wp-json\/wp\/v2\/posts"}],"about":[{"href":"https:\/\/jm-metropole.com.br\/site\/wp-json\/wp\/v2\/types\/post"}],"author":[{"embeddable":true,"href":"https:\/\/jm-metropole.com.br\/site\/wp-json\/wp\/v2\/users\/1"}],"replies":[{"embeddable":true,"href":"https:\/\/jm-metropole.com.br\/site\/wp-json\/wp\/v2\/comments?post=5637"}],"version-history":[{"count":1,"href":"https:\/\/jm-metropole.com.br\/site\/wp-json\/wp\/v2\/posts\/5637\/revisions"}],"predecessor-version":[{"id":5639,"href":"https:\/\/jm-metropole.com.br\/site\/wp-json\/wp\/v2\/posts\/5637\/revisions\/5639"}],"wp:featuredmedia":[{"embeddable":true,"href":"https:\/\/jm-metropole.com.br\/site\/wp-json\/wp\/v2\/media\/5638"}],"wp:attachment":[{"href":"https:\/\/jm-metropole.com.br\/site\/wp-json\/wp\/v2\/media?parent=5637"}],"wp:term":[{"taxonomy":"category","embeddable":true,"href":"https:\/\/jm-metropole.com.br\/site\/wp-json\/wp\/v2\/categories?post=5637"},{"taxonomy":"post_tag","embeddable":true,"href":"https:\/\/jm-metropole.com.br\/site\/wp-json\/wp\/v2\/tags?post=5637"}],"curies":[{"name":"wp","href":"https:\/\/api.w.org\/{rel}","templated":true}]}}