{"id":5326,"date":"2022-12-29T07:58:25","date_gmt":"2022-12-29T10:58:25","guid":{"rendered":"https:\/\/jm-metropole.com.br\/site\/?p=5326"},"modified":"2022-12-29T07:58:25","modified_gmt":"2022-12-29T10:58:25","slug":"escolas-municipais-receberao-inscricoes-por-deslocamento-de-2-a-6-de-janeiro","status":"publish","type":"post","link":"https:\/\/jm-metropole.com.br\/site\/escolas-municipais-receberao-inscricoes-por-deslocamento-de-2-a-6-de-janeiro\/","title":{"rendered":"Escolas municipais receber\u00e3o inscri\u00e7\u00f5es por deslocamento de 2 a 6 de janeiro"},"content":{"rendered":"<p>De 2 a 6 de janeiro, pais e respons\u00e1veis de alunos matriculados na rede municipal de ensino para o ano letivo de 2023 poder\u00e3o fazer a inscri\u00e7\u00e3o por deslocamento. Esta etapa \u00e9 destinada aos estudantes do ensino fundamental (integral e parcial) e educa\u00e7\u00e3o infantil em per\u00edodo parcial, que mudaram de endere\u00e7o ou tenham interesse em se transferir de escola.<\/p>\n<p>Os interessados podem fazer a inscri\u00e7\u00e3o presencialmente na escola de seu interesse. O atendimento ser\u00e1 feito de acordo com a disponibilidade de vagas e caso a solicita\u00e7\u00e3o seja atendida, os pais ou respons\u00e1veis ser\u00e3o comunicados pela unidade escolar.<\/p>\n<p><strong>Inscri\u00e7\u00f5es fora da rede<\/strong><br \/>\nPara os estudantes fora da rede p\u00fablica, as inscri\u00e7\u00f5es para estudar na rede municipal de ensino est\u00e3o abertas. Pais e respons\u00e1veis podem inscrever alunos da educa\u00e7\u00e3o infantil per\u00edodo parcial, ensino fundamental (parcial e integral) e Educa\u00e7\u00e3o de Jovens e Adultos (EJA) para jovens a partir dos 15 anos completos.<\/p>\n<p>Neste caso \u00e9 poss\u00edvel fazer a inscri\u00e7\u00e3o presencial ou pela internet (aplicativo Educa + Mogi e no site http:\/\/www.se-pmmc.com.br\/educamaismogi\/). Os documentos necess\u00e1rios s\u00e3o RG\/CPF do aluno, comprovante de endere\u00e7o e RG e CPF do pai, m\u00e3e ou respons\u00e1vel.<\/p>\n<p>Mais informa\u00e7\u00f5es pelos telefones 4798-6352\/4798-5610 ou pelo e-mail pdo@se-pmmc.com.br<\/p>\n","protected":false},"excerpt":{"rendered":"<p>De 2 a 6 de janeiro, pais e respons\u00e1veis de alunos matriculados na rede municipal de ensino para o ano letivo de 2023 poder\u00e3o fazer a inscri\u00e7\u00e3o por deslocamento. Esta etapa \u00e9 destinada aos estudantes do ensino fundamental (integral e parcial) e educa\u00e7\u00e3o infantil em per\u00edodo parcial, que mudaram de endere\u00e7o ou tenham interesse em [&hellip;]<\/p>\n","protected":false},"author":1,"featured_media":5327,"comment_status":"open","ping_status":"open","sticky":false,"template":"","format":"standard","meta":{"footnotes":""},"categories":[10],"tags":[],"class_list":{"0":"post-5326","1":"post","2":"type-post","3":"status-publish","4":"format-standard","5":"has-post-thumbnail","7":"category-mogi-das-cruzes"},"_links":{"self":[{"href":"https:\/\/jm-metropole.com.br\/site\/wp-json\/wp\/v2\/posts\/5326","targetHints":{"allow":["GET"]}}],"collection":[{"href":"https:\/\/jm-metropole.com.br\/site\/wp-json\/wp\/v2\/posts"}],"about":[{"href":"https:\/\/jm-metropole.com.br\/site\/wp-json\/wp\/v2\/types\/post"}],"author":[{"embeddable":true,"href":"https:\/\/jm-metropole.com.br\/site\/wp-json\/wp\/v2\/users\/1"}],"replies":[{"embeddable":true,"href":"https:\/\/jm-metropole.com.br\/site\/wp-json\/wp\/v2\/comments?post=5326"}],"version-history":[{"count":1,"href":"https:\/\/jm-metropole.com.br\/site\/wp-json\/wp\/v2\/posts\/5326\/revisions"}],"predecessor-version":[{"id":5328,"href":"https:\/\/jm-metropole.com.br\/site\/wp-json\/wp\/v2\/posts\/5326\/revisions\/5328"}],"wp:featuredmedia":[{"embeddable":true,"href":"https:\/\/jm-metropole.com.br\/site\/wp-json\/wp\/v2\/media\/5327"}],"wp:attachment":[{"href":"https:\/\/jm-metropole.com.br\/site\/wp-json\/wp\/v2\/media?parent=5326"}],"wp:term":[{"taxonomy":"category","embeddable":true,"href":"https:\/\/jm-metropole.com.br\/site\/wp-json\/wp\/v2\/categories?post=5326"},{"taxonomy":"post_tag","embeddable":true,"href":"https:\/\/jm-metropole.com.br\/site\/wp-json\/wp\/v2\/tags?post=5326"}],"curies":[{"name":"wp","href":"https:\/\/api.w.org\/{rel}","templated":true}]}}