{"id":5249,"date":"2022-12-26T06:51:03","date_gmt":"2022-12-26T09:51:03","guid":{"rendered":"https:\/\/jm-metropole.com.br\/site\/?p=5249"},"modified":"2022-12-26T06:51:03","modified_gmt":"2022-12-26T09:51:03","slug":"rodizio-de-carros-e-suspenso-em-sao-paulo","status":"publish","type":"post","link":"https:\/\/jm-metropole.com.br\/site\/rodizio-de-carros-e-suspenso-em-sao-paulo\/","title":{"rendered":"Rod\u00edzio de carros \u00e9 suspenso em S\u00e3o Paulo"},"content":{"rendered":"<p>A Prefeitura de S\u00e3o Paulo suspendeu o rod\u00edzio de carros a partir desta segunda-feira (26) at\u00e9 o dia 6 de janeiro. A medida acontece pelo baixo fluxo de ve\u00edculos nos \u00faltimos dias do m\u00eas de dezembro e in\u00edcio do pr\u00f3ximo m\u00eas, al\u00e9m das f\u00e9rias escolares.<\/p>\n<p>Para ve\u00edculos pesados, como caminh\u00f5es e \u00f4nibus, o rod\u00edzio continua valendo, de acordo com a Companhia de Engenharia de Tr\u00e1fego (CET).<\/p>\n<p>O rod\u00edzio municipal para ve\u00edculos volta a vigorar a partir de 9 de janeiro. Vale lembrar que as restri\u00e7\u00f5es de circula\u00e7\u00e3o de ve\u00edculos de passeio s\u00e3o no Anel Vi\u00e1rio da Cidade nos per\u00edodos da manh\u00e3, das 7h \u00e0s 10h, e da tarde, das 17h \u00e0s 20h.<\/p>\n<p>Durante o rod\u00edzio, os ve\u00edculos ficam impedidos de circular no Centro Expandido, incluindo as vias que delimitam o chamado Minianel Vi\u00e1rio, formado pelas marginais Tiet\u00ea e Pinheiros, avenidas dos Bandeirantes e Afonso D&#8217;Escragnole Taunay, Complexo Vi\u00e1rio Maria Maluf, avenidas Tancredo Neves e Juntas Provis\u00f3rias, viaduto Grande S\u00e3o Paulo e avenidas Professor Lu\u00eds In\u00e1cio de Anhaia Melo e Salim Farah Maluf.<\/p>\n<p>De acordo com a prefeitura, o rod\u00edzio volta a vigorar no dia 9 de janeiro de 2023. Vale destacar que a restri\u00e7\u00f5es continuam para caminh\u00f5es e \u00f4nibus<\/p>\n","protected":false},"excerpt":{"rendered":"<p>A Prefeitura de S\u00e3o Paulo suspendeu o rod\u00edzio de carros a partir desta segunda-feira (26) at\u00e9 o dia 6 de janeiro. A medida acontece pelo baixo fluxo de ve\u00edculos nos \u00faltimos dias do m\u00eas de dezembro e in\u00edcio do pr\u00f3ximo m\u00eas, al\u00e9m das f\u00e9rias escolares. Para ve\u00edculos pesados, como caminh\u00f5es e \u00f4nibus, o rod\u00edzio continua [&hellip;]<\/p>\n","protected":false},"author":1,"featured_media":5250,"comment_status":"open","ping_status":"open","sticky":false,"template":"","format":"standard","meta":{"footnotes":""},"categories":[1],"tags":[],"class_list":{"0":"post-5249","1":"post","2":"type-post","3":"status-publish","4":"format-standard","5":"has-post-thumbnail","7":"category-tudo"},"_links":{"self":[{"href":"https:\/\/jm-metropole.com.br\/site\/wp-json\/wp\/v2\/posts\/5249","targetHints":{"allow":["GET"]}}],"collection":[{"href":"https:\/\/jm-metropole.com.br\/site\/wp-json\/wp\/v2\/posts"}],"about":[{"href":"https:\/\/jm-metropole.com.br\/site\/wp-json\/wp\/v2\/types\/post"}],"author":[{"embeddable":true,"href":"https:\/\/jm-metropole.com.br\/site\/wp-json\/wp\/v2\/users\/1"}],"replies":[{"embeddable":true,"href":"https:\/\/jm-metropole.com.br\/site\/wp-json\/wp\/v2\/comments?post=5249"}],"version-history":[{"count":1,"href":"https:\/\/jm-metropole.com.br\/site\/wp-json\/wp\/v2\/posts\/5249\/revisions"}],"predecessor-version":[{"id":5251,"href":"https:\/\/jm-metropole.com.br\/site\/wp-json\/wp\/v2\/posts\/5249\/revisions\/5251"}],"wp:featuredmedia":[{"embeddable":true,"href":"https:\/\/jm-metropole.com.br\/site\/wp-json\/wp\/v2\/media\/5250"}],"wp:attachment":[{"href":"https:\/\/jm-metropole.com.br\/site\/wp-json\/wp\/v2\/media?parent=5249"}],"wp:term":[{"taxonomy":"category","embeddable":true,"href":"https:\/\/jm-metropole.com.br\/site\/wp-json\/wp\/v2\/categories?post=5249"},{"taxonomy":"post_tag","embeddable":true,"href":"https:\/\/jm-metropole.com.br\/site\/wp-json\/wp\/v2\/tags?post=5249"}],"curies":[{"name":"wp","href":"https:\/\/api.w.org\/{rel}","templated":true}]}}