{"id":5240,"date":"2022-12-23T04:13:49","date_gmt":"2022-12-23T07:13:49","guid":{"rendered":"https:\/\/jm-metropole.com.br\/site\/?p=5240"},"modified":"2022-12-23T04:13:49","modified_gmt":"2022-12-23T07:13:49","slug":"guararema-cidade-natal-mantem-programacao-para-este-final-semana-servicos-essenciais-tambem-vao-funcionar","status":"publish","type":"post","link":"https:\/\/jm-metropole.com.br\/site\/guararema-cidade-natal-mantem-programacao-para-este-final-semana-servicos-essenciais-tambem-vao-funcionar\/","title":{"rendered":"Guararema Cidade Natal mant\u00e9m programa\u00e7\u00e3o para este final semana; servi\u00e7os essenciais tamb\u00e9m v\u00e3o funcionar"},"content":{"rendered":"<p>Atra\u00e7\u00f5es do Guararema Cidade Natal ser\u00e3o mantidas para este final de semana<\/p>\n<p>As atra\u00e7\u00f5es do Guararema Cidade Natal ser\u00e3o mantidas para este final de semana (24 e 25 de dezembro), assim como os servi\u00e7os essenciais de Guararema.<\/p>\n<p>A Casa do Papai Noel estar\u00e1 dispon\u00edvel para visita\u00e7\u00e3o com a presen\u00e7a do Papai Noel e Noeletes at\u00e9 sexta-feira (23), das 14 \u00e0s 18 horas e das 19 \u00e0s 23 horas.<\/p>\n<p>Nesta quinta-feira (22), ter\u00e1 Ballet Iluminado \u00e0s 20 e 21 horas na Pra\u00e7a 9 de Julho. No fim de semana de Natal, as proje\u00e7\u00f5es mapeadas tamb\u00e9m na Igreja Matriz tamb\u00e9m est\u00e3o mantidas em hor\u00e1rios diferentes, no dia 24, \u00e0s 19, 21 e 22 horas e no dia 25 \u00e0s 19 horas, 20h30, 21, 22, 23 horas, meia-noite e 01 horas.<\/p>\n<p>A Exposi\u00e7\u00e3o de Pres\u00e9pios na Casa da Mem\u00f3ria estar\u00e1 fechada no dia 24. No dia 25, estar\u00e1 aberta das 18h \u00e0s 00h. O Espa\u00e7o Gourmet no Estacionamento do Pau D\u2019Alho tamb\u00e9m seguir\u00e1 aberto durante o fim de semana.<\/p>\n<p>Os servi\u00e7os p\u00fablicos municipais, como o atendimento no Pa\u00e7o Municipal e nas Secretarias, ter\u00e3o recesso a partir desta sexta-feira (23) e voltam a funcionar na segunda-feira (26). O funcionamento de diversos servi\u00e7os essenciais est\u00e1 mantido. A Coleta Comum de lixo permanecer\u00e1 da mesma forma, sem altera\u00e7\u00f5es no cronograma estipulado. O mesmo acontece com a Coleta Seletiva de recicl\u00e1veis. O vel\u00f3rio e cemit\u00e9rio mant\u00eam funcionamento normal.<\/p>\n<p>Em rela\u00e7\u00e3o aos servi\u00e7os de urg\u00eancia, como Samu e bombeiros, mesmo funcionamento de convencionais, sendo o contato realizado pelos telefones 192 e 193, respectivamente. O atendimento m\u00e9dico poder\u00e1 ser realizado na Santa Casa de Guararema, na Pra\u00e7a Dr. Botelho Egas, 11 \u2013 Centro. As Unidades B\u00e1sicas de Sa\u00fade retomam suas atividades na segunda-feira (26).<\/p>\n<p>A rela\u00e7\u00e3o completa do hor\u00e1rio de funcionamento dos atrativos do Guararema Cidade Natal est\u00e3o dispon\u00edveis tamb\u00e9m no site da Prefeitura de Guararema (guararema.sp.gov.br).<\/p>\n","protected":false},"excerpt":{"rendered":"<p>Atra\u00e7\u00f5es do Guararema Cidade Natal ser\u00e3o mantidas para este final de semana As atra\u00e7\u00f5es do Guararema Cidade Natal ser\u00e3o mantidas para este final de semana (24 e 25 de dezembro), assim como os servi\u00e7os essenciais de Guararema. A Casa do Papai Noel estar\u00e1 dispon\u00edvel para visita\u00e7\u00e3o com a presen\u00e7a do Papai Noel e Noeletes at\u00e9 [&hellip;]<\/p>\n","protected":false},"author":1,"featured_media":5241,"comment_status":"open","ping_status":"open","sticky":false,"template":"","format":"standard","meta":{"footnotes":""},"categories":[8],"tags":[],"class_list":{"0":"post-5240","1":"post","2":"type-post","3":"status-publish","4":"format-standard","5":"has-post-thumbnail","7":"category-guararema"},"_links":{"self":[{"href":"https:\/\/jm-metropole.com.br\/site\/wp-json\/wp\/v2\/posts\/5240","targetHints":{"allow":["GET"]}}],"collection":[{"href":"https:\/\/jm-metropole.com.br\/site\/wp-json\/wp\/v2\/posts"}],"about":[{"href":"https:\/\/jm-metropole.com.br\/site\/wp-json\/wp\/v2\/types\/post"}],"author":[{"embeddable":true,"href":"https:\/\/jm-metropole.com.br\/site\/wp-json\/wp\/v2\/users\/1"}],"replies":[{"embeddable":true,"href":"https:\/\/jm-metropole.com.br\/site\/wp-json\/wp\/v2\/comments?post=5240"}],"version-history":[{"count":1,"href":"https:\/\/jm-metropole.com.br\/site\/wp-json\/wp\/v2\/posts\/5240\/revisions"}],"predecessor-version":[{"id":5242,"href":"https:\/\/jm-metropole.com.br\/site\/wp-json\/wp\/v2\/posts\/5240\/revisions\/5242"}],"wp:featuredmedia":[{"embeddable":true,"href":"https:\/\/jm-metropole.com.br\/site\/wp-json\/wp\/v2\/media\/5241"}],"wp:attachment":[{"href":"https:\/\/jm-metropole.com.br\/site\/wp-json\/wp\/v2\/media?parent=5240"}],"wp:term":[{"taxonomy":"category","embeddable":true,"href":"https:\/\/jm-metropole.com.br\/site\/wp-json\/wp\/v2\/categories?post=5240"},{"taxonomy":"post_tag","embeddable":true,"href":"https:\/\/jm-metropole.com.br\/site\/wp-json\/wp\/v2\/tags?post=5240"}],"curies":[{"name":"wp","href":"https:\/\/api.w.org\/{rel}","templated":true}]}}