{"id":5178,"date":"2022-12-21T06:59:47","date_gmt":"2022-12-21T09:59:47","guid":{"rendered":"https:\/\/jm-metropole.com.br\/site\/?p=5178"},"modified":"2022-12-21T06:59:47","modified_gmt":"2022-12-21T09:59:47","slug":"prefeito-caio-cunha-apresenta-balanco-do-segundo-ano-de-gestao","status":"publish","type":"post","link":"https:\/\/jm-metropole.com.br\/site\/prefeito-caio-cunha-apresenta-balanco-do-segundo-ano-de-gestao\/","title":{"rendered":"Prefeito Caio Cunha apresenta balan\u00e7o do segundo ano de gest\u00e3o"},"content":{"rendered":"<div class=\"col-sm-8 col-md-9 col-lg-9\">\n<div id=\"conteudo\" class=\"conteudo\">\n<p>O prefeito Caio Cunha e a vice-prefeita Priscila Yamagami K\u00e4hler apresentaram na manh\u00e3 desta ter\u00e7a-feira (20\/12) o balan\u00e7o das a\u00e7\u00f5es desenvolvidas pela gest\u00e3o municipal neste ano. A entrevista coletiva abordou os destaques em diferentes \u00e1reas, como o Desenvolvimento Econ\u00f4mico, Educa\u00e7\u00e3o, Seguran\u00e7a e a Sa\u00fade, entre outras. \u00a0A reestrutura\u00e7\u00e3o e amplia\u00e7\u00e3o do atendimento no sistema de sa\u00fade municipal e a lideran\u00e7a na gera\u00e7\u00e3o de empregos foram alguns dos pontos altos.<\/p>\n<p>\u201cEstamos planejando a cidade para o futuro, n\u00e3o \u00e9 um projeto de gest\u00e3o e sim, de cidade. Nestes dois anos, est\u00e1vamos em um processo de reorganiza\u00e7\u00e3o devido \u00e0 pandemia. Olhamos para o balan\u00e7o deste ano e vemos que estamos no caminho certo, planejando e preparando a cidade, tomando decis\u00f5es com base na an\u00e1lise de dados e na voz dos mogianos, para os pr\u00f3ximos anos\u201d, disse o prefeito.<\/p>\n<p>A forma\u00e7\u00e3o dos servidores foi destacada pela vice-prefeita. \u201cAtingimos neste ano um recorde de forma\u00e7\u00e3o na Escola de Governo e Gest\u00e3o. Um dos temas que estamos levando \u00e0s secretarias \u00e9 o Esp\u00edrito Servidor, sobre a raz\u00e3o do nosso trabalho para a popula\u00e7\u00e3o\u201d, contou. Neste ano, 2.438 servidores foram formados pela Escola de Governo e Gest\u00e3o e 22 servidores foram formadores de seus colegas, um trabalho in\u00e9dito na gest\u00e3o.<\/p>\n<p><strong>Desenvolvimento e Inova\u00e7\u00e3o<\/strong><\/p>\n<p>Na \u00e1rea da economia, a cidade assumiu, ap\u00f3s oito anos, a lideran\u00e7a na gera\u00e7\u00e3o de empregos. Em 2022, foram 7.455 novas vagas, superando o n\u00famero de 2021 que foi de 4.501 novas vagas. Em dois anos foram criadas 11.956 vagas. Em setembro de 2021, a cidade alcan\u00e7ou a marca hist\u00f3rica de 40 mil empresas instaladas na cidade.<\/p>\n<p>Este cen\u00e1rio positivo se deve \u00e0 mudan\u00e7a na estrat\u00e9gia da Prefeitura no relacionamento com as empresas. \u201cSomos um facilitador. Quanto mais possibilidade de desenvolvimento das empresas, maior ser\u00e1 a renda da cidade e a gera\u00e7\u00e3o de empregos\u201d, disse Cunha. O or\u00e7amento da cidade que era de R$ 1,4 bilh\u00e3o em 2016 e R$ 1,8 bilh\u00e3o em 2020, passou para R$ 2,57 bilh\u00f5es previstos para 2023.<\/p>\n<p>Ap\u00f3s 11 anos, a Prefeitura emitiu 109 novas licen\u00e7as de empreendedores de rua do munic\u00edpio, que passaram por capacita\u00e7\u00e3o. Al\u00e9m dos empreendedores, o prefeito tamb\u00e9m destacou o incentivo da cidade \u00e0s empresas de tecnologia, com a redu\u00e7\u00e3o de 2% no ISS para o setor. O Polo Digital vir\u00e1 para a regi\u00e3o central da cidade com a forma\u00e7\u00e3o de um corredor tecnol\u00f3gico perto da Vila H\u00e9lio e um hub de inova\u00e7\u00e3o, o PIPA \u2013 Programa de Inova\u00e7\u00e3o de Projetos Avan\u00e7ado, no pr\u00e9dio da Rua Francisco Franco.<\/p>\n<p><strong>Educa\u00e7\u00e3o<\/strong><\/p>\n<p>Neste ano foram contratados, por meio do concurso p\u00fablico, 475 profissionais da Educa\u00e7\u00e3o, sendo 257 professores e 113 professores contratados pelo Processo Seletivo Simplificado (PSS) para sanar o d\u00e9ficit de professores do in\u00edcio deste ano. Foi entregue em 2022 novos kits de material escolar com melhor qualidade e mais itens de acordo com a faixa et\u00e1ria dos alunos. Os kits de uniformes ganharam novos itens, que n\u00e3o foram entregues neste ano devido a problemas com fornecedor, mas ser\u00e3o entregues em 2023.<\/p>\n<p>O prefeito destacou a parceria com a Finl\u00e2ndia, que neste ano ter\u00e1 a forma\u00e7\u00e3o dos professores para uma nova metodologia de ensino. No per\u00edodo integral tamb\u00e9m ter\u00e1 mudan\u00e7as com a parceria do ICE, que iniciar\u00e1 um projeto piloto em tr\u00eas escolas. A escola Viva Jundiapeba iniciar\u00e1 suas atividades em 2024. No pr\u00f3ximo ano, ser\u00e1 apresentado o projeto da Escola Viva Botujuru, que ser\u00e1 constru\u00edda em um novo m\u00e9todo construtivo e mais r\u00e1pido.<\/p>\n<p>A conectividade nas escolas e o aumento na subven\u00e7\u00e3o das creches tamb\u00e9m foram destaques da entrevista. \u201cAl\u00e9m do aumento do repasse, foi elaborado um novo plano de trabalho e um Fundo de Reserva, resultado de um esfor\u00e7o conjunto entre as entidades e a Secretaria de Educa\u00e7\u00e3o\u201d, contou o prefeito. Neste ano, a Prefeitura tamb\u00e9m ampliou o investimento na agricultura familiar, com mais produtos na merenda escolar, como a introdu\u00e7\u00e3o do shimeji.<\/p>\n<p><strong>Sa\u00fade<\/strong><\/p>\n<p>Durante a coletiva, o prefeito confirmou a inaugura\u00e7\u00e3o do Pronto Atendimento Infantil Vagalume para a segunda quinzena de janeiro. A nova unidade deve reunir um conceito diferenciado de aten\u00e7\u00e3o ao p\u00fablico infantil, com aumento da capacidade e instala\u00e7\u00f5es mais amplas.<\/p>\n<p>Outro destaque da Sa\u00fade s\u00e3o a\u00e7\u00f5es de reorganiza\u00e7\u00e3o do sistema visando ampliar a resolutividade no per\u00edodo p\u00f3s-pandemia. Jundiapeba, por exemplo, ganhou uma triangula\u00e7\u00e3o importante com a implanta\u00e7\u00e3o da nova unidade da Estrat\u00e9gia Sa\u00fade da Fam\u00edlia.<\/p>\n<p>A Vila Nova Uni\u00e3o tamb\u00e9m foi contemplada, neste ano, e j\u00e1 conta com atendimento domiciliar e demais servi\u00e7os do programa. \u201cCom as novas unidades, Mogi come\u00e7a a equalizar o sistema de sa\u00fade: em Jundiapeba foi poss\u00edvel realizar mais 16 mil atendimentos por m\u00eas; na Vila Nova Uni\u00e3o mais 4 mil mensais e no Santa Tereza mais 2 mil por m\u00eas\u201d, explica o prefeito. O Posto de Sa\u00fade Jardim Santa Tereza recebeu ampla reforma e revitaliza\u00e7\u00e3o e o pr\u00f3ximo Posto de Sa\u00fade ampliado ser\u00e1 a UBS Botujuru, com obras em andamento.<\/p>\n<p>Pelo segundo ano, a Campanha de Vacina\u00e7\u00e3o contra a Covid-19 seguiu exitosa gra\u00e7as ao CliqueVacina, tornando-se refer\u00eancia para outros munic\u00edpios. No total, o munic\u00edpio aplicou 1.191.356 doses entre primeira, segunda, doses adicionais e de refor\u00e7o.<\/p>\n<p>O retorno do atendimento pedi\u00e1trico no Hospital Municipal tamb\u00e9m foi apresentado no balan\u00e7o anual, ao lado de outros servi\u00e7os prestados como consultas de especialidades, exames diagn\u00f3sticos cirurgias eletivas e interna\u00e7\u00f5es. De maio a novembro, foram realizados 145.281 procedimentos.<\/p>\n<p>O pr\u00f3ximo passo, conforme destacado, ser\u00e1 a implanta\u00e7\u00e3o da Maternidade Municipal e o Complexo de Sa\u00fade da Mulher e Primeira Inf\u00e2ncia, com entrega prevista para o segundo semestre do pr\u00f3ximo ano. Os servi\u00e7os complementam o atendimento iniciado no Novo Pr\u00f3-Mulher, em funcionamento desde o \u00faltimo m\u00eas de junho.<\/p>\n<p>Para a estrutura do CIAS, no bairro do Rodeio, a Secretaria Municipal est\u00e1 estudando uma parceria com as universidades. J\u00e1 o CAPS Infantil dever\u00e1 abrigar o espa\u00e7o nos primeiros meses de 2023.<\/p>\n<p><strong>Assist\u00eancia Social<\/strong><\/p>\n<p>Entre os destaques est\u00e3o alguns dos principais programas da pasta, como o Quitanda Social que atende 1.180 fam\u00edlias a cada 15 dias, em 12 pontos distintos da cidade com a distribui\u00e7\u00e3o de kits de produtos frescos. O Programa Prospera Fam\u00edlia ir\u00e1 atender 1.040 pessoas (fam\u00edlias monoparentais) com renda mensal de R$ 130,00 mais duas parcelas que somam R$ 2 mil ap\u00f3s o t\u00e9rmino do programa.<\/p>\n<p>O prefeito tamb\u00e9m falou sobre as obras de reforma da Vila Dignidade. \u201cPela primeira vez as 22 casas passam por obras de melhoria, com recursos de R$ 414.348,24.<\/p>\n<p>Inaugurado neste ano, o Bom Prato de Jundiapeba \u00e9 a segunda unidade do munic\u00edpio e possui capacidade de fornecer 1.100 refei\u00e7\u00f5es di\u00e1rias (300 caf\u00e9s da manh\u00e3 e 800 almo\u00e7os). O investimento \u00e9 de R$ 2,3 milh\u00f5es.<\/p>\n<p>Pelo 2\u00ba ano consecutivo, o Gin\u00e1sio Municipal abrigou pessoas em situa\u00e7\u00e3o de rua, para pernoite, nos per\u00edodos de inverno mais rigoroso. As vagas foram ampliadas de 30 para 40. Al\u00e9m disso, a Assist\u00eancia Social est\u00e1 implantando novos acolhimentos, um deles at\u00e9 ent\u00e3o in\u00e9ditos na cidade, para jovens que completam a maioridade em abrigos e n\u00e3o t\u00eam destino garantido.<\/p>\n<p>O novo servi\u00e7o de Conviv\u00eancia e Fortalecimento de V\u00ednculos para a pessoa idosa, com meta de 120 vagas, distribu\u00eddas por quatro n\u00facleos deve complementar servi\u00e7os como o futuro Acolhimento Institucional para Pessoas Idosas, na modalidade de Institui\u00e7\u00e3o de Longa Perman\u00eancia para Idosos, que ter\u00e1 capacidade para at\u00e9 12 pessoas com 60 anos ou mais e Grau III de depend\u00eancia.<\/p>\n<p>Haver\u00e1, ainda, uma unidade de acolhimento para pessoas do sexo masculino em situa\u00e7\u00e3o de rua com no m\u00ednimo 60 anos, com 30 vagas.<\/p>\n<p><strong>Seguran\u00e7a<\/strong><\/p>\n<p>A Secretaria de Seguran\u00e7a vai implantar totens de seguran\u00e7a em pontos estrat\u00e9gicos do munic\u00edpio &#8211; s\u00e3o equipamentos que fazem o monitoramento nos arredores (360\u00b0) e permitem ao cidad\u00e3o acionar a Central de Monitoramento pelo totem, em contato direto com os operadores da Guarda Municipal. Os 10 primeiros equipamentos devem ser instalados no come\u00e7o de 2023.<\/p>\n<p>Outros destaques s\u00e3o nova Central de Monitoramento, que atua para melhoria da mobilidade urbana e seguran\u00e7a, a integra\u00e7\u00e3o de c\u00e2meras de monitoramento, assim como\u00a0a parceria que permite integra\u00e7\u00e3o com monitoramentos da rede privada.<\/p>\n<p>H\u00e1, ainda, 32 novos guardas municipais em in\u00edcio de treinamento e a Atividade Delegada, conv\u00eanio que amplia o trabalho de seguran\u00e7a em Mogi das Cruzes. Novos ve\u00edculos refor\u00e7am as frotas da Patrulha Rural e da Defesa Civil. Al\u00e9m disso, 2022 mostrou avan\u00e7os com a queda nos indicadores de viol\u00eancia. &#8220;Nossa Guarda Municipal \u00e9 uma for\u00e7a complementar de seguran\u00e7a, que d\u00e1 apoio ao Estado e atua diretamente com nossa popula\u00e7\u00e3o. O refor\u00e7o no efetivo e o uso da tecnologia s\u00e3o medidas importantes para a preven\u00e7\u00e3o \u00e0 criminalidade&#8221;, pontuou o prefeito.<\/p>\n<p><strong>Infraestrutura<\/strong><\/p>\n<p>O balan\u00e7o tamb\u00e9m abordou o \u201cNova Mogi\u201d, maior programa de recapeamento e pavimenta\u00e7\u00e3o j\u00e1 lan\u00e7ado pela Prefeitura. O investimento \u00e9 de R$ 205,9 milh\u00f5es e mais de 150 vias ser\u00e3o contempladas, sendo 70% delas nos bairros. A Prefeitura investiu R$ 37 milh\u00f5es na conclus\u00e3o da obra do esgotamento do Botujuru. Nesta \u00e1rea, ser\u00e1 ampliada a Esta\u00e7\u00e3o de Tratamento de Esgoto (ETE), que receber\u00e1 investimento de R$ 32.637.774,45. A capacidade vai passar de 142 para 460 litros de esgoto por segundo. O Parque das Varinhas receber\u00e1 obras de coleta e tratamento de esgoto. Ser\u00e3o investidos R$ 11,8 milh\u00f5es, beneficiando quase 3 mil moradores.<\/p>\n<p>Em apenas dois anos, a gest\u00e3o atingiu a marca de 60% do total de regulariza\u00e7\u00f5es fundi\u00e1rias feitas nos \u00faltimos 14 anos. \u201cS\u00e3o obras que n\u00e3o aparecem mas fazem parte do nosso compromisso com a cidade, em dar dignidade a todos\u201d, disse o prefeito. Al\u00e9m da regulariza\u00e7\u00e3o, o \u201cMogi Meu Lar\u201d, maior programa habitacional da cidade, tamb\u00e9m possibilitou o novo cadastro municipal de habita\u00e7\u00e3o.<\/p>\n<p><strong>Primeira Inf\u00e2ncia<\/strong><\/p>\n<p>O programa &#8216;Mogi, Cidade da Crian\u00e7a \u2013 Primeira Inf\u00e2ncia&#8217; foi lan\u00e7ado em novembro. \u00c9 uma pol\u00edtica p\u00fablica intersetorial com foco no desenvolvimento de uma cidade amig\u00e1vel \u00e0 inf\u00e2ncia e \u00e0 Primeira Inf\u00e2ncia, prioridade da gest\u00e3o. Mogi \u00e9 parceria da Funda\u00e7\u00e3o Bernard Van Leer, institui\u00e7\u00e3o holandesa, respons\u00e1vel pela Urban95, iniciativa internacional que no Brasil re\u00fane 23 cidades brasileiras com foco na Primeira Inf\u00e2ncia.<\/p>\n<p>Est\u00e3o em andamento, como os Espa\u00e7os de Brincar e a elabora\u00e7\u00e3o do Plano Municipal da Primeira Inf\u00e2ncia (PMPI). Em janeiro ser\u00e1 inaugurado o primeiro Parque Naturalizado da cidade no Jardim Aeroporto. Ser\u00e3o entregues 10 parques em 2023.<\/p>\n<p>A vice-prefeita Priscila Yamagami K\u00e4hler falou sobre o olhar da cidade para a primeira inf\u00e2ncia. \u201cTodos podem ser educadores e em diferentes espa\u00e7os da cidade, o que chamamos de desemperadamento da inf\u00e2ncia. Acreditamos tamb\u00e9m em uma educa\u00e7\u00e3o integral focada no projeto de vida e empreendedorismo. Esta uni\u00e3o entre o pedag\u00f3gico e o urban\u00edstico fez a nossa cidade ser refer\u00eancia em Londres\u201d, disse.<\/p>\n<p>&nbsp;<\/p>\n<div class=\"text-center\"><\/div>\n<\/div>\n<\/div>\n","protected":false},"excerpt":{"rendered":"<p>O prefeito Caio Cunha e a vice-prefeita Priscila Yamagami K\u00e4hler apresentaram na manh\u00e3 desta ter\u00e7a-feira (20\/12) o balan\u00e7o das a\u00e7\u00f5es desenvolvidas pela gest\u00e3o municipal neste ano. A entrevista coletiva abordou os destaques em diferentes \u00e1reas, como o Desenvolvimento Econ\u00f4mico, Educa\u00e7\u00e3o, Seguran\u00e7a e a Sa\u00fade, entre outras. \u00a0A reestrutura\u00e7\u00e3o e amplia\u00e7\u00e3o do atendimento no sistema de [&hellip;]<\/p>\n","protected":false},"author":1,"featured_media":5179,"comment_status":"open","ping_status":"open","sticky":false,"template":"","format":"standard","meta":{"footnotes":""},"categories":[10],"tags":[],"class_list":{"0":"post-5178","1":"post","2":"type-post","3":"status-publish","4":"format-standard","5":"has-post-thumbnail","7":"category-mogi-das-cruzes"},"_links":{"self":[{"href":"https:\/\/jm-metropole.com.br\/site\/wp-json\/wp\/v2\/posts\/5178","targetHints":{"allow":["GET"]}}],"collection":[{"href":"https:\/\/jm-metropole.com.br\/site\/wp-json\/wp\/v2\/posts"}],"about":[{"href":"https:\/\/jm-metropole.com.br\/site\/wp-json\/wp\/v2\/types\/post"}],"author":[{"embeddable":true,"href":"https:\/\/jm-metropole.com.br\/site\/wp-json\/wp\/v2\/users\/1"}],"replies":[{"embeddable":true,"href":"https:\/\/jm-metropole.com.br\/site\/wp-json\/wp\/v2\/comments?post=5178"}],"version-history":[{"count":1,"href":"https:\/\/jm-metropole.com.br\/site\/wp-json\/wp\/v2\/posts\/5178\/revisions"}],"predecessor-version":[{"id":5180,"href":"https:\/\/jm-metropole.com.br\/site\/wp-json\/wp\/v2\/posts\/5178\/revisions\/5180"}],"wp:featuredmedia":[{"embeddable":true,"href":"https:\/\/jm-metropole.com.br\/site\/wp-json\/wp\/v2\/media\/5179"}],"wp:attachment":[{"href":"https:\/\/jm-metropole.com.br\/site\/wp-json\/wp\/v2\/media?parent=5178"}],"wp:term":[{"taxonomy":"category","embeddable":true,"href":"https:\/\/jm-metropole.com.br\/site\/wp-json\/wp\/v2\/categories?post=5178"},{"taxonomy":"post_tag","embeddable":true,"href":"https:\/\/jm-metropole.com.br\/site\/wp-json\/wp\/v2\/tags?post=5178"}],"curies":[{"name":"wp","href":"https:\/\/api.w.org\/{rel}","templated":true}]}}