{"id":5119,"date":"2022-12-17T09:22:32","date_gmt":"2022-12-17T12:22:32","guid":{"rendered":"https:\/\/jm-metropole.com.br\/site\/?p=5119"},"modified":"2022-12-17T09:22:32","modified_gmt":"2022-12-17T12:22:32","slug":"programa-social-prospera-familia-e-oficialmente-lancado-na-cidade","status":"publish","type":"post","link":"https:\/\/jm-metropole.com.br\/site\/programa-social-prospera-familia-e-oficialmente-lancado-na-cidade\/","title":{"rendered":"Programa social Prospera Fam\u00edlia \u00e9 oficialmente lan\u00e7ado na cidade"},"content":{"rendered":"<p>O prefeito Caio Cunha, ao lado das equipes da Secretaria Municipal de Assist\u00eancia Social, fez, na tarde desta quinta-feira (15\/12), o lan\u00e7amento oficial do programa Prospera Fam\u00edlia. A iniciativa visa oferecer mentoria, capacita\u00e7\u00e3o, incentivo financeiro e apoio emocional e tem como p\u00fablico-avo fam\u00edlias monoparentais, com renda mensal de at\u00e9 R$ 210,00 per capita, moradoras de Mogi das Cruzes, com pelo menos um filho na primeira inf\u00e2ncia (zero a seis anos). A princ\u00edpio, ser\u00e3o 1.040 fam\u00edlias mogianas beneficiadas.<\/p>\n<p>O programa \u00e9 uma parceria do Governo do Estado de S\u00e3o Paulo com a Prefeitura de Mogi das Cruzes, por meio da Secretaria Municipal de Assist\u00eancia Social, sob a coordena\u00e7\u00e3o do programa Conduz (programa municipal de gera\u00e7\u00e3o de trabalho e renda). A execu\u00e7\u00e3o do programa em Mogi das Cruzes contar\u00e1 com a parceria do Centro Integrado de Estudos e Programas de Desenvolvimento Sustent\u00e1vel \u2013 CIEDS, que foi selecionado mediante chamamento p\u00fablico para essa finalidade, com consequente celebra\u00e7\u00e3o de termo de colabora\u00e7\u00e3o.<\/p>\n<p>Os benefici\u00e1rios do programa participar\u00e3o de um ciclo de forma\u00e7\u00e3o pessoal, em empreendedorismo e gera\u00e7\u00e3o de renda, com objetivo de inclus\u00e3o produtiva e mobilidade social. Receber\u00e3o uma renda mensal de R$ 130,00 durante o per\u00edodo de acompanhamento e duas parcelas que somam R$ 2 mil ap\u00f3s o t\u00e9rmino do programa. O objetivo do benef\u00edcio \u00e9 aquisi\u00e7\u00e3o de bens e equipamentos visando a gera\u00e7\u00e3o de trabalho e renda. Ambos os benef\u00edcios ser\u00e3o liberados via Cart\u00e3o do Povo.<\/p>\n<p>Em Mogi, as oficinas ter\u00e3o in\u00edcio no dia 9 de janeiro e cada encontro ter\u00e1 dura\u00e7\u00e3o de duas horas. A equipe do programa da cidade \u00e9 composta por 13 profissionais, das \u00e1reas da Ci\u00eancia Social, Servi\u00e7o Social, Direito, Psicologia e Pedagogia.<\/p>\n<p>&#8220;A pauta social \u00e9 muito importante para o nosso governo. A cidade que n\u00f3s queremos \u00e9 a que tem o olhar para as pesssoas e para a qualidade de vida dos cidad\u00e3os. Estamos investindo para alcan\u00e7ar o p\u00fablico que mais precisa e dar dignidade para os mogianos&#8221;, disse o prefeito, lembrando que a Assist\u00eancia Social acaba de ter um significativo acr\u00e9scimo em seu or\u00e7amento, para equalizar o atendimento ao aumento da demanda social nos \u00faltimos anos.<\/p>\n<p>A vice-prefeita, Priscila Yamagami, ressaltou a import\u00e2ncia do programa e de seu significado. &#8220;Prosperidade \u00e9 podermos sim ter o bem material, como uma ferramenta que nos possibilita usufruir de todas as possibilidades da vida, alidado a outros pilares, como amor, uni\u00e3o e coopera\u00e7\u00e3o. Desejo que tenhamos um ano de 2023 muito pr\u00f3spero e repleto de possibilidades&#8221;, pontuou.<\/p>\n<p>A secret\u00e1ria municipal de Assist\u00eancia Social, Celeste Gomes, agradeceu ao prefeito e \u00e0 vice-prefeita, bem como todos os parceiros da iniciativa e os benefici\u00e1rios. &#8220;Quero aqui deixar um agradecimento especial a cada um que est\u00e1 aqui hoje. Este \u00e9 um programa voltado prioritariamente para mulheres que cuidam sozinhas da casa, com crian\u00e7as na faixa et\u00e1ria de zero a seis anos. \u00c9, portanto, uma a\u00e7\u00e3o de suma import\u00e2ncia dentro da pol\u00edtica da assist\u00eancia social&#8221;, pontuou.<\/p>\n<p>Como previamente apontado pelas equipes da Secretaria de Assist\u00eancia Social, a perda de renda das fam\u00edlias, sobretudo no trabalho informal, contribuiu para o aumento das vulnerabilidades sociais. O programa, portanto, ser\u00e1 relevante para esse contexto, pois contribui para a potencializa\u00e7\u00e3o de habilidades empreendedoras e incentiva a autonomia e a qualidade de vida das fam\u00edlias.<\/p>\n<p>O programa foi oficialmente criado no ano de 2020 e Mogi das Cruzes fez sua ades\u00e3o neste ano, com base nas informa\u00e7\u00f5es de Cadastro \u00danico para programas sociais.<\/p>\n<p>O lan\u00e7amento do programa Prospera Fam\u00edlia foi realizado no audit\u00f3rio do Centro Municipal de Forma\u00e7\u00e3o Pedag\u00f3gica (Cemforpe) e tamb\u00e9m contou com a participa\u00e7\u00e3o do presidente do Fundo Social de Mogi das Cruzes, M\u00e1rcio Maldonado, do secret\u00e1rio-adjunto de Assist\u00eancia, Tom\u00e1s Andreetta e da coordenadora do programa Conduz, Vera Suzart. Estavam presentes ainda representante da Secretaria de Estado de Desenvolvimento Social de S\u00e3o Paulo, do CIEDS, os vereadores Osvaldo Silva e Maurino Jos\u00e9 da Silva, al\u00e9m das fam\u00edlias contempladas.<\/p>\n<p>&nbsp;<\/p>\n","protected":false},"excerpt":{"rendered":"<p>O prefeito Caio Cunha, ao lado das equipes da Secretaria Municipal de Assist\u00eancia Social, fez, na tarde desta quinta-feira (15\/12), o lan\u00e7amento oficial do programa Prospera Fam\u00edlia. A iniciativa visa oferecer mentoria, capacita\u00e7\u00e3o, incentivo financeiro e apoio emocional e tem como p\u00fablico-avo fam\u00edlias monoparentais, com renda mensal de at\u00e9 R$ 210,00 per capita, moradoras de [&hellip;]<\/p>\n","protected":false},"author":1,"featured_media":5120,"comment_status":"open","ping_status":"open","sticky":false,"template":"","format":"standard","meta":{"footnotes":""},"categories":[10],"tags":[],"class_list":{"0":"post-5119","1":"post","2":"type-post","3":"status-publish","4":"format-standard","5":"has-post-thumbnail","7":"category-mogi-das-cruzes"},"_links":{"self":[{"href":"https:\/\/jm-metropole.com.br\/site\/wp-json\/wp\/v2\/posts\/5119","targetHints":{"allow":["GET"]}}],"collection":[{"href":"https:\/\/jm-metropole.com.br\/site\/wp-json\/wp\/v2\/posts"}],"about":[{"href":"https:\/\/jm-metropole.com.br\/site\/wp-json\/wp\/v2\/types\/post"}],"author":[{"embeddable":true,"href":"https:\/\/jm-metropole.com.br\/site\/wp-json\/wp\/v2\/users\/1"}],"replies":[{"embeddable":true,"href":"https:\/\/jm-metropole.com.br\/site\/wp-json\/wp\/v2\/comments?post=5119"}],"version-history":[{"count":1,"href":"https:\/\/jm-metropole.com.br\/site\/wp-json\/wp\/v2\/posts\/5119\/revisions"}],"predecessor-version":[{"id":5121,"href":"https:\/\/jm-metropole.com.br\/site\/wp-json\/wp\/v2\/posts\/5119\/revisions\/5121"}],"wp:featuredmedia":[{"embeddable":true,"href":"https:\/\/jm-metropole.com.br\/site\/wp-json\/wp\/v2\/media\/5120"}],"wp:attachment":[{"href":"https:\/\/jm-metropole.com.br\/site\/wp-json\/wp\/v2\/media?parent=5119"}],"wp:term":[{"taxonomy":"category","embeddable":true,"href":"https:\/\/jm-metropole.com.br\/site\/wp-json\/wp\/v2\/categories?post=5119"},{"taxonomy":"post_tag","embeddable":true,"href":"https:\/\/jm-metropole.com.br\/site\/wp-json\/wp\/v2\/tags?post=5119"}],"curies":[{"name":"wp","href":"https:\/\/api.w.org\/{rel}","templated":true}]}}