{"id":504,"date":"2022-02-24T19:01:42","date_gmt":"2022-02-24T22:01:42","guid":{"rendered":"https:\/\/jm-metropole.com.br\/site\/?p=504"},"modified":"2022-02-24T19:01:42","modified_gmt":"2022-02-24T22:01:42","slug":"novo-onibus-eletrico-foi-apresentado-e-logo-passara-a-integrar-a-frota-de-transporte","status":"publish","type":"post","link":"https:\/\/jm-metropole.com.br\/site\/novo-onibus-eletrico-foi-apresentado-e-logo-passara-a-integrar-a-frota-de-transporte\/","title":{"rendered":"Novo \u00f4nibus el\u00e9trico foi apresentado e logo passar\u00e1 a integrar a frota de transporte"},"content":{"rendered":"<p>A Prefeitura de Suzano e a Radial Transporte apresentaram na segunda-feira (21\/02) o primeiro \u00f4nibus el\u00e9trico do Alto Tiet\u00ea, que passar\u00e1 a integrar a frota do transporte p\u00fablico municipal. Ele circular\u00e1 em fase de testes a partir dessa semana e, ap\u00f3s posterior avalia\u00e7\u00e3o t\u00e9cnica, o modelo poder\u00e1 substituir parte dos autom\u00f3veis em funcionamento atualmente, reduzindo a emiss\u00e3o de gases poluentes e garantindo mais conforto e comodidade aos passageiros. A solenidade foi aberta a autoridades municipais e \u00e0 imprensa em frente ao Pa\u00e7o Municipal Prefeito Firmino Jos\u00e9 da Costa, onde o novo modelo estava exposto. A apresenta\u00e7\u00e3o sobre suas funcionalidades e particularidades foi feita dentro do pr\u00f3prio \u00f4nibus el\u00e9trico, em uma breve viagem pelas ruas da cidade. Na ocasi\u00e3o, todos os presentes puderam acompanhar de perto o desempenho do autom\u00f3vel, que \u00e9 mais est\u00e1vel, silencioso e espa\u00e7oso. O \u00f4nibus el\u00e9trico j\u00e1 come\u00e7a a circular pela cidade nesta semana, ainda em fase de testes. Ele ter\u00e1 um rod\u00edzio de itiner\u00e1rios para poder atender v\u00e1rios bairros. O seu rendimento em cada trajeto ser\u00e1 analisado pela Radial para identificar a viabilidade do modelo em cada linha e a performance da bateria em cada viagem. Esta etapa de an\u00e1lise \u00e9 essencial para a implementa\u00e7\u00e3o dos modelos na cidade de forma eficaz e estrat\u00e9gica. A medida contou com um investimento de R$ 2,5 milh\u00f5es por parte da concession\u00e1ria. Oferecendo viagens mais confort\u00e1veis e seguras, o novo modelo de testes ter\u00e1 autonomia de rodagem de cerca de 150 quil\u00f4metros por recarga. J\u00e1 a vers\u00e3o a ser posteriormente implementada apresenta rendimento maior, de aproximadamente 250 quil\u00f4metros. Ambos contam com recurso de acessibilidade, ar condicionado pr\u00f3prio e capacidade de transportar 80 passageiros, entre pessoas sentadas e de p\u00e9. O grande destaque da aquisi\u00e7\u00e3o fica por conta de suas contribui\u00e7\u00f5es para a preserva\u00e7\u00e3o ambiental e o desenvolvimento sustent\u00e1vel. Cada \u00f4nibus el\u00e9trico representa uma redu\u00e7\u00e3o de 164 toneladas de CO2 emitidos na atmosfera por ano. O corte de poluentes equivale ao plantio de 1.173 \u00e1rvores. Al\u00e9m dos gases, o modelo tamb\u00e9m diminui o consumo municipal de combust\u00edveis f\u00f3sseis, cuja queima contribui para o aquecimento global, al\u00e9m de gerar poss\u00edveis problemas respirat\u00f3rios por conta da fuma\u00e7a.A solenidade contou com a participa\u00e7\u00e3o do prefeito Rodrigo Ashiuchi; da primeira-dama Larissa Ashiuchi; do chefe de Gabinete, Afr\u00e2nio Evaristo; e dos secret\u00e1rios municipais de Transportes e Mobilidade Urbana, Claudinei Galo; de Meio Ambiente, Andr\u00e9 Chiang; de Governo, Alex Santos; e de Planejamento e Finan\u00e7as, Itamar Viana.<br \/>\nTamb\u00e9m estiveram presentes o gerente administrativo da Radial Transporte, Murillo Silva, e a coordenadora de Comunica\u00e7\u00e3o da empresa, J\u00e9ssica Alves, al\u00e9m do presidente da C\u00e2mara Municipal, Leandro Alves de Faria, o Leandrinho, e os vereadores Artur Takayama; Edirlei Junio Reis, o Professor Edirlei; Gerice Lione; Jos\u00e9 Oliveira Lima, o Z\u00e9 Oliveira; Marcel Pereira, o Marcel da ONG; Lazario Nazare Pedro, o L\u00e1zaro de Jesus; e Max Eleno Benedito, o Max do Futebol. Na oportunidade, Ashiuchi destacou a import\u00e2ncia desta nova conquista para os cidad\u00e3os, que logo mais poder\u00e3o contar com um transporte p\u00fablico mais aconchegante, confort\u00e1vel e agrad\u00e1vel para o uso di\u00e1rio. Ele ainda refor\u00e7ou que essa medida \u00e9 mais um grande avan\u00e7o para a preserva\u00e7\u00e3o ambiental. \u201cA substitui\u00e7\u00e3o de apenas um carro j\u00e1 tem um impacto enorme na emiss\u00e3o de gases poluentes e de efeito estufa. Al\u00e9m de evitar problemas respirat\u00f3rios \u00e0 popula\u00e7\u00e3o, a troca gradual de parte da frota contribui e muito para atenuar o aquecimento global. Com um projeto in\u00e9dito na regi\u00e3o, Suzano d\u00e1 mais um passo rumo ao desenvolvimento sustent\u00e1vel\u201d, concluiu.<\/p>\n","protected":false},"excerpt":{"rendered":"<p>A Prefeitura de Suzano e a Radial Transporte apresentaram na segunda-feira (21\/02) o primeiro \u00f4nibus el\u00e9trico do Alto Tiet\u00ea, que passar\u00e1 a integrar a frota do transporte p\u00fablico municipal. Ele circular\u00e1 em fase de testes a partir dessa semana e, ap\u00f3s posterior avalia\u00e7\u00e3o t\u00e9cnica, o modelo poder\u00e1 substituir parte dos autom\u00f3veis em funcionamento atualmente, reduzindo [&hellip;]<\/p>\n","protected":false},"author":1,"featured_media":505,"comment_status":"open","ping_status":"open","sticky":false,"template":"","format":"standard","meta":{"footnotes":""},"categories":[9],"tags":[],"class_list":{"0":"post-504","1":"post","2":"type-post","3":"status-publish","4":"format-standard","5":"has-post-thumbnail","7":"category-suzano"},"_links":{"self":[{"href":"https:\/\/jm-metropole.com.br\/site\/wp-json\/wp\/v2\/posts\/504","targetHints":{"allow":["GET"]}}],"collection":[{"href":"https:\/\/jm-metropole.com.br\/site\/wp-json\/wp\/v2\/posts"}],"about":[{"href":"https:\/\/jm-metropole.com.br\/site\/wp-json\/wp\/v2\/types\/post"}],"author":[{"embeddable":true,"href":"https:\/\/jm-metropole.com.br\/site\/wp-json\/wp\/v2\/users\/1"}],"replies":[{"embeddable":true,"href":"https:\/\/jm-metropole.com.br\/site\/wp-json\/wp\/v2\/comments?post=504"}],"version-history":[{"count":1,"href":"https:\/\/jm-metropole.com.br\/site\/wp-json\/wp\/v2\/posts\/504\/revisions"}],"predecessor-version":[{"id":506,"href":"https:\/\/jm-metropole.com.br\/site\/wp-json\/wp\/v2\/posts\/504\/revisions\/506"}],"wp:featuredmedia":[{"embeddable":true,"href":"https:\/\/jm-metropole.com.br\/site\/wp-json\/wp\/v2\/media\/505"}],"wp:attachment":[{"href":"https:\/\/jm-metropole.com.br\/site\/wp-json\/wp\/v2\/media?parent=504"}],"wp:term":[{"taxonomy":"category","embeddable":true,"href":"https:\/\/jm-metropole.com.br\/site\/wp-json\/wp\/v2\/categories?post=504"},{"taxonomy":"post_tag","embeddable":true,"href":"https:\/\/jm-metropole.com.br\/site\/wp-json\/wp\/v2\/tags?post=504"}],"curies":[{"name":"wp","href":"https:\/\/api.w.org\/{rel}","templated":true}]}}