{"id":5016,"date":"2022-12-14T09:03:24","date_gmt":"2022-12-14T12:03:24","guid":{"rendered":"https:\/\/jm-metropole.com.br\/site\/?p=5016"},"modified":"2022-12-14T09:03:24","modified_gmt":"2022-12-14T12:03:24","slug":"prefeitura-divulga-programacao-cultural-do-natal-iluminado-2022","status":"publish","type":"post","link":"https:\/\/jm-metropole.com.br\/site\/prefeitura-divulga-programacao-cultural-do-natal-iluminado-2022\/","title":{"rendered":"Prefeitura divulga programa\u00e7\u00e3o cultural do Natal Iluminado 2022"},"content":{"rendered":"<div class=\"col-sm-8 col-md-9 col-lg-9\">\n<div id=\"conteudo\" class=\"conteudo\">\n<p>A Prefeitura de Mogi das Cruzes acaba de divulgar uma programa\u00e7\u00e3o cultural em comemora\u00e7\u00e3o \u00e0s festividades natalinas. A Secretaria Municipal de Cultura e Turismo preparou 18 atividades especiais para este final de ano, com entrada gratuita. As a\u00e7\u00f5es do Natal Iluminado 2022 come\u00e7am nesta quarta-feira (14\/12) com a Cantata Itinerante e Quarteto de Cordas, e seguem at\u00e9 o dia 22 de dezembro com apresenta\u00e7\u00f5es pelo programa #AquiTemCultura, espet\u00e1culo circense com a Parada de Luzes, shows com artistas regionais, al\u00e9m da exposi\u00e7\u00e3o &#8220;Ent\u00e3o, \u00e9 Natal!&#8221;.<\/p>\n<p>&#8220;Preparamos espet\u00e1culos especiais para que os mogianos possam desfrutar do esp\u00edrito natalino, t\u00e3o presente em toda popula\u00e7\u00e3o. Venham prestigiar essas apresenta\u00e7\u00f5es a c\u00e9u aberto e celebrar estes momentos&#8221;, convida o prefeito Caio Cunha.<\/p>\n<p><strong>Cantata Itinerante e Quarteto de Cordas<\/strong><\/p>\n<p>A Cantata Itinerante e Quarteto de Cordas se apresentar\u00e3o em seis lares de idosos de Mogi das Cruzes, em dois dias consecutivos, a partir desta quarta-feira. A a\u00e7\u00e3o da campanha Natal de Sorrisos 2022 do Fundo Social de Mogi das Cruzes, em parceria com a Orquestra Sinf\u00f4nica de Mogi das Cruzes, visa levar alegria e o esp\u00edrito natalino para idosos institucionalizados. As apresenta\u00e7\u00f5es desta quarta-feira ser\u00e3o realizadas a partir das 9 horas, na Casa S\u00e3o Vicente de Paulo, \u00e0s 10 horas, na Vila Dignidade e \u00e0s 11 horas, no Centro Dia do Idoso. J\u00e1 na quinta-feira (15\/12), as a\u00e7\u00f5es ser\u00e3o na Associa\u00e7\u00e3o Manoel e Maria, no Instituto Pr\u00f3+Vida e na Casa Baob\u00e1, respectivamente, das 9 \u00e0s 11 horas.<\/p>\n<p>&#8220;\u00c9 com muita alegria que encerramos mais um ciclo de muito trabalho e esfor\u00e7o entregue para toda nossa cidade. As apresenta\u00e7\u00f5es est\u00e3o lindas, venham prestigiar esse show que preparamos para iluminar nosso final de ano&#8221;, convida a secret\u00e1ria municipal de Cultura, Kelen Chacon.<\/p>\n<p><strong>Exposi\u00e7\u00e3o &#8220;Ent\u00e3o, \u00e9 Natal&#8221; e Quarteto de Cordas<\/strong><\/p>\n<p>O Centro Cultural de Mogi das Cruzes recebe nesta sexta-feira (16\/12), \u00e0s 19 horas, o Quarteto de Cordas e a abertura da exposi\u00e7\u00e3o &#8220;Ent\u00e3o, \u00e9 Natal!&#8221;, com entrada gratuita para todos os interessados. A mostra tem o intuito de resgatar o sentimento natalino nos espectadores, por meio da arte do origami, com a fam\u00edlia Bento. A exibi\u00e7\u00e3o fica dispon\u00edvel at\u00e9 6 de janeiro na unidade cultural, que funciona de segunda a s\u00e1bado, das 9h \u00e0s 16h45. J\u00e1 o Quarteto de Cordas da Orquestra Sinf\u00f4nica de Mogi das Cruzes organizou um repert\u00f3rio especial para esta sexta-feira, na regi\u00e3o central,<br \/>\n#AquiTemCultura<\/p>\n<p>Neste s\u00e1bado (17\/12), o programa #AquiTemCultura oferecer\u00e1 tr\u00eas apresenta\u00e7\u00f5es na pra\u00e7a Monsenhor Roque Pinto de Barros, das 11h \u00e0s 15h, em frente ao Centro Cultural. A partir das 11h, O Sarau do Palha\u00e7o Piruca, com Marco Guerra, abre as atividades do dia e a programa\u00e7\u00e3o segue com o Uke Sarau, com a fam\u00edlia Novais, \u00e0s 12h30, na sequ\u00eancia, \u00e0s 14h, o show Reexistir, com a banda F\u00eanix e as Cinzas, oferece entretenimento musical para os presentes. A proposta do programa \u00e9 proporcionar \u00e0 popula\u00e7\u00e3o mogiana o acesso a espet\u00e1culos de arte em pra\u00e7as, parques e outros locais abertos e p\u00fablicos da cidade.<\/p>\n<p><strong>Parada das Luzes<\/strong><\/p>\n<p>A cidade de Mogi das Cruzes recebe em 21 de dezembro, o projeto Parada das Luzes, da Valentina Produ\u00e7\u00f5es, a partir das 20h.\u00a0O espet\u00e1culo circense parte da pra\u00e7a Oswaldo Cruz, com destino \u00e0 pra\u00e7a Monsenhor Roque Pinto de Barros. O desfile natalino, realizado por uma trupe de atores, bailarinos, artistas circenses e ginastas, dar\u00e1 vida a um universo de fantasia. A atra\u00e7\u00e3o gratuita e aberta para toda a popula\u00e7\u00e3o, conta com a presen\u00e7a de fadas, duendes, reis e rainhas, pr\u00edncipes e princesas, anjos natalinos, al\u00e9m do pr\u00f3prio Papai Noel. Os personagens iluminam o ambiente com figurinos, feitos com centenas de leds, proporcionando um festival de luzes e cores.<\/p>\n<p><strong>Shows com artistas regionais<\/strong><\/p>\n<p>A pra\u00e7a Monsenhor Roque Pinto de Barros receber\u00e1 seis apresenta\u00e7\u00f5es de artistas regionais gratuitas, pela programa\u00e7\u00e3o do Natal Iluminado 2022. Os artistas, Marcio Pial e Vitor Hugo Tomasulo, Roberta Coentro, Regina Bellet, \u00a0Adney Andrade, Bren\u00f4 e Banda, e Kac\u00e1 Novais, exibem seus trabalhos art\u00edsticos entre os dias 18 e 22 de dezembro, em frente ao Centro Cultural.<\/p>\n<p>O show de com\u00e9dia &#8220;Eu Sou Seu Pai&#8221;, com Marcio Pial e seu filho Vitor Hugo Tomasulo, ser\u00e1 realizado, neste domingo (18\/12), \u00e0s 20 horas. O espa\u00e7o recebe ainda a apresenta\u00e7\u00e3o de Ballet Natalino, com Regina Ballet, no dia 19, \u00e0s 19 horas. J\u00e1 no dia 20, \u00e0s 20 horas, o local aberto ser\u00e1 palco para a artista regional Roberta Coentro. Dia 21, \u00e0s 21 horas, \u00e9 a vez de Adney Andrade apresentar sua musicalidade na pra\u00e7a.<\/p>\n<p>Finalizando a programa\u00e7\u00e3o natalina deste ano, dia 22 de dezembro, \u00e0s 20 horas, Bren\u00f4 e Banda fazem seu show, de frente para o Centro Cultural. A \u00faltima apresenta\u00e7\u00e3o do dia, \u00e0s 21 horas, ser\u00e1 com Kac\u00e1 Novais,\u00a0participante do programa The Voice Brasil 2022.<\/p>\n<p>Mais informa\u00e7\u00f5es podem ser obtidas pelo telefone\u00a04798-6900, pelo e-mail\u00a0culturamogi@mogidascruzes.sp.gov.br, pelo site da\u00a0<a href=\"http:\/\/www.cultura.pmmc.com.br\/\" target=\"_blank\" rel=\"noopener\">Secretaria Municipal de Cultura<\/a>\u00a0ou presencialmente na sede da pasta, que fica na rua Jos\u00e9 Bonif\u00e1cio, 516, no Centro, de segunda a sexta-feira, das 8h30 \u00e0s 16h30.<\/p>\n<p><strong>Servi\u00e7o:<\/strong><\/p>\n<p><strong>Programa\u00e7\u00e3o<\/strong>\u00a0(sujeita a altera\u00e7\u00f5es):<br \/>\n<strong>Natal Iluminado 2022<\/strong><\/p>\n<p><strong>Data:\u00a0<\/strong>14\/12 (quarta-feira)<br \/>\n<strong>Atividade:<\/strong>\u00a0Cantata Itinerante e Quarteto de Cordas<br \/>\n<strong>\u00a09h00<\/strong>\u00a0&#8211; Casa S\u00e3o Vicente de Paulo<br \/>\n<strong>10h00<\/strong>\u00a0&#8211; Vila Dignidade<br \/>\n<strong>11h00\u00a0<\/strong>&#8211; Associa\u00e7\u00e3o Madre Esperan\u00e7a de Jesus<\/p>\n<p><strong>Data:\u00a0<\/strong>15\/12 (quinta-feira)<br \/>\n<strong>Atividade:<\/strong>\u00a0Cantata Itinerante e Quarteto de Cordas<br \/>\n<strong>\u00a09h00<\/strong>\u00a0&#8211; Associa\u00e7\u00e3o Manoel e Maria<br \/>\n<strong>10h00\u00a0<\/strong>&#8211; Instituto Pr\u00f3+Vida<br \/>\n<strong>11h00<\/strong>\u00a0&#8211; Casa Baob\u00e1<\/p>\n<p><strong>Data:<\/strong>\u00a0de 16\/12 (sexta-feira)<br \/>\n<strong>Atividade:<\/strong>\u00a0Exposi\u00e7\u00e3o &#8220;Ent\u00e3o, \u00e9 Natal!&#8221; &#8211; A arte do origami, com a fam\u00edlia Bento<br \/>\n<strong>Local:\u00a0<\/strong>Centro Cultural de Mogi das Cruzes (pra\u00e7a Monsenhor Roque Pinto de Barros, 360 \u00a0&#8211; Centro)<br \/>\n<strong>Hor\u00e1rio:<\/strong>\u00a0abertura oficial \u00e0s 19h00<\/p>\n<p><strong>Data:<\/strong>\u00a016\/12 (sexta-feira)<br \/>\n<strong>Atividade:<\/strong>\u00a0Quarteto de Cordas &#8211; Orquestra Sinf\u00f4nica de Mogi das Cruzes<br \/>\n<strong>Local:\u00a0<\/strong>Centro Cultural de Mogi das Cruzes (pra\u00e7a Monsenhor Roque Pinto de Barros, 360 \u00a0&#8211; Centro)<br \/>\n<strong>Hor\u00e1rio:<\/strong>\u00a019h00<\/p>\n<p><strong>Data:\u00a0<\/strong>17\/12 (s\u00e1bado)<br \/>\n<strong>Atividade:<\/strong>\u00a0Programa #AquiTemCultura<br \/>\n<strong>Local:<\/strong>\u00a0Pra\u00e7a Monsenhor Roque Pinto de Barros (em frente ao Centro Cultural)<br \/>\n<strong>11h00<\/strong>\u00a0&#8211; O Sarau do Palha\u00e7o Piruca, com Marco Guerra<br \/>\n<strong>12h30<\/strong>\u00a0&#8211; Uke Sarau, com fam\u00edlia Novais<br \/>\n<strong>14h00<\/strong>\u00a0&#8211; Show Reexistir, com a banda F\u00eanix e as Cinzas<\/p>\n<p><strong>Data:\u00a0<\/strong>18\/12 (domingo)<br \/>\n<strong>Atividade:<\/strong>\u00a0Show de Com\u00e9dia &#8220;Eu Sou Seu Pai&#8221;, com Marcio Pial e Vitor Hugo Tomasulo<br \/>\n<strong>Local:\u00a0<\/strong>Pra\u00e7a Monsenhor Roque Pinto de Barros (em frente ao Centro Cultural)<br \/>\n<strong>Hor\u00e1rio:<\/strong>\u00a020h00<\/p>\n<p><strong>Data:\u00a0<\/strong>19\/12 (segunda-feira)<br \/>\n<strong>Atividade:\u00a0<\/strong>Ballet Natalino, com Regina Ballet<br \/>\n<strong>Local:<\/strong>\u00a0Pra\u00e7a Monsenhor Roque Pinto de Barros (em frente ao Centro Cultural)<br \/>\n<strong>Hor\u00e1rio:\u00a0<\/strong>19h00<\/p>\n<p><strong>Data:<\/strong>\u00a020\/12 (ter\u00e7a-feira)<br \/>\n<strong>Atividade:<\/strong>\u00a0Shows com Artistas Regionais<br \/>\n<strong>Local:\u00a0<\/strong>Pra\u00e7a Monsenhor Roque Pinto de Barros (em frente ao Centro Cultural)<br \/>\n<strong>20h00\u00a0<\/strong>&#8211; Roberta Coentro<\/p>\n<p><strong>Data:\u00a0<\/strong>21\/12 (quarta-feira)<br \/>\n<strong>Atividade:<\/strong>\u00a0Parada das Luzes<br \/>\n<strong>Trajeto:<\/strong>\u00a0Partida da pra\u00e7a Oswaldo Cruz, no Centro, via rua Doutor Deodato Wertheimer, virando na rua Paulo Frontin, at\u00e9 a pra\u00e7a Monsenhor Roque Pinto de Barros, em frente ao Centro Cultural.<br \/>\n<strong>Hor\u00e1rio:<\/strong>\u00a020h00<\/p>\n<p><strong>Data:\u00a0<\/strong>21\/12 (quarta-feira)<br \/>\n<strong>Atividade:<\/strong>\u00a0Shows com Artistas Regionais<br \/>\n<strong>Local:<\/strong>\u00a0Pra\u00e7a Monsenhor Roque Pinto de Barros (em frente ao Centro Cultural)<br \/>\n<strong>21h00\u00a0<\/strong>&#8211; Adney Andrade<\/p>\n<p><strong>Data:\u00a0<\/strong>22\/12 (quinta-feira)<br \/>\n<strong>Atividade:<\/strong>\u00a0Shows com Artistas Regionais<br \/>\n<strong>Local:\u00a0<\/strong>Pra\u00e7a Monsenhor Roque Pinto de Barros (em frente ao Centro Cultural)<br \/>\n<strong>20h00<\/strong>\u00a0&#8211; Bren\u00f4 e Banda<br \/>\n<strong>21h00<\/strong>\u00a0&#8211; Kac\u00e1 Novais<\/p>\n<p>&nbsp;<\/p>\n<div class=\"text-center\"><\/div>\n<\/div>\n<\/div>\n","protected":false},"excerpt":{"rendered":"<p>A Prefeitura de Mogi das Cruzes acaba de divulgar uma programa\u00e7\u00e3o cultural em comemora\u00e7\u00e3o \u00e0s festividades natalinas. A Secretaria Municipal de Cultura e Turismo preparou 18 atividades especiais para este final de ano, com entrada gratuita. As a\u00e7\u00f5es do Natal Iluminado 2022 come\u00e7am nesta quarta-feira (14\/12) com a Cantata Itinerante e Quarteto de Cordas, e [&hellip;]<\/p>\n","protected":false},"author":1,"featured_media":5017,"comment_status":"open","ping_status":"open","sticky":false,"template":"","format":"standard","meta":{"footnotes":""},"categories":[10],"tags":[],"class_list":{"0":"post-5016","1":"post","2":"type-post","3":"status-publish","4":"format-standard","5":"has-post-thumbnail","7":"category-mogi-das-cruzes"},"_links":{"self":[{"href":"https:\/\/jm-metropole.com.br\/site\/wp-json\/wp\/v2\/posts\/5016","targetHints":{"allow":["GET"]}}],"collection":[{"href":"https:\/\/jm-metropole.com.br\/site\/wp-json\/wp\/v2\/posts"}],"about":[{"href":"https:\/\/jm-metropole.com.br\/site\/wp-json\/wp\/v2\/types\/post"}],"author":[{"embeddable":true,"href":"https:\/\/jm-metropole.com.br\/site\/wp-json\/wp\/v2\/users\/1"}],"replies":[{"embeddable":true,"href":"https:\/\/jm-metropole.com.br\/site\/wp-json\/wp\/v2\/comments?post=5016"}],"version-history":[{"count":1,"href":"https:\/\/jm-metropole.com.br\/site\/wp-json\/wp\/v2\/posts\/5016\/revisions"}],"predecessor-version":[{"id":5018,"href":"https:\/\/jm-metropole.com.br\/site\/wp-json\/wp\/v2\/posts\/5016\/revisions\/5018"}],"wp:featuredmedia":[{"embeddable":true,"href":"https:\/\/jm-metropole.com.br\/site\/wp-json\/wp\/v2\/media\/5017"}],"wp:attachment":[{"href":"https:\/\/jm-metropole.com.br\/site\/wp-json\/wp\/v2\/media?parent=5016"}],"wp:term":[{"taxonomy":"category","embeddable":true,"href":"https:\/\/jm-metropole.com.br\/site\/wp-json\/wp\/v2\/categories?post=5016"},{"taxonomy":"post_tag","embeddable":true,"href":"https:\/\/jm-metropole.com.br\/site\/wp-json\/wp\/v2\/tags?post=5016"}],"curies":[{"name":"wp","href":"https:\/\/api.w.org\/{rel}","templated":true}]}}