{"id":501,"date":"2022-02-24T19:00:51","date_gmt":"2022-02-24T22:00:51","guid":{"rendered":"https:\/\/jm-metropole.com.br\/site\/?p=501"},"modified":"2022-02-24T19:00:51","modified_gmt":"2022-02-24T22:00:51","slug":"santa-isabel-define-comissao-para-conferencia-de-saude-mental","status":"publish","type":"post","link":"https:\/\/jm-metropole.com.br\/site\/santa-isabel-define-comissao-para-conferencia-de-saude-mental\/","title":{"rendered":"Santa Isabel define Comiss\u00e3o para Confer\u00eancia de Sa\u00fade Mental"},"content":{"rendered":"<p>Na manh\u00e3 desta quinta-feira, dia 24\/02, durante a reuni\u00e3o do Conselho Municipal de Sa\u00fade de Santa Isabel, foi definida a composi\u00e7\u00e3o da comiss\u00e3o para Confer\u00eancia de Sa\u00fade Mental. O munic\u00edpio j\u00e1 se prepara para a participa\u00e7\u00e3o ativa no evento de cunho nacional, embasado pelo Minist\u00e9rio da Sa\u00fade.<\/p>\n<p>De acordo com o Conselho Nacional de Sa\u00fade (CNS), a iniciativa \u00e9 respons\u00e1vel pela constru\u00e7\u00e3o e atualiza\u00e7\u00e3o participativa das pol\u00edticas p\u00fablicas no campo da Sa\u00fade Mental, conforme rege a legisla\u00e7\u00e3o do Sistema \u00danico de Sa\u00fade (SUS).<\/p>\n<p>O tema da 5\u00aa CNSM (Confer\u00eancia Nacional de Sa\u00fade Mental) \u00e9 \u201cA Pol\u00edtica de Sa\u00fade Mental como Direito: Pela defesa do cuidado em liberdade, rumo a avan\u00e7os e garantia dos servi\u00e7os da aten\u00e7\u00e3o psicossocial no SUS\u201d.<\/p>\n<p>J\u00e1 o eixo principal da 5\u00aa CNSM \u00e9 \u201cFortalecer e garantir Pol\u00edticas P\u00fablicas: o SUS, o cuidado de sa\u00fade mental em liberdade e o respeito aos Direitos Humanos\u201d, que ser\u00e1 dividido em quatro subeixos, sendo:<\/p>\n<p>Cuidado em Liberdade como Garantia de Direito \u00e0 Cidadania; Gest\u00e3o, financiamento, forma\u00e7\u00e3o e participa\u00e7\u00e3o social na garantia de servi\u00e7os de sa\u00fade mental; Pol\u00edtica de sa\u00fade mental e os princ\u00edpios do SUS: Universalidade, Integralidade e Equidade; Impactos na sa\u00fade mental da popula\u00e7\u00e3o e os desafios para o cuidado psicossocial durante e p\u00f3s-pandemia.<\/p>\n<p>Em Santa Isabel, a comiss\u00e3o ser\u00e1 formada da seguinte forma: Madalena Santos, usu\u00e1ria do SUS; C\u00e9lia Brito, representando a gest\u00e3o; Elia Rodrigues Ramos, trabalhadora do SUS; Renata Amaral, Coordenadora do CAPS (Centro de Aten\u00e7\u00e3o Psicossocial), Ingrid Werneck, representando a UPA; e Lilian Barbosa, representante da Sociedade Caminho de Damasco.<\/p>\n<p>Representando a Comiss\u00e3o Legislativa de Sa\u00fade, o vereador Marcos Cannor participou da reuni\u00e3o, e reafirmou seu compromisso com a causa:<\/p>\n<p>&#8220;A Sa\u00fade Mental \u00e9 minha bandeira, e n\u00e3o medirei esfor\u00e7os para fomentar essa discuss\u00e3o, trazer conscientiza\u00e7\u00e3o e buscar melhorias para Santa Isabel. Me coloco \u00e0 disposi\u00e7\u00e3o da comiss\u00e3o para colaborar no que for poss\u00edvel. Com o apoio do prefeito, dr. Carlos Chinchilla, vamos em frente nessa caminhada!&#8221; declarou o edil.<\/p>\n","protected":false},"excerpt":{"rendered":"<p>Na manh\u00e3 desta quinta-feira, dia 24\/02, durante a reuni\u00e3o do Conselho Municipal de Sa\u00fade de Santa Isabel, foi definida a composi\u00e7\u00e3o da comiss\u00e3o para Confer\u00eancia de Sa\u00fade Mental. O munic\u00edpio j\u00e1 se prepara para a participa\u00e7\u00e3o ativa no evento de cunho nacional, embasado pelo Minist\u00e9rio da Sa\u00fade. De acordo com o Conselho Nacional de Sa\u00fade [&hellip;]<\/p>\n","protected":false},"author":1,"featured_media":502,"comment_status":"open","ping_status":"open","sticky":false,"template":"","format":"standard","meta":{"footnotes":""},"categories":[5],"tags":[],"class_list":{"0":"post-501","1":"post","2":"type-post","3":"status-publish","4":"format-standard","5":"has-post-thumbnail","7":"category-santa-isabel"},"_links":{"self":[{"href":"https:\/\/jm-metropole.com.br\/site\/wp-json\/wp\/v2\/posts\/501","targetHints":{"allow":["GET"]}}],"collection":[{"href":"https:\/\/jm-metropole.com.br\/site\/wp-json\/wp\/v2\/posts"}],"about":[{"href":"https:\/\/jm-metropole.com.br\/site\/wp-json\/wp\/v2\/types\/post"}],"author":[{"embeddable":true,"href":"https:\/\/jm-metropole.com.br\/site\/wp-json\/wp\/v2\/users\/1"}],"replies":[{"embeddable":true,"href":"https:\/\/jm-metropole.com.br\/site\/wp-json\/wp\/v2\/comments?post=501"}],"version-history":[{"count":1,"href":"https:\/\/jm-metropole.com.br\/site\/wp-json\/wp\/v2\/posts\/501\/revisions"}],"predecessor-version":[{"id":503,"href":"https:\/\/jm-metropole.com.br\/site\/wp-json\/wp\/v2\/posts\/501\/revisions\/503"}],"wp:featuredmedia":[{"embeddable":true,"href":"https:\/\/jm-metropole.com.br\/site\/wp-json\/wp\/v2\/media\/502"}],"wp:attachment":[{"href":"https:\/\/jm-metropole.com.br\/site\/wp-json\/wp\/v2\/media?parent=501"}],"wp:term":[{"taxonomy":"category","embeddable":true,"href":"https:\/\/jm-metropole.com.br\/site\/wp-json\/wp\/v2\/categories?post=501"},{"taxonomy":"post_tag","embeddable":true,"href":"https:\/\/jm-metropole.com.br\/site\/wp-json\/wp\/v2\/tags?post=501"}],"curies":[{"name":"wp","href":"https:\/\/api.w.org\/{rel}","templated":true}]}}