{"id":494,"date":"2022-02-24T19:57:54","date_gmt":"2022-02-24T22:57:54","guid":{"rendered":"https:\/\/jm-metropole.com.br\/site\/?p=494"},"modified":"2022-02-24T21:25:01","modified_gmt":"2022-02-25T00:25:01","slug":"cidadania-e-inclusao-com-danilo-palma","status":"publish","type":"post","link":"https:\/\/jm-metropole.com.br\/site\/cidadania-e-inclusao-com-danilo-palma\/","title":{"rendered":"Cidadania e Inclus\u00e3o com Danilo Palma"},"content":{"rendered":"<p>Hoje, vamos falar sobre acessibilidade, uma pauta que faz muito sentindo na minha vida. H\u00e1 mais de 12 anos, vivo a causa das pessoas com defici\u00eancia e a\u00e7\u00f5es ligadas a cidadania. Meu pai Celso Palma chegou a perder a vis\u00e3o e teve uma a amputa\u00e7\u00e3o, minha esposa Sheila Palma, foi diagnosticada em 2014 com esclerose m\u00faltipla degenerativa. O mais interessante quando falamos sobre qualquer um desses temas, \u00e9 que sempre antes de uma defici\u00eancia temos uma pessoa e o mais importante \u00e9 a valor vida.<\/p>\n<p>Ao longo das pr\u00f3ximas semanas, vamos abordar v\u00e1rios temas ligados a pauta, assuntos importantes e de interesse de todos, afinal, quem hoje n\u00e3o conhece algu\u00e9m que tenha alguma defici\u00eancia?<\/p>\n<p>A acessibilidade deve ser uma preocupa\u00e7\u00e3o constante de toda cidade inclusiva, do estado e de todo Brasil. A falta da acessibilidade tira o direito que \u00e9 garantido pela LBI, a\u202fLei\u202fBrasileira de Inclus\u00e3o da Pessoa com Defici\u00eancia,\u202fLei\u202fn\u00ba 13.146, de 6 de julho de 2015, \u00e9 um conjunto de dispositivos destinados a assegurar e a promover, em igualdade de condi\u00e7\u00f5es com as demais pessoas, o exerc\u00edcio dos direitos e liberdades fundamentais por pessoas com defici\u00eancia, visando a sua inclus\u00e3o social e cidadania.<\/p>\n<p><img loading=\"lazy\" decoding=\"async\" class=\"alignleft size-medium wp-image-495\" src=\"https:\/\/jm-metropole.com.br\/site\/wp-content\/uploads\/2022\/02\/DANILO_RECORTE-200x300.jpg\" alt=\"\" width=\"200\" height=\"300\" srcset=\"https:\/\/jm-metropole.com.br\/site\/wp-content\/uploads\/2022\/02\/DANILO_RECORTE-200x300.jpg 200w, https:\/\/jm-metropole.com.br\/site\/wp-content\/uploads\/2022\/02\/DANILO_RECORTE-683x1024.jpg 683w, https:\/\/jm-metropole.com.br\/site\/wp-content\/uploads\/2022\/02\/DANILO_RECORTE-768x1152.jpg 768w, https:\/\/jm-metropole.com.br\/site\/wp-content\/uploads\/2022\/02\/DANILO_RECORTE-1024x1536.jpg 1024w, https:\/\/jm-metropole.com.br\/site\/wp-content\/uploads\/2022\/02\/DANILO_RECORTE-1365x2048.jpg 1365w, https:\/\/jm-metropole.com.br\/site\/wp-content\/uploads\/2022\/02\/DANILO_RECORTE-150x225.jpg 150w, https:\/\/jm-metropole.com.br\/site\/wp-content\/uploads\/2022\/02\/DANILO_RECORTE-300x450.jpg 300w, https:\/\/jm-metropole.com.br\/site\/wp-content\/uploads\/2022\/02\/DANILO_RECORTE-696x1044.jpg 696w, https:\/\/jm-metropole.com.br\/site\/wp-content\/uploads\/2022\/02\/DANILO_RECORTE-1068x1602.jpg 1068w, https:\/\/jm-metropole.com.br\/site\/wp-content\/uploads\/2022\/02\/DANILO_RECORTE-1920x2880.jpg 1920w, https:\/\/jm-metropole.com.br\/site\/wp-content\/uploads\/2022\/02\/DANILO_RECORTE-scaled.jpg 1707w\" sizes=\"auto, (max-width: 200px) 100vw, 200px\" \/>Em minha jornada j\u00e1 presenciei diversas dificuldades, que pessoas com defici\u00eancia sofrem no seu dia a dia, como por exemplo, entrar em uma loja sem rampa de acesso para idosos e cadeirantes, ou at\u00e9 mesmo quando um surdo precisa ir em uma simples consulta m\u00e9dica e o m\u00e9dico n\u00e3o est\u00e1 capacitado e habilitado para conversar em Libras, na realiza\u00e7\u00e3o de um diagnostico mais assertivo.<\/p>\n<p>Os problemas com a acessibilidade, n\u00e3o s\u00e3o somente uma dificuldade para as pessoas com defici\u00eancia, a falta de acessibilidade em uma cal\u00e7ada por exemplo, tr\u00e1s grandes dificuldades de mobilidade para o idoso, ou at\u00e9 mesmo, para uma m\u00e3e que leva seu filho em um carrinho de beb\u00ea.<\/p>\n<p>A acessibilidade \u00e9 um direito de todos, o que \u00e9 bom para a pessoa com defici\u00eancia \u00e9 bom para toda sociedade. Por isso, vamos falar de inclus\u00e3o e acessibilidade sempre, ser uma cidade acess\u00edvel \u00e9 ser uma cidade em favor da vida.<\/p>\n","protected":false},"excerpt":{"rendered":"<p>Hoje, vamos falar sobre acessibilidade, uma pauta que faz muito sentindo na minha vida. H\u00e1 mais de 12 anos, vivo a causa das pessoas com defici\u00eancia e a\u00e7\u00f5es ligadas a cidadania. Meu pai Celso Palma chegou a perder a vis\u00e3o e teve uma a amputa\u00e7\u00e3o, minha esposa Sheila Palma, foi diagnosticada em 2014 com esclerose [&hellip;]<\/p>\n","protected":false},"author":1,"featured_media":496,"comment_status":"open","ping_status":"open","sticky":false,"template":"","format":"standard","meta":{"footnotes":""},"categories":[1],"tags":[],"class_list":{"0":"post-494","1":"post","2":"type-post","3":"status-publish","4":"format-standard","5":"has-post-thumbnail","7":"category-tudo"},"_links":{"self":[{"href":"https:\/\/jm-metropole.com.br\/site\/wp-json\/wp\/v2\/posts\/494","targetHints":{"allow":["GET"]}}],"collection":[{"href":"https:\/\/jm-metropole.com.br\/site\/wp-json\/wp\/v2\/posts"}],"about":[{"href":"https:\/\/jm-metropole.com.br\/site\/wp-json\/wp\/v2\/types\/post"}],"author":[{"embeddable":true,"href":"https:\/\/jm-metropole.com.br\/site\/wp-json\/wp\/v2\/users\/1"}],"replies":[{"embeddable":true,"href":"https:\/\/jm-metropole.com.br\/site\/wp-json\/wp\/v2\/comments?post=494"}],"version-history":[{"count":1,"href":"https:\/\/jm-metropole.com.br\/site\/wp-json\/wp\/v2\/posts\/494\/revisions"}],"predecessor-version":[{"id":497,"href":"https:\/\/jm-metropole.com.br\/site\/wp-json\/wp\/v2\/posts\/494\/revisions\/497"}],"wp:featuredmedia":[{"embeddable":true,"href":"https:\/\/jm-metropole.com.br\/site\/wp-json\/wp\/v2\/media\/496"}],"wp:attachment":[{"href":"https:\/\/jm-metropole.com.br\/site\/wp-json\/wp\/v2\/media?parent=494"}],"wp:term":[{"taxonomy":"category","embeddable":true,"href":"https:\/\/jm-metropole.com.br\/site\/wp-json\/wp\/v2\/categories?post=494"},{"taxonomy":"post_tag","embeddable":true,"href":"https:\/\/jm-metropole.com.br\/site\/wp-json\/wp\/v2\/tags?post=494"}],"curies":[{"name":"wp","href":"https:\/\/api.w.org\/{rel}","templated":true}]}}