{"id":482,"date":"2022-02-23T10:30:12","date_gmt":"2022-02-23T13:30:12","guid":{"rendered":"https:\/\/jm-metropole.com.br\/site\/?p=482"},"modified":"2022-02-23T10:30:12","modified_gmt":"2022-02-23T13:30:12","slug":"prefeitura-de-aruja-e-sabesp-entregam-maior-reservatorio-de-agua-da-america-latina-para-a-populacao-da-cidade","status":"publish","type":"post","link":"https:\/\/jm-metropole.com.br\/site\/prefeitura-de-aruja-e-sabesp-entregam-maior-reservatorio-de-agua-da-america-latina-para-a-populacao-da-cidade\/","title":{"rendered":"PREFEITURA DE ARUJ\u00c1 E SABESP ENTREGAM MAIOR RESERVAT\u00d3RIO DE \u00c1GUA DA AM\u00c9RICA LATINA PARA A POPULA\u00c7\u00c3O DA CIDADE"},"content":{"rendered":"<p><em>A entrega foi formalizada pelo prefeito Dr Camargo, pelo vice-governador Rodrigo Garcia, pelo secret\u00e1rio de Estado de Infraestrutura e Meio Ambiente, Marcos Penido, e pelo diretor-presidente da Sabesp, Benedito Braga, ao lado de vereadores, deputados, secret\u00e1rios e servidores.<\/em><\/p>\n<p>A Sabesp finalizou implanta\u00e7\u00e3o e entregou um novo reservat\u00f3rio de \u00e1gua em Aruj\u00e1, que faz parte dos servi\u00e7os de amplia\u00e7\u00e3o do sistema de reserva\u00e7\u00e3o da cidade, previsto no Plano Municipal de Saneamento B\u00e1sico.<br \/>\nO novo reservat\u00f3rio tem capacidade para armazenar cerca de 13 milh\u00f5es de litros de \u00e1gua.<br \/>\nCom a entrada em opera\u00e7\u00e3o, a capacidade de reserva\u00e7\u00e3o de \u00e1gua em Aruj\u00e1 ser\u00e1 ampliada em 260%. A entrega foi realizada neste s\u00e1bado (19\/02) pelo vice-governador Rodrigo Garcia, que visitou o novo equipamento.<\/p>\n<p>\u201c\u00c9 uma alegria nesta manh\u00e3 de s\u00e1bado estar em Aruj\u00e1 fazendo a entrega oficial para a cidade desse novo reservat\u00f3rio da Sabesp, que dar\u00e1 seguran\u00e7a h\u00eddrica para os pr\u00f3ximos anos.<br \/>\nUma tecnologia nova que dar\u00e1 a<br \/>\ntranquilidade de que n\u00e3o faltar\u00e1 \u00e1gua em Aruj\u00e1\u201d, afirmou Rodrigo Garcia.<\/p>\n<p>O prefeito Dr Camargo reiterou a fala do vice-governador de que o novo reservat\u00f3rio ser\u00e1 para beneficiar a toda a popula\u00e7\u00e3o de Aruj\u00e1, levando mais seguran\u00e7a h\u00eddrica e gerando menos tempo de espera no retorno do abastecimento, em caso de manuten\u00e7\u00f5es.<\/p>\n<p>\u201cEstamos aqui praticamente triplicando a capacidade de reserva\u00e7\u00e3o de \u00e1gua de Aruj\u00e1.<br \/>\nTodo o resultado do trabalho \u00e9 consequ\u00eancia de um ato de coragem e determina\u00e7\u00e3o do governador Jo\u00e3o Doria e do vice-governador Rodrigo<br \/>\nGarcia\u201d, disse o secret\u00e1rio de Estado de Infraestrutura e Meio Ambiente, Marcos Penido.<\/p>\n<p><img loading=\"lazy\" decoding=\"async\" class=\"alignleft size-medium wp-image-485\" src=\"https:\/\/jm-metropole.com.br\/site\/wp-content\/uploads\/2022\/02\/WhatsApp-Image-2022-02-23-at-10.27.11-300x200.jpeg\" alt=\"\" width=\"300\" height=\"200\" srcset=\"https:\/\/jm-metropole.com.br\/site\/wp-content\/uploads\/2022\/02\/WhatsApp-Image-2022-02-23-at-10.27.11-300x200.jpeg 300w, https:\/\/jm-metropole.com.br\/site\/wp-content\/uploads\/2022\/02\/WhatsApp-Image-2022-02-23-at-10.27.11-150x100.jpeg 150w, https:\/\/jm-metropole.com.br\/site\/wp-content\/uploads\/2022\/02\/WhatsApp-Image-2022-02-23-at-10.27.11-696x464.jpeg 696w, https:\/\/jm-metropole.com.br\/site\/wp-content\/uploads\/2022\/02\/WhatsApp-Image-2022-02-23-at-10.27.11.jpeg 720w\" sizes=\"auto, (max-width: 300px) 100vw, 300px\" \/>O diretor-presidente da Sabesp, Benedito Braga, lembrou que a Companhia tamb\u00e9m est\u00e1 investindo no sistema de esgoto no munic\u00edpio. \u201cCom o novo<br \/>\nreservat\u00f3rio de 13 milh\u00f5es de litros de \u00e1gua, subimos em 260% a reserva\u00e7\u00e3o de Aruj\u00e1, n\u00e3o havendo mais problema de falta d\u2019\u00e1gua.<br \/>\nVamos tamb\u00e9m melhorar a situa\u00e7\u00e3o dos esgotos, passando em breve a coleta de 78% para 88%.<br \/>\nEstamos cumprindo a nossa tarefa de trazer \u00e1gua de boa qualidade, coletar e tratar os esgotos dos nossos clientes\u201d, explicou.<\/p>\n<p>Para a implanta\u00e7\u00e3o do novo reservat\u00f3rio de \u00e1gua, foram investidos R$ 11,8 milh\u00f5es.<br \/>\nO principal objetivo \u00e9 aumentar a seguran\u00e7a no abastecimento da<br \/>\npopula\u00e7\u00e3o, preparando Aruj\u00e1 para o crescimento populacional e contribuindo para o fim da falta de \u00e1gua, especialmente nos per\u00edodos de maior consumo.<br \/>\nAl\u00e9m disso, em caso de manuten\u00e7\u00f5es do sistema, a retomada do abastecimento<br \/>\nocorrer\u00e1 com maior agilidade.<br \/>\nO novo reservat\u00f3rio ser\u00e1 interligado ao sistema de reserva\u00e7\u00e3o j\u00e1 existente de toda a popula\u00e7\u00e3o do munic\u00edpio.<\/p>\n<p>SISTEMA DE ESGOTAMENTO SANIT\u00c1RIO<\/p>\n<p>Tamb\u00e9m est\u00e3o em andamento, em Aruj\u00e1, obras para amplia\u00e7\u00e3o do Sistema de Esgotamento Sanit\u00e1rio.<br \/>\nAt\u00e9, 2024, a Sabesp vai implantar mais de 54 quil\u00f4metros de rede coletora de esgoto e um total de 4.251 novas liga\u00e7\u00f5es, al\u00e9m de tr\u00eas esta\u00e7\u00f5es elevat\u00f3rias, com investimento de R$ 59,8 milh\u00f5es.<\/p>\n<p>Atualmente o esgoto gerado no munic\u00edpio \u00e9 encaminhado para a ETE Aruj\u00e1.<br \/>\nCom a conclus\u00e3o das obras estruturantes e da implanta\u00e7\u00e3o da rede de coletores, os esgotos ser\u00e3o encaminhados tamb\u00e9m para a ETE S\u00e3o Miguel.<\/p>\n<p>Os bairros beneficiados ser\u00e3o Aruj\u00e1 Country Club, Arujazinho IV, Arujazinho V, Jardim Real, Jardim Caputera, Jardim Via Dutra e Arujazinho 1B.<\/p>\n<p>Com a conclus\u00e3o da primeira etapa das obras, prevista para janeiro de 2023, o \u00edndice de cobertura de esgoto passar\u00e1 de 78,4% para 88,4%.<br \/>\nE ap\u00f3s a conclus\u00e3o da segunda etapa, em 2024, o \u00edndice deve passar para 91,1%.<br \/>\nO \u00edndice de tratamento de esgoto na cidade \u00e9 de 100%.<\/p>\n","protected":false},"excerpt":{"rendered":"<p>A entrega foi formalizada pelo prefeito Dr Camargo, pelo vice-governador Rodrigo Garcia, pelo secret\u00e1rio de Estado de Infraestrutura e Meio Ambiente, Marcos Penido, e pelo diretor-presidente da Sabesp, Benedito Braga, ao lado de vereadores, deputados, secret\u00e1rios e servidores. A Sabesp finalizou implanta\u00e7\u00e3o e entregou um novo reservat\u00f3rio de \u00e1gua em Aruj\u00e1, que faz parte dos [&hellip;]<\/p>\n","protected":false},"author":1,"featured_media":483,"comment_status":"open","ping_status":"open","sticky":false,"template":"","format":"standard","meta":{"footnotes":""},"categories":[4],"tags":[],"class_list":{"0":"post-482","1":"post","2":"type-post","3":"status-publish","4":"format-standard","5":"has-post-thumbnail","7":"category-aruja"},"_links":{"self":[{"href":"https:\/\/jm-metropole.com.br\/site\/wp-json\/wp\/v2\/posts\/482","targetHints":{"allow":["GET"]}}],"collection":[{"href":"https:\/\/jm-metropole.com.br\/site\/wp-json\/wp\/v2\/posts"}],"about":[{"href":"https:\/\/jm-metropole.com.br\/site\/wp-json\/wp\/v2\/types\/post"}],"author":[{"embeddable":true,"href":"https:\/\/jm-metropole.com.br\/site\/wp-json\/wp\/v2\/users\/1"}],"replies":[{"embeddable":true,"href":"https:\/\/jm-metropole.com.br\/site\/wp-json\/wp\/v2\/comments?post=482"}],"version-history":[{"count":1,"href":"https:\/\/jm-metropole.com.br\/site\/wp-json\/wp\/v2\/posts\/482\/revisions"}],"predecessor-version":[{"id":486,"href":"https:\/\/jm-metropole.com.br\/site\/wp-json\/wp\/v2\/posts\/482\/revisions\/486"}],"wp:featuredmedia":[{"embeddable":true,"href":"https:\/\/jm-metropole.com.br\/site\/wp-json\/wp\/v2\/media\/483"}],"wp:attachment":[{"href":"https:\/\/jm-metropole.com.br\/site\/wp-json\/wp\/v2\/media?parent=482"}],"wp:term":[{"taxonomy":"category","embeddable":true,"href":"https:\/\/jm-metropole.com.br\/site\/wp-json\/wp\/v2\/categories?post=482"},{"taxonomy":"post_tag","embeddable":true,"href":"https:\/\/jm-metropole.com.br\/site\/wp-json\/wp\/v2\/tags?post=482"}],"curies":[{"name":"wp","href":"https:\/\/api.w.org\/{rel}","templated":true}]}}