{"id":475,"date":"2022-02-08T18:57:01","date_gmt":"2022-02-08T21:57:01","guid":{"rendered":"https:\/\/jm-metropole.com.br\/site\/?p=475"},"modified":"2022-02-08T18:57:01","modified_gmt":"2022-02-08T21:57:01","slug":"poa-assina-termo-aditivo-com-sabesp-e-vila-sao-francisco-tera-rede-de-agua-e-esgoto","status":"publish","type":"post","link":"https:\/\/jm-metropole.com.br\/site\/poa-assina-termo-aditivo-com-sabesp-e-vila-sao-francisco-tera-rede-de-agua-e-esgoto\/","title":{"rendered":"Po\u00e1 assina termo aditivo com Sabesp e Vila S\u00e3o Francisco ter\u00e1 rede de \u00e1gua e esgoto"},"content":{"rendered":"<p><em>Processo j\u00e1 est\u00e1 em andamento junto a Cetesb para obter o licenciamento para iniciar os servi\u00e7os de implanta\u00e7\u00e3o da rede de \u00e1gua<\/em><\/p>\n<p>A prefeita Marcia Bin assinou, na tarde desta ter\u00e7a-feira (8\/02), o termo aditivo do contrato com a Sabesp para atualiza\u00e7\u00e3o das metas conforme determina o Marco Regulat\u00f3rio de Saneamento B\u00e1sico, estipulado pelo Governo Federal, por meio da Lei n\u00ba 14.026\/2020. Dentre as novas metas, a principal \u00e9 a inclus\u00e3o da Vila S\u00e3o Francisco (popularmente conhecida como Raspad\u00e3o) para a implanta\u00e7\u00e3o das redes de \u00e1gua e esgoto.<\/p>\n<p>A assinatura ocorreu no Pa\u00e7o Municipal com a presen\u00e7a da secret\u00e1ria de Meio Ambiente, Claudete Canada, do chefe de Gabinete, Milvio Sanchez, e dos representantes da Sabesp, Ana L\u00facia Oliveira Scavassini dos Santos (Gerente do Departamento de Planejamento e Rela\u00e7\u00f5es Comerciais), Zemicindo Miguel Mendes (Gerente de Divis\u00e3o), Marcos Roberto Pan Oddone (advogado) e Eduardo Camargo Afonso (respons\u00e1vel da Unidade de Gerenciamento Regional &#8211; UGR do Alto Tiet\u00ea).<\/p>\n<p><img loading=\"lazy\" decoding=\"async\" class=\"alignleft size-medium wp-image-476\" src=\"https:\/\/jm-metropole.com.br\/site\/wp-content\/uploads\/2022\/02\/WhatsApp-Image-2022-02-08-at-18.55.51-300x200.jpeg\" alt=\"\" width=\"300\" height=\"200\" srcset=\"https:\/\/jm-metropole.com.br\/site\/wp-content\/uploads\/2022\/02\/WhatsApp-Image-2022-02-08-at-18.55.51-300x200.jpeg 300w, https:\/\/jm-metropole.com.br\/site\/wp-content\/uploads\/2022\/02\/WhatsApp-Image-2022-02-08-at-18.55.51-1024x682.jpeg 1024w, https:\/\/jm-metropole.com.br\/site\/wp-content\/uploads\/2022\/02\/WhatsApp-Image-2022-02-08-at-18.55.51-768x512.jpeg 768w, https:\/\/jm-metropole.com.br\/site\/wp-content\/uploads\/2022\/02\/WhatsApp-Image-2022-02-08-at-18.55.51-150x100.jpeg 150w, https:\/\/jm-metropole.com.br\/site\/wp-content\/uploads\/2022\/02\/WhatsApp-Image-2022-02-08-at-18.55.51-696x464.jpeg 696w, https:\/\/jm-metropole.com.br\/site\/wp-content\/uploads\/2022\/02\/WhatsApp-Image-2022-02-08-at-18.55.51-1068x712.jpeg 1068w, https:\/\/jm-metropole.com.br\/site\/wp-content\/uploads\/2022\/02\/WhatsApp-Image-2022-02-08-at-18.55.51.jpeg 1280w\" sizes=\"auto, (max-width: 300px) 100vw, 300px\" \/>\u201c\u00c9 um momento muito importante, porque desde quando assumimos a administra\u00e7\u00e3o, tinha como uma das prioridades proporcionar mais qualidade de vida aos moradores da Vila S\u00e3o Francisco e agora estamos garantindo, por meio deste aditivo, a implanta\u00e7\u00e3o das redes de \u00e1gua e esgoto no bairro. S\u00e3o cerca de 850 fam\u00edlias que vivem na \u00e1rea que, atualmente, e quero muito ajud\u00e1-las e conto com a Sabesp para promover a melhoria da qualidade de vida dos moradores\u201d, afirmou a prefeita Marcia Bin.<\/p>\n<p>De acordo com a secret\u00e1ria de Meio Ambiente, durante todo o ano de 2021, a Prefeitura trabalha em parceria com a Sabesp para atualizar o Plano Municipal de Saneamento e, consequentemente, estar de acordo com o Marco Regulat\u00f3rio. \u201cForam in\u00fameras reuni\u00f5es, al\u00e9m da realiza\u00e7\u00e3o de audi\u00eancia p\u00fablica, para chegarmos neste momento t\u00e3o importante. Vale ressaltar que, para agilizar o processo, a Sabesp j\u00e1 est\u00e1 com o processo junto a Cetesb para obter o licenciamento para a implanta\u00e7\u00e3o da rede de \u00e1gua e, posteriormente, de esgoto\u201d, destacou Claudete.<\/p>\n<p>Marco Regulat\u00f3rio<\/p>\n<p>O Marco Regulat\u00f3rio do Saneamento B\u00e1sico traz algumas relevantes inova\u00e7\u00f5es como, por exemplo, a obrigatoriedade de os contratos preverem metas de desempenho e de universaliza\u00e7\u00e3o dos servi\u00e7os. Adota como princ\u00edpio a regionaliza\u00e7\u00e3o dos servi\u00e7os de saneamento; promove mudan\u00e7as substanciais na sua regula\u00e7\u00e3o; e estimula a concorr\u00eancia e a privatiza\u00e7\u00e3o das empresas estatais de saneamento, entre outras.<\/p>\n<p>FOTOS: Rodrigo Nagafuti \u2013 Secom Po\u00e1<\/p>\n","protected":false},"excerpt":{"rendered":"<p>Processo j\u00e1 est\u00e1 em andamento junto a Cetesb para obter o licenciamento para iniciar os servi\u00e7os de implanta\u00e7\u00e3o da rede de \u00e1gua A prefeita Marcia Bin assinou, na tarde desta ter\u00e7a-feira (8\/02), o termo aditivo do contrato com a Sabesp para atualiza\u00e7\u00e3o das metas conforme determina o Marco Regulat\u00f3rio de Saneamento B\u00e1sico, estipulado pelo Governo [&hellip;]<\/p>\n","protected":false},"author":1,"featured_media":477,"comment_status":"open","ping_status":"open","sticky":false,"template":"","format":"standard","meta":{"footnotes":""},"categories":[19],"tags":[],"class_list":{"0":"post-475","1":"post","2":"type-post","3":"status-publish","4":"format-standard","5":"has-post-thumbnail","7":"category-poa"},"_links":{"self":[{"href":"https:\/\/jm-metropole.com.br\/site\/wp-json\/wp\/v2\/posts\/475","targetHints":{"allow":["GET"]}}],"collection":[{"href":"https:\/\/jm-metropole.com.br\/site\/wp-json\/wp\/v2\/posts"}],"about":[{"href":"https:\/\/jm-metropole.com.br\/site\/wp-json\/wp\/v2\/types\/post"}],"author":[{"embeddable":true,"href":"https:\/\/jm-metropole.com.br\/site\/wp-json\/wp\/v2\/users\/1"}],"replies":[{"embeddable":true,"href":"https:\/\/jm-metropole.com.br\/site\/wp-json\/wp\/v2\/comments?post=475"}],"version-history":[{"count":1,"href":"https:\/\/jm-metropole.com.br\/site\/wp-json\/wp\/v2\/posts\/475\/revisions"}],"predecessor-version":[{"id":478,"href":"https:\/\/jm-metropole.com.br\/site\/wp-json\/wp\/v2\/posts\/475\/revisions\/478"}],"wp:featuredmedia":[{"embeddable":true,"href":"https:\/\/jm-metropole.com.br\/site\/wp-json\/wp\/v2\/media\/477"}],"wp:attachment":[{"href":"https:\/\/jm-metropole.com.br\/site\/wp-json\/wp\/v2\/media?parent=475"}],"wp:term":[{"taxonomy":"category","embeddable":true,"href":"https:\/\/jm-metropole.com.br\/site\/wp-json\/wp\/v2\/categories?post=475"},{"taxonomy":"post_tag","embeddable":true,"href":"https:\/\/jm-metropole.com.br\/site\/wp-json\/wp\/v2\/tags?post=475"}],"curies":[{"name":"wp","href":"https:\/\/api.w.org\/{rel}","templated":true}]}}