{"id":457,"date":"2022-01-26T17:21:19","date_gmt":"2022-01-26T20:21:19","guid":{"rendered":"https:\/\/jm-metropole.com.br\/site\/?p=457"},"modified":"2022-01-27T17:23:15","modified_gmt":"2022-01-27T20:23:15","slug":"carreta-da-mamografia-tem-inicio-nesta-terca-feira-em-poa","status":"publish","type":"post","link":"https:\/\/jm-metropole.com.br\/site\/carreta-da-mamografia-tem-inicio-nesta-terca-feira-em-poa\/","title":{"rendered":"Carreta da mamografia tem in\u00edcio nesta ter\u00e7a-feira em Po\u00e1"},"content":{"rendered":"<p><em>Servi\u00e7o segue no munic\u00edpio at\u00e9 o dia 5 de fevereiro e atende mulheres a partir de 35 anos; prefeita Marcia Bin acompanhou o in\u00edcio dos atendimentos<\/em><\/p>\n<p>A carreta da mamografia do programa estadual \u201cMulheres de Peito\u201d iniciou os atendimentos nesta ter\u00e7a-feira (25\/01), em parceria com a Secretaria Municipal de Sa\u00fade e a Secretaria da Mulher. O ve\u00edculo ficar\u00e1 instalado na rua Marquesa de Santos, 186, Jardim Medina, at\u00e9 o dia 5 de fevereiro e atende mulheres a partir dos 35 anos. A prefeita Marcia Bin e as secret\u00e1rias da Sa\u00fade (Claudia Cristina de Deus) e da Mulher (Gra\u00e7a Chaia Marques) acompanharam o primeiro dia de servi\u00e7o. \u201cFicamos muito felizes com a chegada deste projeto t\u00e3o importante para a nossa cidade, beneficiando assim as poaenses que necessitam realizar este exame. A a\u00e7\u00e3o visa incentiv\u00e1-las e apoi\u00e1-las na preven\u00e7\u00e3o contra o<br \/>\nc\u00e2ncer de mama. Estamos recebendo as pacientes com toda a estrutura necess\u00e1ria\u201d, enfatizou a prefeita Marcia Bin. O atendimento \u00e9 realizado das 8 \u00e0s 17 horas, de segunda a sexta-feira, e aos s\u00e1bados, das 8 \u00e0s 12 horas. \u00c9 recomendado chegar cedo para a realiza\u00e7\u00e3o do exame, pois o atendimento \u00e9 feito por ordem de chegada com a distribui\u00e7\u00e3o de senhas. Ser\u00e3o 50 vagas por dia de segunda a sexta-feira e 25 aos s\u00e1bados. Os exames s\u00e3o gratuitos e voltados para mulheres acima de 35 anos. O ve\u00edculo oferecer\u00e1 o exame de mamografias, gratuitamente, para as poaenses que se enquadram nesta faixa et\u00e1ria. Mulheres de 50 a 69 anos poder\u00e3o realizar o exame sem necessidade de encaminhamento m\u00e9dico ou agendamento feito por meio das Unidades B\u00e1sicas de Sa\u00fade (UBS\u2019s) da cidade. \u201cJ\u00e1 as pacientes de 35 a 49 anos, e acima dos 70 anos, precisam apresentar o pedido m\u00e9dico, cart\u00e3o do SUS e RG. Quem porventura n\u00e3o tiver este encaminhamento, pode retir\u00e1-lo na Secretaria de Sa\u00fade (rua<br \/>\nBar\u00e3o de Juparan\u00e1, 43 \u2013 Jardim Medina), das 8 \u00e0s 16 horas. J\u00e1 mulheresde 50 a 69 anos, bastam ter em m\u00e3os no momento do exame o cart\u00e3o do SUSe RG\u201d, explicou Claudia. Na ocasi\u00e3o, a Secretaria da Mulher estar\u00e1 arrecadando absorventes para<br \/>\nas jovens e mulheres em situa\u00e7\u00e3o de vulnerabilidade social, por meio da \u201cCampanha Dona Chica \u2013 Absorva Esta Ideia\u201d. \u201cEssa \u00e9 uma a\u00e7\u00e3o muito importante e quem puder ajudar ser\u00e1 de grande valia, pois neste in\u00edcio de ano estaremos contemplando as estudantes matriculadas em escolas municipais e estaduais\u201d, explicou a secret\u00e1ria da Pasta, Gra\u00e7a ChaiaMarques.<\/p>\n<p>Servi\u00e7o<br \/>\nCarreta da Mamografia \u201cMulheres de Peito\u201d<br \/>\nData: de 25\/01 a 05\/02<br \/>\nLocal: rua Marquesa de Santos, 186, Jardim Medina<br \/>\nHor\u00e1rio: 08h \u00e0s 17h de segunda a sexta-feira, e aos s\u00e1bados das 08h \u00e0s 12h<br \/>\nIndicado para mulheres a partir de 35 anos<br \/>\nA\u00e7\u00e3o Gratuita<\/p>\n<p>FOTOS: Rodrigo Nagafuti\/Secom Po\u00e1<\/p>\n","protected":false},"excerpt":{"rendered":"<p>Servi\u00e7o segue no munic\u00edpio at\u00e9 o dia 5 de fevereiro e atende mulheres a partir de 35 anos; prefeita Marcia Bin acompanhou o in\u00edcio dos atendimentos A carreta da mamografia do programa estadual \u201cMulheres de Peito\u201d iniciou os atendimentos nesta ter\u00e7a-feira (25\/01), em parceria com a Secretaria Municipal de Sa\u00fade e a Secretaria da Mulher. [&hellip;]<\/p>\n","protected":false},"author":1,"featured_media":458,"comment_status":"open","ping_status":"open","sticky":false,"template":"","format":"standard","meta":{"footnotes":""},"categories":[19,11],"tags":[],"class_list":{"0":"post-457","1":"post","2":"type-post","3":"status-publish","4":"format-standard","5":"has-post-thumbnail","7":"category-poa","8":"category-saude"},"_links":{"self":[{"href":"https:\/\/jm-metropole.com.br\/site\/wp-json\/wp\/v2\/posts\/457","targetHints":{"allow":["GET"]}}],"collection":[{"href":"https:\/\/jm-metropole.com.br\/site\/wp-json\/wp\/v2\/posts"}],"about":[{"href":"https:\/\/jm-metropole.com.br\/site\/wp-json\/wp\/v2\/types\/post"}],"author":[{"embeddable":true,"href":"https:\/\/jm-metropole.com.br\/site\/wp-json\/wp\/v2\/users\/1"}],"replies":[{"embeddable":true,"href":"https:\/\/jm-metropole.com.br\/site\/wp-json\/wp\/v2\/comments?post=457"}],"version-history":[{"count":1,"href":"https:\/\/jm-metropole.com.br\/site\/wp-json\/wp\/v2\/posts\/457\/revisions"}],"predecessor-version":[{"id":459,"href":"https:\/\/jm-metropole.com.br\/site\/wp-json\/wp\/v2\/posts\/457\/revisions\/459"}],"wp:featuredmedia":[{"embeddable":true,"href":"https:\/\/jm-metropole.com.br\/site\/wp-json\/wp\/v2\/media\/458"}],"wp:attachment":[{"href":"https:\/\/jm-metropole.com.br\/site\/wp-json\/wp\/v2\/media?parent=457"}],"wp:term":[{"taxonomy":"category","embeddable":true,"href":"https:\/\/jm-metropole.com.br\/site\/wp-json\/wp\/v2\/categories?post=457"},{"taxonomy":"post_tag","embeddable":true,"href":"https:\/\/jm-metropole.com.br\/site\/wp-json\/wp\/v2\/tags?post=457"}],"curies":[{"name":"wp","href":"https:\/\/api.w.org\/{rel}","templated":true}]}}