{"id":4536,"date":"2022-11-21T19:07:25","date_gmt":"2022-11-21T22:07:25","guid":{"rendered":"https:\/\/jm-metropole.com.br\/site\/?p=4536"},"modified":"2022-11-21T19:08:02","modified_gmt":"2022-11-21T22:08:02","slug":"holanda-estreia-com-vitoria-de-2-a-0-sobre-senegal","status":"publish","type":"post","link":"https:\/\/jm-metropole.com.br\/site\/holanda-estreia-com-vitoria-de-2-a-0-sobre-senegal\/","title":{"rendered":"Holanda estreia com vit\u00f3ria de 2 a 0 sobre Senegal"},"content":{"rendered":"<div class=\"col-lg-12 mb-3\">\n<div class=\"row\">\n<h3 class=\"col-10 offset-1 animated fadeInDown dealy-900 display-8 display-md-8 alt-font font-italic my-1 text-center\">Times mostram que est\u00e3o em outro patamar no Grupo A<\/h3>\n<\/div>\n<ul class=\"divider social-icons si-border round si-colored-bg-on-hover my-3\">\n<li style=\"list-style-type: none;\">\n<ul class=\"divider social-icons si-border round si-colored-bg-on-hover my-3\">Sem contar com a habilidade de Sadio Man\u00e9, cortado por contus\u00e3o, Senegal n\u00e3o se intimidou com a tradi\u00e7\u00e3o e o poderio da Holanda. Os africanos foram para cima, pressionaram muito, mas acabaram cedendo espa\u00e7o no finalzinho do 2\u00ba tempo e ca\u00edram por 2 a 0 em partida da primeira rodada do Grupo A da Copa do Catar disputada no Est\u00e1dio Al Thumama.<\/ul>\n<\/li>\n<\/ul>\n<\/div>\n<div class=\"col-xl-7 offset-xl-1 col-lg-8 offset-lg-0 col-md-10 offset-md-1 mb-3\">\n<div class=\"post-item alt-font\">\n<div class=\"post-item-wrap\">\n<p><img decoding=\"async\" src=\"https:\/\/agenciabrasil.ebc.com.br\/ebc.png?id=1494654&amp;o=node\" \/><img decoding=\"async\" src=\"https:\/\/agenciabrasil.ebc.com.br\/ebc.gif?id=1494654&amp;o=node\" \/>Logo nos primeiros minutos de bola rolando, as duas sele\u00e7\u00f5es j\u00e1 mostraram que n\u00e3o estavam dispostas a um jogo morno. Estudar o advers\u00e1rio? Que nada. Melhor partir logo para cima.<\/p>\n<p>Aos 18 minutos, em um r\u00e1pido contra-ataque, Frank De Jong perdeu um gol feito. Frente a frente com o goleiro Edouard Mendy, o meio-campista preferiu fazer duas firulas, ficou sem espa\u00e7o e desperdi\u00e7ou a chance de abrir o placar para a Holanda.<\/p>\n<p>Aos 24, foi a chance de Sarr, que chutou de fora, mas a bola, que ia com endere\u00e7o certo, foi cortada de cabe\u00e7a na \u00e1rea holandesa.<\/p>\n<p>Por\u00e9m, toda a movimenta\u00e7\u00e3o das duas sele\u00e7\u00f5es e os toques de primeira acabaram sendo neutralizados por defesas atentas e jogadores muito altos. Berghuis percebeu que entrar na \u00e1rea era dif\u00edcil e arriscou da meia-lua, finalizando sobre o gol de Mendy aos 39 minutos.<\/p>\n<p>O senegal\u00eas Sarr respondeu no minuto seguinte, cruzando rasteiro na pequena \u00e1rea, entre o zagueiro e o goleiro Noppert. Mas os defensores da Holanda souberam afastar o perigo.<\/p>\n<p>Desta forma, repleto de emo\u00e7\u00f5es, mas sem gols, o brasileiro Wilton Pereira Sampaio apitou o fim do 1\u00ba tempo.<\/p>\n<div class=\"twitter-tweet twitter-tweet-rendered\"><\/div>\n<p>Na etapa final, logo aos 7 minutos, Van Dijk cabeceou sozinho um escanteio, mas a bola subiu mais do que deveria e a Holanda continuava desperdi\u00e7ando chances claras.<\/p>\n<p>Aos 19, foi a vez de Dia receber na \u00e1rea, girar e chutar no cantinho. O gigantesco goleiro Noppert, de 2,03 metros, saltou e espalmou. Aos 27, Senegal teve outra chance de ouro, quando Gana Gueye encheu o p\u00e9 da meia-lua da grande \u00e1rea, mas Noppert voltou a brilhar.<\/p>\n<p>Quando tudo indicava que os europeus estavam perdendo criatividade, enfim, aos 39 minutos, num levantamento para a \u00e1rea, o meia-atacante Cody Gakpo, do PSV, saltou mais alto que o goleiro Mendy e cabeceou para as redes para marcar 1 a 0. Injusto? Talvez.<\/p>\n<p>A partir da\u00ed, Senegal sentiu o gol e teve poucas chances para empatar. J\u00e1 a Holanda soube enfrentar o jogo duro, com empurr\u00f5es e v\u00e1rios choques de cabe\u00e7a pelo alto, amea\u00e7ando novamente aos 53 minutos, quando Memphis Depay chutou fraco, Mendy espalmou para frente e Davy Klaassen, que entrou aos 32 da etapa final, s\u00f3 completou para as redes para dar n\u00fameros finais ao confronto: 2 a 0.<\/p>\n<p>Agora, a lideran\u00e7a do Grupo A est\u00e1 dividida entre Holanda e Equador, justamente os rivais da segunda rodada da chave, na pr\u00f3xima sexta-feira (25). Nesta partida, os europeus s\u00e3o considerados favoritos. J\u00e1 o Senegal tem a obriga\u00e7\u00e3o de se recuperar diante do Catar no mesmo dia.<\/p>\n<p>*Com informa\u00e7\u00f5es de Ag\u00eancia Brasil<\/p>\n<\/div>\n<\/div>\n<\/div>\n","protected":false},"excerpt":{"rendered":"<p>Times mostram que est\u00e3o em outro patamar no Grupo A Sem contar com a habilidade de Sadio Man\u00e9, cortado por contus\u00e3o, Senegal n\u00e3o se intimidou com a tradi\u00e7\u00e3o e o poderio da Holanda. Os africanos foram para cima, pressionaram muito, mas acabaram cedendo espa\u00e7o no finalzinho do 2\u00ba tempo e ca\u00edram por 2 a 0 [&hellip;]<\/p>\n","protected":false},"author":1,"featured_media":4538,"comment_status":"open","ping_status":"open","sticky":false,"template":"","format":"standard","meta":{"footnotes":""},"categories":[1],"tags":[],"class_list":{"0":"post-4536","1":"post","2":"type-post","3":"status-publish","4":"format-standard","5":"has-post-thumbnail","7":"category-tudo"},"_links":{"self":[{"href":"https:\/\/jm-metropole.com.br\/site\/wp-json\/wp\/v2\/posts\/4536","targetHints":{"allow":["GET"]}}],"collection":[{"href":"https:\/\/jm-metropole.com.br\/site\/wp-json\/wp\/v2\/posts"}],"about":[{"href":"https:\/\/jm-metropole.com.br\/site\/wp-json\/wp\/v2\/types\/post"}],"author":[{"embeddable":true,"href":"https:\/\/jm-metropole.com.br\/site\/wp-json\/wp\/v2\/users\/1"}],"replies":[{"embeddable":true,"href":"https:\/\/jm-metropole.com.br\/site\/wp-json\/wp\/v2\/comments?post=4536"}],"version-history":[{"count":2,"href":"https:\/\/jm-metropole.com.br\/site\/wp-json\/wp\/v2\/posts\/4536\/revisions"}],"predecessor-version":[{"id":4539,"href":"https:\/\/jm-metropole.com.br\/site\/wp-json\/wp\/v2\/posts\/4536\/revisions\/4539"}],"wp:featuredmedia":[{"embeddable":true,"href":"https:\/\/jm-metropole.com.br\/site\/wp-json\/wp\/v2\/media\/4538"}],"wp:attachment":[{"href":"https:\/\/jm-metropole.com.br\/site\/wp-json\/wp\/v2\/media?parent=4536"}],"wp:term":[{"taxonomy":"category","embeddable":true,"href":"https:\/\/jm-metropole.com.br\/site\/wp-json\/wp\/v2\/categories?post=4536"},{"taxonomy":"post_tag","embeddable":true,"href":"https:\/\/jm-metropole.com.br\/site\/wp-json\/wp\/v2\/tags?post=4536"}],"curies":[{"name":"wp","href":"https:\/\/api.w.org\/{rel}","templated":true}]}}