{"id":4530,"date":"2022-11-21T18:50:49","date_gmt":"2022-11-21T21:50:49","guid":{"rendered":"https:\/\/jm-metropole.com.br\/site\/?p=4530"},"modified":"2022-11-21T18:50:49","modified_gmt":"2022-11-21T21:50:49","slug":"prefeito-anuncia-novo-secretario-de-comunicacao-publica-de-suzano","status":"publish","type":"post","link":"https:\/\/jm-metropole.com.br\/site\/prefeito-anuncia-novo-secretario-de-comunicacao-publica-de-suzano\/","title":{"rendered":"Prefeito anuncia novo secret\u00e1rio de Comunica\u00e7\u00e3o P\u00fablica de Suzano"},"content":{"rendered":"<p dir=\"ltr\">Jornalista Paulo Pavione assumiu o comando da pasta nesta segunda-feira (21\/11), ap\u00f3s ser comunicado por Rodrigo Ashiuchi, pela primeira-dama Larissa Ashiuchi e pelo chefe de Gabinete, Afr\u00e2nio Evaristo da Silva<\/p>\n<p dir=\"ltr\">O prefeito Rodrigo Ashiuchi nomeou o jornalista Paulo Pavione como o novo secret\u00e1rio de Comunica\u00e7\u00e3o P\u00fablica da Prefeitura de Suzano. A portaria n\u00ba 45.713\/2022, que o oficializa no cargo, foi publicada nesta segunda-feira (21\/11). Ele, que at\u00e9 ent\u00e3o exercia a fun\u00e7\u00e3o de assessor estrat\u00e9gico, assumir\u00e1 o lugar do chefe de Gabinete Afr\u00e2nio Evaristo da Silva, que ocupava o comando da pasta interinamente desde 7 de novembro.<\/p>\n<p dir=\"ltr\">O an\u00fancio foi feito pelo pr\u00f3prio prefeito aos integrantes da secretaria, na manh\u00e3 desta segunda-feira, ao lado da presidente do Fundo Social de Solidariedade, a primeira-dama Larissa Ashiuchi. \u201cO Paulo est\u00e1 conosco desde o in\u00edcio da gest\u00e3o, em 2017, e ao longo desse per\u00edodo mostrou toda sua dedica\u00e7\u00e3o e compet\u00eancia. Um profissional exemplar que, agora, com muita justi\u00e7a, assumir\u00e1 uma fun\u00e7\u00e3o com o mesmo esmero e brilhantismo. Ele e a equipe s\u00e3o t\u00e3o afinados que, na pr\u00e1tica, nada muda, e isso \u00e9 muito bom, porque seguiremos com uma comunica\u00e7\u00e3o que tem sido destaque em toda a regi\u00e3o \u201d, destacou o chefe do Executivo.<\/p>\n<p dir=\"ltr\">Para Larissa, a atua\u00e7\u00e3o de Paulo Pavione sempre fez a diferen\u00e7a no desempenho da Secretaria de Comunica\u00e7\u00e3o P\u00fablica, o que o al\u00e7ou a condi\u00e7\u00e3o de ser nomeado para a fun\u00e7\u00e3o. \u201cN\u00e3o temos d\u00favida de que o Paulo desenvolver\u00e1 um belo trabalho, principalmente com uma equipe de excelentes profissionais que sempre o acompanham em sua trajet\u00f3ria aqui na prefeitura. Ser\u00e1 uma grande responsabilidade \u2013 e tamb\u00e9m um verdadeiro desafio \u2013, mas o governo sabe de sua capacidade para conduzir a pasta\u201d, enfatizou a primeira-dama.<\/p>\n<p dir=\"ltr\">O novo secret\u00e1rio, por sua vez, agradeceu ao prefeito pela confian\u00e7a nele depositada e afirmou que seguir\u00e1 se dedicando ao m\u00e1ximo agora \u00e0 frente da secretaria. Lembrou das conquistas e dos resultados obtidos e garantiu que o setor continuar\u00e1 atuando com o foco em possibilitar uma comunica\u00e7\u00e3o de excel\u00eancia para a prefeitura e, consequentemente, para a popula\u00e7\u00e3o.<\/p>\n<p dir=\"ltr\">\u201cSou imensamente grato ao prefeito Rodrigo Ashiuchi e \u00e0 primeira-dama Larissa Ashiuchi e afirmo que farei tudo o que estiver ao meu alcance e al\u00e9m para honrar esse compromisso, que recebo com bastante alegria e disposi\u00e7\u00e3o. Temos realizado um trabalho muito importante na secretaria e ser\u00e1 nossa miss\u00e3o manter o n\u00edvel daqui em diante. O governo pode contar conosco ainda mais\u201d, disse.<\/p>\n<p dir=\"ltr\"><b>Curr\u00edculo<\/b><\/p>\n<p dir=\"ltr\">Paulo Pavione Miyanishi tem 27 anos e \u00e9 jornalista formado pela Faculdade Paulus de Tecnologia e Comunica\u00e7\u00e3o, a Fapcom, de S\u00e3o Paulo.<\/p>\n<p dir=\"ltr\">Iniciou sua carreira estagiando como analista de m\u00eddias sociais na empresa ICustomer. Foi rep\u00f3rter nos jornais O Di\u00e1rio de Ferraz e Cen\u00e1rio Not\u00edcias e por um ano e meio atuou na assessoria de imprensa da Prefeitura de Ferraz de Vasconcelos.<\/p>\n<p dir=\"ltr\">Tamb\u00e9m estagiou como assessor de Imprensa do Instituto Butantan, em S\u00e3o Paulo, e esteve \u00e0 frente do setor de Comunica\u00e7\u00e3o da Editora Alpem\/Mepla. Desde janeiro de 2017 atua na Secretaria de Comunica\u00e7\u00e3o P\u00fablica da Prefeitura de Suzano, tornando-se agora o titular da pasta.<\/p>\n<p dir=\"ltr\">Paulo Pavione \u00e9 capacitado em \u201cGest\u00e3o de M\u00eddias Sociais\u201d pela Universidade Belas Artes; em \u201cComunica\u00e7\u00e3o P\u00fablica\u201d pela Faculdade Casper L\u00edbero; e em \u201cVideojornalismo: narrativas visuais para plataformas digitais\u201d pelo Jornalismo das Am\u00e9ricas; al\u00e9m de ter especializa\u00e7\u00e3o em \u201cMarketing Pol\u00edtico e Campanhas Eleitorais\u201d pela Pontif\u00edcia Universidade Cat\u00f3lica de S\u00e3o Paulo (PUC-SP). Atualmente, \u00e9 p\u00f3s-graduando em \u201cGest\u00e3o da Comunica\u00e7\u00e3o Digital e M\u00eddias Sociais\u201d pela Universidade Anhembi Morumbi.<\/p>\n<p dir=\"ltr\">Autor do livro \u201cAt\u00e9 que a morte nos separe\u201d, o jornalista apresenta palestras em f\u00f3runs, universidades, escolas e em cursos independentes sobre \u201cO Ciclo da Viol\u00eancia Dom\u00e9stica Contra as Mulheres\u201d e \u201cAssessoria de Imprensa\u201d.<\/p>\n<p dir=\"ltr\">Desde 2018, \u00e9 professor volunt\u00e1rio do Servi\u00e7o de A\u00e7\u00e3o Social e Projetos Especiais (Saspe) e do Centro de Conviv\u00eancia da Melhor Idade Maria Picoletti, lecionando sobre \u201cAlfabetiza\u00e7\u00e3o Digital\u201d e \u201cRedes Sociais para a Melhor Idade\u201d.<\/p>\n<p dir=\"ltr\">Em fevereiro de 2019, recebeu mo\u00e7\u00e3o de aplauso da C\u00e2mara de Suzano pela atua\u00e7\u00e3o como jornalista do Poder Executivo e pelo trabalho voltado ao enfrentamento \u00e0 viol\u00eancia dom\u00e9stica. No m\u00eas de maio de 2022, voltou a ser homenageado pela Casa de Leis suzanense pelos servi\u00e7os prestados \u00e0 cidade por meio da Comunica\u00e7\u00e3o.<\/p>\n<p>&nbsp;<\/p>\n<p dir=\"ltr\">Cr\u00e9dito das fotos: Andreza Rodrigues\/Secop Suzano<\/p>\n","protected":false},"excerpt":{"rendered":"<p>Jornalista Paulo Pavione assumiu o comando da pasta nesta segunda-feira (21\/11), ap\u00f3s ser comunicado por Rodrigo Ashiuchi, pela primeira-dama Larissa Ashiuchi e pelo chefe de Gabinete, Afr\u00e2nio Evaristo da Silva O prefeito Rodrigo Ashiuchi nomeou o jornalista Paulo Pavione como o novo secret\u00e1rio de Comunica\u00e7\u00e3o P\u00fablica da Prefeitura de Suzano. A portaria n\u00ba 45.713\/2022, que [&hellip;]<\/p>\n","protected":false},"author":1,"featured_media":4531,"comment_status":"open","ping_status":"open","sticky":false,"template":"","format":"standard","meta":{"footnotes":""},"categories":[9],"tags":[],"class_list":{"0":"post-4530","1":"post","2":"type-post","3":"status-publish","4":"format-standard","5":"has-post-thumbnail","7":"category-suzano"},"_links":{"self":[{"href":"https:\/\/jm-metropole.com.br\/site\/wp-json\/wp\/v2\/posts\/4530","targetHints":{"allow":["GET"]}}],"collection":[{"href":"https:\/\/jm-metropole.com.br\/site\/wp-json\/wp\/v2\/posts"}],"about":[{"href":"https:\/\/jm-metropole.com.br\/site\/wp-json\/wp\/v2\/types\/post"}],"author":[{"embeddable":true,"href":"https:\/\/jm-metropole.com.br\/site\/wp-json\/wp\/v2\/users\/1"}],"replies":[{"embeddable":true,"href":"https:\/\/jm-metropole.com.br\/site\/wp-json\/wp\/v2\/comments?post=4530"}],"version-history":[{"count":1,"href":"https:\/\/jm-metropole.com.br\/site\/wp-json\/wp\/v2\/posts\/4530\/revisions"}],"predecessor-version":[{"id":4532,"href":"https:\/\/jm-metropole.com.br\/site\/wp-json\/wp\/v2\/posts\/4530\/revisions\/4532"}],"wp:featuredmedia":[{"embeddable":true,"href":"https:\/\/jm-metropole.com.br\/site\/wp-json\/wp\/v2\/media\/4531"}],"wp:attachment":[{"href":"https:\/\/jm-metropole.com.br\/site\/wp-json\/wp\/v2\/media?parent=4530"}],"wp:term":[{"taxonomy":"category","embeddable":true,"href":"https:\/\/jm-metropole.com.br\/site\/wp-json\/wp\/v2\/categories?post=4530"},{"taxonomy":"post_tag","embeddable":true,"href":"https:\/\/jm-metropole.com.br\/site\/wp-json\/wp\/v2\/tags?post=4530"}],"curies":[{"name":"wp","href":"https:\/\/api.w.org\/{rel}","templated":true}]}}