{"id":4450,"date":"2022-11-17T17:43:38","date_gmt":"2022-11-17T20:43:38","guid":{"rendered":"https:\/\/jm-metropole.com.br\/site\/?p=4450"},"modified":"2022-11-17T17:43:38","modified_gmt":"2022-11-17T20:43:38","slug":"bailes-60-serao-retomados-a-partir-do-proximo-dia-30","status":"publish","type":"post","link":"https:\/\/jm-metropole.com.br\/site\/bailes-60-serao-retomados-a-partir-do-proximo-dia-30\/","title":{"rendered":"Bailes 60+ ser\u00e3o retomados a partir do pr\u00f3ximo dia 30"},"content":{"rendered":"<p>Os Bailes 60+, promovidos pela Subsecretaria de Pol\u00edticas para o Idoso (SPI) de Guarulhos, ser\u00e3o retomados a partir do pr\u00f3ximo dia 30 (quarta-feira), quando um evento ir\u00e1 acontecer no Centro de Integra\u00e7\u00e3o\u00a0da Cidadania (CIC) Pimentas\u00a0das 8h \u00e0s 12h. A atividade estava suspensa h\u00e1 mais de dois anos em raz\u00e3o das restri\u00e7\u00f5es impostas pela pandemia de covid-19.<\/p>\n<p>Entre os benef\u00edcios da dan\u00e7a est\u00e3o melhoria da sa\u00fade, do bem-estar, do humor, do sono e a socializa\u00e7\u00e3o. Para a pessoa idosa ela\u00a0tamb\u00e9m auxilia na melhora da coordena\u00e7\u00e3o e do equil\u00edbrio, o que evita quedas.<\/p>\n<p>Coordenados pela SPI, integrante da Secretaria de Direitos Humanos, os Bailes 60+ fazem parte do Programa de Envelhecimento Ativo, que disponibiliza atividades de recrea\u00e7\u00e3o, f\u00edsicas e de lazer \u00e0 turma da melhor idade (pessoas acima de 60 anos) tendo em vista a promo\u00e7\u00e3o da qualidade de vida, da sa\u00fade e a integra\u00e7\u00e3o do segmento.<\/p>\n<p>Confira a programa\u00e7\u00e3o<br \/>\n30\/12 (quarta-feira) &#8211; das 8h \u00e0s 12h &#8211; Baile 60+ no Centro de Integra\u00e7\u00e3o da Cidadania (CIC) Pimentas (estrada do Cap\u00e3o Bonito, 53, Pimentas)<br \/>\n3\/12 (s\u00e1bado) &#8211; das 14h \u00e0s 17h &#8211; Baile 60+ no CEU Presidente Dutra (final da rua Maria de Paula Motta, Jardim Presidente Dutra)<br \/>\n13\/12 (ter\u00e7a-feira) &#8211; das 8h \u00e0s 12h &#8211; Baile 60 + com os participantes do projeto Academia na Pra\u00e7a 60+ na pra\u00e7a Francisco Pompeu (Vila F\u00e1tima)<br \/>\n16\/12 (sexta-feira) &#8211; das 8h \u00e0s 12h &#8211; Baile 60+ no Centro de Integra\u00e7\u00e3o da Cidadania (CIC) Pimentas (estrada do Cap\u00e3o Bonito, 53, Pimentas)<\/p>\n","protected":false},"excerpt":{"rendered":"<p>Os Bailes 60+, promovidos pela Subsecretaria de Pol\u00edticas para o Idoso (SPI) de Guarulhos, ser\u00e3o retomados a partir do pr\u00f3ximo dia 30 (quarta-feira), quando um evento ir\u00e1 acontecer no Centro de Integra\u00e7\u00e3o\u00a0da Cidadania (CIC) Pimentas\u00a0das 8h \u00e0s 12h. A atividade estava suspensa h\u00e1 mais de dois anos em raz\u00e3o das restri\u00e7\u00f5es impostas pela pandemia de [&hellip;]<\/p>\n","protected":false},"author":1,"featured_media":4451,"comment_status":"open","ping_status":"open","sticky":false,"template":"","format":"standard","meta":{"footnotes":""},"categories":[3],"tags":[],"class_list":{"0":"post-4450","1":"post","2":"type-post","3":"status-publish","4":"format-standard","5":"has-post-thumbnail","7":"category-guarulhos"},"_links":{"self":[{"href":"https:\/\/jm-metropole.com.br\/site\/wp-json\/wp\/v2\/posts\/4450","targetHints":{"allow":["GET"]}}],"collection":[{"href":"https:\/\/jm-metropole.com.br\/site\/wp-json\/wp\/v2\/posts"}],"about":[{"href":"https:\/\/jm-metropole.com.br\/site\/wp-json\/wp\/v2\/types\/post"}],"author":[{"embeddable":true,"href":"https:\/\/jm-metropole.com.br\/site\/wp-json\/wp\/v2\/users\/1"}],"replies":[{"embeddable":true,"href":"https:\/\/jm-metropole.com.br\/site\/wp-json\/wp\/v2\/comments?post=4450"}],"version-history":[{"count":1,"href":"https:\/\/jm-metropole.com.br\/site\/wp-json\/wp\/v2\/posts\/4450\/revisions"}],"predecessor-version":[{"id":4452,"href":"https:\/\/jm-metropole.com.br\/site\/wp-json\/wp\/v2\/posts\/4450\/revisions\/4452"}],"wp:featuredmedia":[{"embeddable":true,"href":"https:\/\/jm-metropole.com.br\/site\/wp-json\/wp\/v2\/media\/4451"}],"wp:attachment":[{"href":"https:\/\/jm-metropole.com.br\/site\/wp-json\/wp\/v2\/media?parent=4450"}],"wp:term":[{"taxonomy":"category","embeddable":true,"href":"https:\/\/jm-metropole.com.br\/site\/wp-json\/wp\/v2\/categories?post=4450"},{"taxonomy":"post_tag","embeddable":true,"href":"https:\/\/jm-metropole.com.br\/site\/wp-json\/wp\/v2\/tags?post=4450"}],"curies":[{"name":"wp","href":"https:\/\/api.w.org\/{rel}","templated":true}]}}