{"id":4444,"date":"2022-11-17T15:24:25","date_gmt":"2022-11-17T18:24:25","guid":{"rendered":"https:\/\/jm-metropole.com.br\/site\/?p=4444"},"modified":"2022-11-17T15:24:25","modified_gmt":"2022-11-17T18:24:25","slug":"biblioteca-monteiro-lobato-disponibiliza-obras-relacionadas-ao-dia-da-consciencia-negra","status":"publish","type":"post","link":"https:\/\/jm-metropole.com.br\/site\/biblioteca-monteiro-lobato-disponibiliza-obras-relacionadas-ao-dia-da-consciencia-negra\/","title":{"rendered":"Biblioteca Monteiro Lobato disponibiliza obras relacionadas ao Dia da Consci\u00eancia Negra"},"content":{"rendered":"<p>Para fortalecer e contribuir com os debates acerca da igualdade racial, a Biblioteca Monteiro Lobato elaborou uma sele\u00e7\u00e3o de obras de diferentes escritores e g\u00eaneros para celebrar o Dia da Consci\u00eancia Negra. O painel com as obras est\u00e1 dispon\u00edvel para consulta e empr\u00e9stimo no piso superior da biblioteca e recebe visita\u00e7\u00e3o at\u00e9 o pr\u00f3ximo dia\u00a030, de\u00a0segunda\u00a0a\u00a0sexta-feira, das 9h \u00e0s 17h.<\/p>\n<p>Dentre as obras destacadas est\u00e3o\u00a0Pequeno Manual Antirracista, da fil\u00f3sofa brasileira Djamila Ribeiro,\u00a0Hero\u00ednas Negras Brasileiras em Cord\u00e9is, da cordelista e poeta tamb\u00e9m brasileira Jarid Arraes, e\u00a0Um Apelo \u00e0 Consci\u00eancia: Os Melhores Discursos de Martin Luther King, do ativista pol\u00edtico norte-americano Martin Luther King Jr., entre outras.<\/p>\n<p>Institu\u00eddo pela lei 12.519\/2011, o\u00a020 de novembro\u00a0foi escolhido como Dia da Consci\u00eancia Negra em men\u00e7\u00e3o \u00e0 morte de Zumbi dos Palmares. Essa celebra\u00e7\u00e3o objetiva trazer como reflex\u00e3o a import\u00e2ncia do povo e da cultura africana na constru\u00e7\u00e3o do pa\u00eds e evidenciar os processos de luta do povo negro contra o racismo, por a\u00e7\u00f5es afirmativas e de repara\u00e7\u00e3o.<br \/>\nIniciativa da Secretaria de Cultura de Guarulhos, a sele\u00e7\u00e3o de obras feita pelos servidores da Biblioteca Monteiro Lobato integra o projeto BML Indica e tem como objetivo a circula\u00e7\u00e3o de pessoas pelos espa\u00e7os p\u00fablicos de fomento ao livro e \u00e0 leitura da cidade.<\/p>\n<p>Para conhecer a programa\u00e7\u00e3o de eventos culturais que acontecem em Guarulhos acesse\u00a0https:\/\/www.guarulhos.sp.gov.br\/agendacultural.<\/p>\n","protected":false},"excerpt":{"rendered":"<p>Para fortalecer e contribuir com os debates acerca da igualdade racial, a Biblioteca Monteiro Lobato elaborou uma sele\u00e7\u00e3o de obras de diferentes escritores e g\u00eaneros para celebrar o Dia da Consci\u00eancia Negra. O painel com as obras est\u00e1 dispon\u00edvel para consulta e empr\u00e9stimo no piso superior da biblioteca e recebe visita\u00e7\u00e3o at\u00e9 o pr\u00f3ximo dia\u00a030, [&hellip;]<\/p>\n","protected":false},"author":1,"featured_media":4445,"comment_status":"open","ping_status":"open","sticky":false,"template":"","format":"standard","meta":{"footnotes":""},"categories":[3],"tags":[],"class_list":{"0":"post-4444","1":"post","2":"type-post","3":"status-publish","4":"format-standard","5":"has-post-thumbnail","7":"category-guarulhos"},"_links":{"self":[{"href":"https:\/\/jm-metropole.com.br\/site\/wp-json\/wp\/v2\/posts\/4444","targetHints":{"allow":["GET"]}}],"collection":[{"href":"https:\/\/jm-metropole.com.br\/site\/wp-json\/wp\/v2\/posts"}],"about":[{"href":"https:\/\/jm-metropole.com.br\/site\/wp-json\/wp\/v2\/types\/post"}],"author":[{"embeddable":true,"href":"https:\/\/jm-metropole.com.br\/site\/wp-json\/wp\/v2\/users\/1"}],"replies":[{"embeddable":true,"href":"https:\/\/jm-metropole.com.br\/site\/wp-json\/wp\/v2\/comments?post=4444"}],"version-history":[{"count":1,"href":"https:\/\/jm-metropole.com.br\/site\/wp-json\/wp\/v2\/posts\/4444\/revisions"}],"predecessor-version":[{"id":4446,"href":"https:\/\/jm-metropole.com.br\/site\/wp-json\/wp\/v2\/posts\/4444\/revisions\/4446"}],"wp:featuredmedia":[{"embeddable":true,"href":"https:\/\/jm-metropole.com.br\/site\/wp-json\/wp\/v2\/media\/4445"}],"wp:attachment":[{"href":"https:\/\/jm-metropole.com.br\/site\/wp-json\/wp\/v2\/media?parent=4444"}],"wp:term":[{"taxonomy":"category","embeddable":true,"href":"https:\/\/jm-metropole.com.br\/site\/wp-json\/wp\/v2\/categories?post=4444"},{"taxonomy":"post_tag","embeddable":true,"href":"https:\/\/jm-metropole.com.br\/site\/wp-json\/wp\/v2\/tags?post=4444"}],"curies":[{"name":"wp","href":"https:\/\/api.w.org\/{rel}","templated":true}]}}