{"id":4419,"date":"2022-11-16T16:59:25","date_gmt":"2022-11-16T19:59:25","guid":{"rendered":"https:\/\/jm-metropole.com.br\/site\/?p=4419"},"modified":"2022-11-16T16:59:25","modified_gmt":"2022-11-16T19:59:25","slug":"miragem-de-valeria-custodio-e-lancado-com-sucesso-e-a-participacao-do-publico-no-sesc-mogi","status":"publish","type":"post","link":"https:\/\/jm-metropole.com.br\/site\/miragem-de-valeria-custodio-e-lancado-com-sucesso-e-a-participacao-do-publico-no-sesc-mogi\/","title":{"rendered":"\u2018Miragem\u2019, de Val\u00e9ria Cust\u00f3dio, \u00e9 lan\u00e7ado com sucesso e a participa\u00e7\u00e3o do p\u00fablico no Sesc Mogi"},"content":{"rendered":"<p>Show com banda formada exclusivamente por mulheres celebrou o novo \u00e1lbum da cantora mogiana<\/p>\n<p>Com homenagem emocionada \u00e0 Gal Costa. Assim come\u00e7ou o show de lan\u00e7amento do \u00e1lbum \u2018Miragem\u2019, da cantora mogiana Val\u00e9ria Cust\u00f3dio, na \u00faltima quinta-feira (10), no Sesc Mogi. Como ela havia prometido, iniciou cantando sozinha no palco, mas n\u00e3o demorou para que as mais de 100 pessoas presentes no Sesc Mogi correspondessem \u00e0s emo\u00e7\u00f5es. Teve gente que cantou, teve gente que dan\u00e7ou. Uma miragem aos olhos e ouvidos, j\u00e1 que o nome do projeto permite o trocadilho.<\/p>\n<p>A cantora, mogiana de 27 anos, j\u00e1 havia antecipado que a melhor receita era n\u00e3o esperar nada da apresenta\u00e7\u00e3o, e sim senti-la. Isso porque ela estaria ali, no palco, n\u00e3o apenas para cantar, mas para externalizar sentimentos que marcaram a passagem dela pela pandemia de Covid-19, reflex\u00f5es sobre temas como o tempo, o respeito, a cultura afro e a religiosidade.<\/p>\n<p>Para isso, uma sequ\u00eancia diferente da que pode ser ouvida nas plataformas digitais foi montada. Tudo come\u00e7ou mais cadenciado, sobre sentimentos muito \u00edntimos, de recolha, mas com as participa\u00e7\u00f5es de Paulo Betzler e Kau Caldas, o clima foi ganhando tom dan\u00e7ante e feliz, pautado pelo amor contido nas letras, nos instrumentos, nos olhares e no reencontro.<\/p>\n<p>O cl\u00edmax foi atingido quando a banda completa se formou. Nesse ponto, n\u00e3o era poss\u00edvel resistir a tenta\u00e7\u00e3o de bater palmas para acompanhar as can\u00e7\u00f5es. Com a voz e o viol\u00e3o de Val\u00e9ria Cust\u00f3dio, o piano de Juliana Rodrigues, a guitarra de Thais Naomi na guitarra e o contrabaixo de Cynthia Santos, quem estava l\u00e1 p\u00f4de ouvir uma representa\u00e7\u00e3o muito fiel do material gravado em est\u00fadio.<\/p>\n<p>E mais: teve tamb\u00e9m can\u00e7\u00f5es do EP anterior da artista, \u2018P\u00farpura\u2019, e ainda algumas surpresas. O primeiro single lan\u00e7ado, \u2018\u00c1gua Pra se Benzer\u2019, provou que merece o lugar de mais reproduzido no Spotify, e foi tocado duas vezes, ganhando o cora\u00e7\u00e3o e a energia de quem cantou junto; \u2018Ela\u2019, m\u00fasica reconhecida como um dos 20 melhores lan\u00e7amentos do mercado fonogr\u00e1fico em outubro, empolgou \u2013 e muito na performance ao vivo.<\/p>\n<p>Mas talvez o mais belo dos momentos tenha sido criada na faixa \u2018Odoy\u00e1\u2019, que ganhou uma import\u00e2ncia maior, j\u00e1 que as palavras \u201ce me aliei ao verbo amar\u201d foram compartilhadas com a plateia, que abra\u00e7ou a ideia e cantou, como fosse um mantra.<\/p>\n<p>Este momento, inclusive, est\u00e1 dispon\u00edvel nas redes sociais de Val\u00e9ria Cust\u00f3dio (@valeriacustodiooficial), onde h\u00e1 tamb\u00e9m outros v\u00eddeos e onde ser\u00e3o disponibilizadas informa\u00e7\u00f5es sobre os pr\u00f3ximos shows. J\u00e1 o disco pode ser ouvido na \u00edntegra clicando aqui: https:\/\/open.spotify.com\/album\/6kfiLvWKIkYlEGGqWZDc6s?si=KG64Y6bMQ66X6NYf9u9gag.<\/p>\n","protected":false},"excerpt":{"rendered":"<p>Show com banda formada exclusivamente por mulheres celebrou o novo \u00e1lbum da cantora mogiana Com homenagem emocionada \u00e0 Gal Costa. Assim come\u00e7ou o show de lan\u00e7amento do \u00e1lbum \u2018Miragem\u2019, da cantora mogiana Val\u00e9ria Cust\u00f3dio, na \u00faltima quinta-feira (10), no Sesc Mogi. Como ela havia prometido, iniciou cantando sozinha no palco, mas n\u00e3o demorou para que [&hellip;]<\/p>\n","protected":false},"author":1,"featured_media":4420,"comment_status":"open","ping_status":"open","sticky":false,"template":"","format":"standard","meta":{"footnotes":""},"categories":[10],"tags":[],"class_list":{"0":"post-4419","1":"post","2":"type-post","3":"status-publish","4":"format-standard","5":"has-post-thumbnail","7":"category-mogi-das-cruzes"},"_links":{"self":[{"href":"https:\/\/jm-metropole.com.br\/site\/wp-json\/wp\/v2\/posts\/4419","targetHints":{"allow":["GET"]}}],"collection":[{"href":"https:\/\/jm-metropole.com.br\/site\/wp-json\/wp\/v2\/posts"}],"about":[{"href":"https:\/\/jm-metropole.com.br\/site\/wp-json\/wp\/v2\/types\/post"}],"author":[{"embeddable":true,"href":"https:\/\/jm-metropole.com.br\/site\/wp-json\/wp\/v2\/users\/1"}],"replies":[{"embeddable":true,"href":"https:\/\/jm-metropole.com.br\/site\/wp-json\/wp\/v2\/comments?post=4419"}],"version-history":[{"count":1,"href":"https:\/\/jm-metropole.com.br\/site\/wp-json\/wp\/v2\/posts\/4419\/revisions"}],"predecessor-version":[{"id":4421,"href":"https:\/\/jm-metropole.com.br\/site\/wp-json\/wp\/v2\/posts\/4419\/revisions\/4421"}],"wp:featuredmedia":[{"embeddable":true,"href":"https:\/\/jm-metropole.com.br\/site\/wp-json\/wp\/v2\/media\/4420"}],"wp:attachment":[{"href":"https:\/\/jm-metropole.com.br\/site\/wp-json\/wp\/v2\/media?parent=4419"}],"wp:term":[{"taxonomy":"category","embeddable":true,"href":"https:\/\/jm-metropole.com.br\/site\/wp-json\/wp\/v2\/categories?post=4419"},{"taxonomy":"post_tag","embeddable":true,"href":"https:\/\/jm-metropole.com.br\/site\/wp-json\/wp\/v2\/tags?post=4419"}],"curies":[{"name":"wp","href":"https:\/\/api.w.org\/{rel}","templated":true}]}}