{"id":4412,"date":"2022-11-16T11:45:53","date_gmt":"2022-11-16T14:45:53","guid":{"rendered":"https:\/\/jm-metropole.com.br\/site\/?p=4412"},"modified":"2022-11-16T11:45:53","modified_gmt":"2022-11-16T14:45:53","slug":"fabio-cabecao-vistoria-operacao-tapa-buraco-em-rua-do-barreto","status":"publish","type":"post","link":"https:\/\/jm-metropole.com.br\/site\/fabio-cabecao-vistoria-operacao-tapa-buraco-em-rua-do-barreto\/","title":{"rendered":"F\u00e1bio Cabe\u00e7\u00e3o vistoria Opera\u00e7\u00e3o Tapa-Buraco em rua do Barreto"},"content":{"rendered":"<div class=\"row\">\n<div class=\"col-sm-12 col-md-12 col-lg-12 col-xs-12\">\n<p>Prefeitura atendeu solicita\u00e7\u00e3o do parlamentar<\/p>\n<\/div>\n<\/div>\n<div class=\"row\">\n<div class=\"col-sm-12 col-md-12 col-lg-12 col-xs-12\">\n<div class=\"col-sm-12 col-md-7 col-lg-7 col-xs-12\">\n<p>O vereador F\u00e1bio Cabe\u00e7\u00e3o (Rede) vistoriou na manh\u00e3 dessa quinta-feira (10\/11) os servi\u00e7os de tapa-buraco realizados pela Prefeitura de Aruj\u00e1 no Parque Rodrigo Barreto.<\/p>\n<p>A equipe da Secretaria de Servi\u00e7os concentrou os trabalhos em toda a extens\u00e3o da rua Maria C\u00edcera Rodrigues (antiga Rua E).<\/p>\n<p>A melhoria foi solicitada \u00e0 Prefeitura por F\u00e1bio Cabe\u00e7\u00e3o a pedido dos moradores. \u201cGostaria de agradecer a Secretaria de Servi\u00e7os por atender essa demanda e possibilitar que tanto motoristas quanto pedestres enfrentem menos dificuldades ao trafegar pela rua\u201d, salientou o parlamentar.<\/p>\n<p>F\u00e1bio assumiu a cadeira de vereador na Sess\u00e3o Ordin\u00e1ria da \u00faltima segunda-feira (7\/11) no lugar do seu colega de partido, Rafael Laranjeira, que pediu afastamento pelo per\u00edodo de 30 dias.<\/p>\n<\/div>\n<\/div>\n<\/div>\n","protected":false},"excerpt":{"rendered":"<p>Prefeitura atendeu solicita\u00e7\u00e3o do parlamentar O vereador F\u00e1bio Cabe\u00e7\u00e3o (Rede) vistoriou na manh\u00e3 dessa quinta-feira (10\/11) os servi\u00e7os de tapa-buraco realizados pela Prefeitura de Aruj\u00e1 no Parque Rodrigo Barreto. A equipe da Secretaria de Servi\u00e7os concentrou os trabalhos em toda a extens\u00e3o da rua Maria C\u00edcera Rodrigues (antiga Rua E). A melhoria foi solicitada \u00e0 [&hellip;]<\/p>\n","protected":false},"author":1,"featured_media":4413,"comment_status":"open","ping_status":"open","sticky":false,"template":"","format":"standard","meta":{"footnotes":""},"categories":[1],"tags":[],"class_list":{"0":"post-4412","1":"post","2":"type-post","3":"status-publish","4":"format-standard","5":"has-post-thumbnail","7":"category-tudo"},"_links":{"self":[{"href":"https:\/\/jm-metropole.com.br\/site\/wp-json\/wp\/v2\/posts\/4412","targetHints":{"allow":["GET"]}}],"collection":[{"href":"https:\/\/jm-metropole.com.br\/site\/wp-json\/wp\/v2\/posts"}],"about":[{"href":"https:\/\/jm-metropole.com.br\/site\/wp-json\/wp\/v2\/types\/post"}],"author":[{"embeddable":true,"href":"https:\/\/jm-metropole.com.br\/site\/wp-json\/wp\/v2\/users\/1"}],"replies":[{"embeddable":true,"href":"https:\/\/jm-metropole.com.br\/site\/wp-json\/wp\/v2\/comments?post=4412"}],"version-history":[{"count":1,"href":"https:\/\/jm-metropole.com.br\/site\/wp-json\/wp\/v2\/posts\/4412\/revisions"}],"predecessor-version":[{"id":4414,"href":"https:\/\/jm-metropole.com.br\/site\/wp-json\/wp\/v2\/posts\/4412\/revisions\/4414"}],"wp:featuredmedia":[{"embeddable":true,"href":"https:\/\/jm-metropole.com.br\/site\/wp-json\/wp\/v2\/media\/4413"}],"wp:attachment":[{"href":"https:\/\/jm-metropole.com.br\/site\/wp-json\/wp\/v2\/media?parent=4412"}],"wp:term":[{"taxonomy":"category","embeddable":true,"href":"https:\/\/jm-metropole.com.br\/site\/wp-json\/wp\/v2\/categories?post=4412"},{"taxonomy":"post_tag","embeddable":true,"href":"https:\/\/jm-metropole.com.br\/site\/wp-json\/wp\/v2\/tags?post=4412"}],"curies":[{"name":"wp","href":"https:\/\/api.w.org\/{rel}","templated":true}]}}