{"id":438,"date":"2022-01-22T15:20:30","date_gmt":"2022-01-22T18:20:30","guid":{"rendered":"https:\/\/jm-metropole.com.br\/site\/?p=438"},"modified":"2022-01-24T21:33:55","modified_gmt":"2022-01-25T00:33:55","slug":"prefeitura-de-aruja-assina-convenio-com-a-policia-civil-para-gcm-registrar-ocorrencias-digitalmente","status":"publish","type":"post","link":"https:\/\/jm-metropole.com.br\/site\/prefeitura-de-aruja-assina-convenio-com-a-policia-civil-para-gcm-registrar-ocorrencias-digitalmente\/","title":{"rendered":"PREFEITURA DE ARUJ\u00c1 ASSINA CONV\u00caNIO COM A POL\u00cdCIA CIVIL PARA GCM REGISTRAR OCORR\u00caNCIAS DIGITALMENTE"},"content":{"rendered":"<p>A Prefeitura de Aruj\u00e1, representada pelo prefeito Dr Camargo, acompanhado do secret\u00e1rio municipal de Seguran\u00e7a, Washington Luiz Beolchi Adami, assinou um conv\u00eanio com a Pol\u00edcia Civil, atrav\u00e9s da Secretaria de Seguran\u00e7a P\u00fablica do Estado, para o compartilhamento de informa\u00e7\u00f5es sobre ocorr\u00eancias policiais entre a pol\u00edcia e a Guarda Civil Municipal (GCM). &#8220;Assim, a GCM de Aruj\u00e1 poder\u00e1 efetuar Registro Digital de Ocorr\u00eancia, facilitando ao cidad\u00e3o que necessite desse documento&#8221;, informou o prefeito.<br \/>\nJ\u00e1 de acordo com o secret\u00e1rio, agora os guardas receber\u00e3o treinamento adequado para acesso ao sistema e logo estar\u00e3o aptos a registrar as ocorr\u00eancias, que ser\u00e3o enviadas \u00e0 Pol\u00edcia Civil para as provid\u00eancias necess\u00e1rias.<br \/>\nParticiparam ainda da assinatura do conv\u00eanio o delegado titular da Pol\u00edcia Civil de Aruj\u00e1, Marcel Druziani, Ricardo Kondo Forti, delegado de pol\u00edcia assistente, Carlos Eduardo Viana Cavalcanti, delegado de pol\u00edcia assistente, Oswaldo Fantucci J\u00fanior, escriv\u00e3o de pol\u00edcia chefe e Alexandre Silva Ramos, GCM 1\u00aa Classe.<img loading=\"lazy\" decoding=\"async\" class=\"size-medium wp-image-440 aligncenter\" src=\"https:\/\/jm-metropole.com.br\/site\/wp-content\/uploads\/2022\/01\/WhatsApp-Image-2022-01-24-at-21.18.16-300x295.jpeg\" alt=\"\" width=\"300\" height=\"295\" srcset=\"https:\/\/jm-metropole.com.br\/site\/wp-content\/uploads\/2022\/01\/WhatsApp-Image-2022-01-24-at-21.18.16-300x295.jpeg 300w, https:\/\/jm-metropole.com.br\/site\/wp-content\/uploads\/2022\/01\/WhatsApp-Image-2022-01-24-at-21.18.16-150x148.jpeg 150w, https:\/\/jm-metropole.com.br\/site\/wp-content\/uploads\/2022\/01\/WhatsApp-Image-2022-01-24-at-21.18.16-696x685.jpeg 696w, https:\/\/jm-metropole.com.br\/site\/wp-content\/uploads\/2022\/01\/WhatsApp-Image-2022-01-24-at-21.18.16.jpeg 720w\" sizes=\"auto, (max-width: 300px) 100vw, 300px\" \/><\/p>\n","protected":false},"excerpt":{"rendered":"<p>A Prefeitura de Aruj\u00e1, representada pelo prefeito Dr Camargo, acompanhado do secret\u00e1rio municipal de Seguran\u00e7a, Washington Luiz Beolchi Adami, assinou um conv\u00eanio com a Pol\u00edcia Civil, atrav\u00e9s da Secretaria de Seguran\u00e7a P\u00fablica do Estado, para o compartilhamento de informa\u00e7\u00f5es sobre ocorr\u00eancias policiais entre a pol\u00edcia e a Guarda Civil Municipal (GCM). &#8220;Assim, a GCM de [&hellip;]<\/p>\n","protected":false},"author":1,"featured_media":439,"comment_status":"open","ping_status":"open","sticky":false,"template":"","format":"standard","meta":{"footnotes":""},"categories":[4,16],"tags":[],"class_list":{"0":"post-438","1":"post","2":"type-post","3":"status-publish","4":"format-standard","5":"has-post-thumbnail","7":"category-aruja","8":"category-seguranca"},"_links":{"self":[{"href":"https:\/\/jm-metropole.com.br\/site\/wp-json\/wp\/v2\/posts\/438","targetHints":{"allow":["GET"]}}],"collection":[{"href":"https:\/\/jm-metropole.com.br\/site\/wp-json\/wp\/v2\/posts"}],"about":[{"href":"https:\/\/jm-metropole.com.br\/site\/wp-json\/wp\/v2\/types\/post"}],"author":[{"embeddable":true,"href":"https:\/\/jm-metropole.com.br\/site\/wp-json\/wp\/v2\/users\/1"}],"replies":[{"embeddable":true,"href":"https:\/\/jm-metropole.com.br\/site\/wp-json\/wp\/v2\/comments?post=438"}],"version-history":[{"count":1,"href":"https:\/\/jm-metropole.com.br\/site\/wp-json\/wp\/v2\/posts\/438\/revisions"}],"predecessor-version":[{"id":441,"href":"https:\/\/jm-metropole.com.br\/site\/wp-json\/wp\/v2\/posts\/438\/revisions\/441"}],"wp:featuredmedia":[{"embeddable":true,"href":"https:\/\/jm-metropole.com.br\/site\/wp-json\/wp\/v2\/media\/439"}],"wp:attachment":[{"href":"https:\/\/jm-metropole.com.br\/site\/wp-json\/wp\/v2\/media?parent=438"}],"wp:term":[{"taxonomy":"category","embeddable":true,"href":"https:\/\/jm-metropole.com.br\/site\/wp-json\/wp\/v2\/categories?post=438"},{"taxonomy":"post_tag","embeddable":true,"href":"https:\/\/jm-metropole.com.br\/site\/wp-json\/wp\/v2\/tags?post=438"}],"curies":[{"name":"wp","href":"https:\/\/api.w.org\/{rel}","templated":true}]}}