{"id":435,"date":"2022-01-09T21:08:23","date_gmt":"2022-01-10T00:08:23","guid":{"rendered":"https:\/\/jm-metropole.com.br\/site\/?p=435"},"modified":"2022-01-24T21:11:00","modified_gmt":"2022-01-25T00:11:00","slug":"risco-de-rompimento-de-barragem-leva-alerta-maximo-a-cidades-de-mg-saiam-imediatamente-de-suas-casas-diz-prefeitura-de-para-de-minas","status":"publish","type":"post","link":"https:\/\/jm-metropole.com.br\/site\/risco-de-rompimento-de-barragem-leva-alerta-maximo-a-cidades-de-mg-saiam-imediatamente-de-suas-casas-diz-prefeitura-de-para-de-minas\/","title":{"rendered":"Risco de rompimento de barragem leva &#8216;alerta m\u00e1ximo &#8216; a cidades de MG: &#8216;Saiam imediatamente de suas casas&#8217;, diz prefeitura de Par\u00e1 de Minas"},"content":{"rendered":"<p>Comunicado sobre poss\u00edvel incidente na Usina Carioca deixa em aten\u00e7\u00e3o m\u00e1xima munic\u00edpios de Par\u00e1 de Minas, Pitangui, On\u00e7a de Pitangui, S\u00e3o Jo\u00e3o de Cima, Casquilho de Baixo, Casquilho de Cima e Concei\u00e7\u00e3o do Par\u00e1<br \/>\nO estado de Minas Gerais continua sendo castigado pelos efeitos das chuvas fortes que caem h\u00e1 pelo menos tr\u00eas dias.<br \/>\nNa noite deste domingo, a prefeitura de Par\u00e1 de Minas, cidade do interior, emitiu um alerta m\u00e1ximo aos moradores sobre o risco de rompimento da barragem da Usina do Carioca.<br \/>\nSegundo o comunicado, moradores de Par\u00e1 de Minas, Pitangui, On\u00e7a de Pitangui, S\u00e3o Jo\u00e3o de Cima, Casquilho de Baixo, Casquilho de Cima e Concei\u00e7\u00e3o do Par\u00e1 devem sair imediatamente de suas casas por conta de &#8220;alto risco&#8221;, conforme recomenda\u00e7\u00f5es da prefeitura e da Defesa Civil.<\/p>\n<p>99% de chance&#8217;<\/p>\n<p>Nas redes sociais, moradores tamb\u00e9m compartilham o v\u00eddeo de um bombeiro desesperado alertando a moradores para que deixem suas casas.<br \/>\nSegundo ele, a altura do rio S\u00e3o Jo\u00e3o pode subir mais de 60m. Ele orienta que as pessoas &#8220;sumam&#8221; do lugar, para que preservem suas vidas.<\/p>\n<p>Fonte : O Globo<\/p>\n","protected":false},"excerpt":{"rendered":"<p>Comunicado sobre poss\u00edvel incidente na Usina Carioca deixa em aten\u00e7\u00e3o m\u00e1xima munic\u00edpios de Par\u00e1 de Minas, Pitangui, On\u00e7a de Pitangui, S\u00e3o Jo\u00e3o de Cima, Casquilho de Baixo, Casquilho de Cima e Concei\u00e7\u00e3o do Par\u00e1 O estado de Minas Gerais continua sendo castigado pelos efeitos das chuvas fortes que caem h\u00e1 pelo menos tr\u00eas dias. Na [&hellip;]<\/p>\n","protected":false},"author":1,"featured_media":436,"comment_status":"open","ping_status":"open","sticky":false,"template":"","format":"standard","meta":{"footnotes":""},"categories":[1],"tags":[],"class_list":{"0":"post-435","1":"post","2":"type-post","3":"status-publish","4":"format-standard","5":"has-post-thumbnail","7":"category-tudo"},"_links":{"self":[{"href":"https:\/\/jm-metropole.com.br\/site\/wp-json\/wp\/v2\/posts\/435","targetHints":{"allow":["GET"]}}],"collection":[{"href":"https:\/\/jm-metropole.com.br\/site\/wp-json\/wp\/v2\/posts"}],"about":[{"href":"https:\/\/jm-metropole.com.br\/site\/wp-json\/wp\/v2\/types\/post"}],"author":[{"embeddable":true,"href":"https:\/\/jm-metropole.com.br\/site\/wp-json\/wp\/v2\/users\/1"}],"replies":[{"embeddable":true,"href":"https:\/\/jm-metropole.com.br\/site\/wp-json\/wp\/v2\/comments?post=435"}],"version-history":[{"count":1,"href":"https:\/\/jm-metropole.com.br\/site\/wp-json\/wp\/v2\/posts\/435\/revisions"}],"predecessor-version":[{"id":437,"href":"https:\/\/jm-metropole.com.br\/site\/wp-json\/wp\/v2\/posts\/435\/revisions\/437"}],"wp:featuredmedia":[{"embeddable":true,"href":"https:\/\/jm-metropole.com.br\/site\/wp-json\/wp\/v2\/media\/436"}],"wp:attachment":[{"href":"https:\/\/jm-metropole.com.br\/site\/wp-json\/wp\/v2\/media?parent=435"}],"wp:term":[{"taxonomy":"category","embeddable":true,"href":"https:\/\/jm-metropole.com.br\/site\/wp-json\/wp\/v2\/categories?post=435"},{"taxonomy":"post_tag","embeddable":true,"href":"https:\/\/jm-metropole.com.br\/site\/wp-json\/wp\/v2\/tags?post=435"}],"curies":[{"name":"wp","href":"https:\/\/api.w.org\/{rel}","templated":true}]}}