{"id":417,"date":"2022-01-21T15:28:33","date_gmt":"2022-01-21T18:28:33","guid":{"rendered":"https:\/\/jm-metropole.com.br\/site\/?p=417"},"modified":"2022-01-21T15:28:33","modified_gmt":"2022-01-21T18:28:33","slug":"gcm-atende-pedido-de-familia-arujaense-e-marca-presenca-em-aniversario-de-crianca","status":"publish","type":"post","link":"https:\/\/jm-metropole.com.br\/site\/gcm-atende-pedido-de-familia-arujaense-e-marca-presenca-em-aniversario-de-crianca\/","title":{"rendered":"GCM atende pedido de fam\u00edlia arujaense e marca presen\u00e7a em anivers\u00e1rio de crian\u00e7a"},"content":{"rendered":"<p>A pequena Ana Alice completou 2 anos neste \u00faltimo s\u00e1bado (15) e a fam\u00edlia dela preparou um bolinho para celebrar a data, por\u00e9m, antes da comemora\u00e7\u00e3o, fizeram quest\u00e3o de convidar a Guarda Civil Municipal (GCM) para fazer parte desse momento especial, pois a crian\u00e7a havia pedido a presen\u00e7a dos guardas em seu anivers\u00e1rio. Ao ver a GCM na festa, a crian\u00e7a ficou muito feliz e emocionada. &#8220;Desejamos a ela muitos anos de vida, com sa\u00fade e muita divers\u00e3o&#8221;, disse a GCM Fabiana.<\/p>\n<p><img loading=\"lazy\" decoding=\"async\" class=\"alignleft  wp-image-419\" src=\"https:\/\/jm-metropole.com.br\/site\/wp-content\/uploads\/2022\/01\/WhatsApp-Image-2022-01-21-at-15.01.07-169x300.jpeg\" alt=\"\" width=\"218\" height=\"387\" srcset=\"https:\/\/jm-metropole.com.br\/site\/wp-content\/uploads\/2022\/01\/WhatsApp-Image-2022-01-21-at-15.01.07-169x300.jpeg 169w, https:\/\/jm-metropole.com.br\/site\/wp-content\/uploads\/2022\/01\/WhatsApp-Image-2022-01-21-at-15.01.07-576x1024.jpeg 576w, https:\/\/jm-metropole.com.br\/site\/wp-content\/uploads\/2022\/01\/WhatsApp-Image-2022-01-21-at-15.01.07-150x267.jpeg 150w, https:\/\/jm-metropole.com.br\/site\/wp-content\/uploads\/2022\/01\/WhatsApp-Image-2022-01-21-at-15.01.07-300x533.jpeg 300w, https:\/\/jm-metropole.com.br\/site\/wp-content\/uploads\/2022\/01\/WhatsApp-Image-2022-01-21-at-15.01.07.jpeg 585w\" sizes=\"auto, (max-width: 218px) 100vw, 218px\" \/>A Guarda Civil Municipal de Aruj\u00e1 (GCM) trabalha para manter a ordem p\u00fablica atuando no policiamento preventivo, mas tamb\u00e9m est\u00e1 \u00e0 disposi\u00e7\u00e3o do cidad\u00e3o arujaense em todos os momentos, inclusive quando a miss\u00e3o \u00e9 fazer a alegria de uma crian\u00e7a, pontuou a Secretaria Municipal de Seguran\u00e7a.<\/p>\n<p>O prefeito Dr. Camargo e o efetivo da GCM de Aruj\u00e1 desejam muita sa\u00fade, amor e muitos anos de vida \u00e0 pequena Ana Alice!<\/p>\n","protected":false},"excerpt":{"rendered":"<p>A pequena Ana Alice completou 2 anos neste \u00faltimo s\u00e1bado (15) e a fam\u00edlia dela preparou um bolinho para celebrar a data, por\u00e9m, antes da comemora\u00e7\u00e3o, fizeram quest\u00e3o de convidar a Guarda Civil Municipal (GCM) para fazer parte desse momento especial, pois a crian\u00e7a havia pedido a presen\u00e7a dos guardas em seu anivers\u00e1rio. Ao ver [&hellip;]<\/p>\n","protected":false},"author":1,"featured_media":418,"comment_status":"open","ping_status":"open","sticky":false,"template":"","format":"standard","meta":{"footnotes":""},"categories":[4],"tags":[],"class_list":{"0":"post-417","1":"post","2":"type-post","3":"status-publish","4":"format-standard","5":"has-post-thumbnail","7":"category-aruja"},"_links":{"self":[{"href":"https:\/\/jm-metropole.com.br\/site\/wp-json\/wp\/v2\/posts\/417","targetHints":{"allow":["GET"]}}],"collection":[{"href":"https:\/\/jm-metropole.com.br\/site\/wp-json\/wp\/v2\/posts"}],"about":[{"href":"https:\/\/jm-metropole.com.br\/site\/wp-json\/wp\/v2\/types\/post"}],"author":[{"embeddable":true,"href":"https:\/\/jm-metropole.com.br\/site\/wp-json\/wp\/v2\/users\/1"}],"replies":[{"embeddable":true,"href":"https:\/\/jm-metropole.com.br\/site\/wp-json\/wp\/v2\/comments?post=417"}],"version-history":[{"count":1,"href":"https:\/\/jm-metropole.com.br\/site\/wp-json\/wp\/v2\/posts\/417\/revisions"}],"predecessor-version":[{"id":420,"href":"https:\/\/jm-metropole.com.br\/site\/wp-json\/wp\/v2\/posts\/417\/revisions\/420"}],"wp:featuredmedia":[{"embeddable":true,"href":"https:\/\/jm-metropole.com.br\/site\/wp-json\/wp\/v2\/media\/418"}],"wp:attachment":[{"href":"https:\/\/jm-metropole.com.br\/site\/wp-json\/wp\/v2\/media?parent=417"}],"wp:term":[{"taxonomy":"category","embeddable":true,"href":"https:\/\/jm-metropole.com.br\/site\/wp-json\/wp\/v2\/categories?post=417"},{"taxonomy":"post_tag","embeddable":true,"href":"https:\/\/jm-metropole.com.br\/site\/wp-json\/wp\/v2\/tags?post=417"}],"curies":[{"name":"wp","href":"https:\/\/api.w.org\/{rel}","templated":true}]}}