{"id":413,"date":"2022-01-21T15:23:21","date_gmt":"2022-01-21T18:23:21","guid":{"rendered":"https:\/\/jm-metropole.com.br\/site\/?p=413"},"modified":"2022-01-22T18:11:50","modified_gmt":"2022-01-22T21:11:50","slug":"guararema-completa-um-ano-de-vacinacao-contra-a-covid-19-ampliando-imunizacao-para-criancas-sem-comorbidades","status":"publish","type":"post","link":"https:\/\/jm-metropole.com.br\/site\/guararema-completa-um-ano-de-vacinacao-contra-a-covid-19-ampliando-imunizacao-para-criancas-sem-comorbidades\/","title":{"rendered":"Guararema completa um ano de vacina\u00e7\u00e3o contra a Covid-19 ampliando imuniza\u00e7\u00e3o para crian\u00e7as sem comorbidades"},"content":{"rendered":"<p><em>Na data que marca um ano do in\u00edcio da imuniza\u00e7\u00e3o, Sa\u00fade libera cadastro para agendamento de todas as crian\u00e7as de 6 a 11 anos<\/em><\/p>\n<p>1 ano. 365 dias. Quase 63 mil doses aplicadas. Mais de 27,5 mil pessoas vacinadas. Nesta sexta-feira (21), Guararema completou 1 ano de vacina\u00e7\u00e3o contra a Covid-19. Iniciada em 21 de janeiro de 2021, a imuniza\u00e7\u00e3o teve in\u00edcio com profissionais da Sa\u00fade, se estendeu para idosos at\u00e9 estar, hoje, disponibilizada para todas com mais de 6 anos. Tamb\u00e9m nesta sexta-feira (21), a Secretaria Municipal de Sa\u00fade abriu o cadastro para vacina\u00e7\u00e3o de crian\u00e7as de 6 a 11 anos sem comorbidades.<\/p>\n<p><img loading=\"lazy\" decoding=\"async\" class=\"alignleft  wp-image-361\" src=\"https:\/\/jm-metropole.com.br\/site\/wp-content\/uploads\/2022\/01\/WhatsApp-Image-2022-01-18-at-11.13.28-1-300x200.jpeg\" alt=\"\" width=\"323\" height=\"215\" srcset=\"https:\/\/jm-metropole.com.br\/site\/wp-content\/uploads\/2022\/01\/WhatsApp-Image-2022-01-18-at-11.13.28-1-300x200.jpeg 300w, https:\/\/jm-metropole.com.br\/site\/wp-content\/uploads\/2022\/01\/WhatsApp-Image-2022-01-18-at-11.13.28-1-1024x682.jpeg 1024w, https:\/\/jm-metropole.com.br\/site\/wp-content\/uploads\/2022\/01\/WhatsApp-Image-2022-01-18-at-11.13.28-1-768x512.jpeg 768w, https:\/\/jm-metropole.com.br\/site\/wp-content\/uploads\/2022\/01\/WhatsApp-Image-2022-01-18-at-11.13.28-1-150x100.jpeg 150w, https:\/\/jm-metropole.com.br\/site\/wp-content\/uploads\/2022\/01\/WhatsApp-Image-2022-01-18-at-11.13.28-1-696x464.jpeg 696w, https:\/\/jm-metropole.com.br\/site\/wp-content\/uploads\/2022\/01\/WhatsApp-Image-2022-01-18-at-11.13.28-1-1068x712.jpeg 1068w, https:\/\/jm-metropole.com.br\/site\/wp-content\/uploads\/2022\/01\/WhatsApp-Image-2022-01-18-at-11.13.28-1.jpeg 1280w\" sizes=\"auto, (max-width: 323px) 100vw, 323px\" \/>Agora, todas as pessoas com mais de 5anos j\u00e1 podem se cadastrar e agendar sua vacina\u00e7\u00e3o. A amplia\u00e7\u00e3o do grupo se deu pelo recebimento de doses da vacina Coronavac. Ao longo deste ano de vacina\u00e7\u00e3o, a Prefeitura de Guararema se mobilizou para que a vacina\u00e7\u00e3o chegasse a todas os guararemenses.<\/p>\n<p>Foram realizados 5 Dias D da Vacina\u00e7\u00e3o, foi constru\u00edda a Central de Vacina\u00e7\u00e3o Coronav\u00edrus, no bairro Nogueira e, neste ano, a imuniza\u00e7\u00e3o passou a ser descentralizada, agora sendo realizada nas Unidades B\u00e1sicas de Sa\u00fade do Lambari, Jardim Dulce e na Unidade Nogueira (antiga Cevac).<\/p>\n<p><img loading=\"lazy\" decoding=\"async\" class=\"alignleft  wp-image-415\" src=\"https:\/\/jm-metropole.com.br\/site\/wp-content\/uploads\/2022\/01\/WhatsApp-Image-2022-01-21-at-14.35.10-300x200.jpeg\" alt=\"\" width=\"335\" height=\"223\" srcset=\"https:\/\/jm-metropole.com.br\/site\/wp-content\/uploads\/2022\/01\/WhatsApp-Image-2022-01-21-at-14.35.10-300x200.jpeg 300w, https:\/\/jm-metropole.com.br\/site\/wp-content\/uploads\/2022\/01\/WhatsApp-Image-2022-01-21-at-14.35.10-1024x682.jpeg 1024w, https:\/\/jm-metropole.com.br\/site\/wp-content\/uploads\/2022\/01\/WhatsApp-Image-2022-01-21-at-14.35.10-768x512.jpeg 768w, https:\/\/jm-metropole.com.br\/site\/wp-content\/uploads\/2022\/01\/WhatsApp-Image-2022-01-21-at-14.35.10-150x100.jpeg 150w, https:\/\/jm-metropole.com.br\/site\/wp-content\/uploads\/2022\/01\/WhatsApp-Image-2022-01-21-at-14.35.10-696x464.jpeg 696w, https:\/\/jm-metropole.com.br\/site\/wp-content\/uploads\/2022\/01\/WhatsApp-Image-2022-01-21-at-14.35.10-1068x712.jpeg 1068w, https:\/\/jm-metropole.com.br\/site\/wp-content\/uploads\/2022\/01\/WhatsApp-Image-2022-01-21-at-14.35.10.jpeg 1280w\" sizes=\"auto, (max-width: 335px) 100vw, 335px\" \/>\u201cHoje \u00e9 uma data muito importante que representa todo o esfor\u00e7o da Prefeitura para que a vacina\u00e7\u00e3o contra a Covid-19 fosse um sucesso em Guararema\u201d, afirma o prefeito Z\u00e9. \u201cRealizamos o planejamento, preparamos toda a log\u00edstica de distribui\u00e7\u00e3o de doses e, de acordo com o recebimento de doses, liberamos os agendamentos e aumentamos a prote\u00e7\u00e3o da nossa popula\u00e7\u00e3o\u201d, completa.<\/p>\n<p>A vacina\u00e7\u00e3o contra a Covid-19 em Guararema foi destaque na m\u00eddia quando configurou na 5\u00aa coloca\u00e7\u00e3o do ranking de cidades que mais vacinavam a popula\u00e7\u00e3o dentre os 39 munic\u00edpios da Regi\u00e3o Metropolitana de S\u00e3o Paulo, de acordo com o levantamento da Secretaria Estadual de Sa\u00fade.<\/p>\n<p>Por conta da vacina\u00e7\u00e3o, Guararema registrou queda de 71% nos \u00f3bitos para a doen\u00e7a e de 76% na quantidade de casos no final de 2021. Entre outubro e dezembro o munic\u00edpio registrou 129 casos e quatro mortes, n\u00famero significativamente menor do que entre julho e setembro, quando 554 casos foram diagnosticados e 14 mortes registradas.<\/p>\n<p>Cadastro vacina\u00e7\u00e3o<\/p>\n<p>O cadastro para crian\u00e7as com mais de 6 anos, est\u00e1 dispon\u00edvel no Vacina.Digital, no site da Prefeitura de Guararema (guararema.sp.gov.br), no banner da p\u00e1gina inicial ou no link \u201cCadastramento Para Vacina\u00e7\u00e3o da Covid-19\u201d.<\/p>\n","protected":false},"excerpt":{"rendered":"<p>Na data que marca um ano do in\u00edcio da imuniza\u00e7\u00e3o, Sa\u00fade libera cadastro para agendamento de todas as crian\u00e7as de 6 a 11 anos 1 ano. 365 dias. Quase 63 mil doses aplicadas. Mais de 27,5 mil pessoas vacinadas. Nesta sexta-feira (21), Guararema completou 1 ano de vacina\u00e7\u00e3o contra a Covid-19. Iniciada em 21 de [&hellip;]<\/p>\n","protected":false},"author":1,"featured_media":414,"comment_status":"open","ping_status":"open","sticky":false,"template":"","format":"standard","meta":{"footnotes":""},"categories":[8,11],"tags":[],"class_list":{"0":"post-413","1":"post","2":"type-post","3":"status-publish","4":"format-standard","5":"has-post-thumbnail","7":"category-guararema","8":"category-saude"},"_links":{"self":[{"href":"https:\/\/jm-metropole.com.br\/site\/wp-json\/wp\/v2\/posts\/413","targetHints":{"allow":["GET"]}}],"collection":[{"href":"https:\/\/jm-metropole.com.br\/site\/wp-json\/wp\/v2\/posts"}],"about":[{"href":"https:\/\/jm-metropole.com.br\/site\/wp-json\/wp\/v2\/types\/post"}],"author":[{"embeddable":true,"href":"https:\/\/jm-metropole.com.br\/site\/wp-json\/wp\/v2\/users\/1"}],"replies":[{"embeddable":true,"href":"https:\/\/jm-metropole.com.br\/site\/wp-json\/wp\/v2\/comments?post=413"}],"version-history":[{"count":3,"href":"https:\/\/jm-metropole.com.br\/site\/wp-json\/wp\/v2\/posts\/413\/revisions"}],"predecessor-version":[{"id":427,"href":"https:\/\/jm-metropole.com.br\/site\/wp-json\/wp\/v2\/posts\/413\/revisions\/427"}],"wp:featuredmedia":[{"embeddable":true,"href":"https:\/\/jm-metropole.com.br\/site\/wp-json\/wp\/v2\/media\/414"}],"wp:attachment":[{"href":"https:\/\/jm-metropole.com.br\/site\/wp-json\/wp\/v2\/media?parent=413"}],"wp:term":[{"taxonomy":"category","embeddable":true,"href":"https:\/\/jm-metropole.com.br\/site\/wp-json\/wp\/v2\/categories?post=413"},{"taxonomy":"post_tag","embeddable":true,"href":"https:\/\/jm-metropole.com.br\/site\/wp-json\/wp\/v2\/tags?post=413"}],"curies":[{"name":"wp","href":"https:\/\/api.w.org\/{rel}","templated":true}]}}