{"id":3767,"date":"2022-10-21T08:05:01","date_gmt":"2022-10-21T11:05:01","guid":{"rendered":"https:\/\/jm-metropole.com.br\/site\/?p=3767"},"modified":"2022-10-21T08:05:01","modified_gmt":"2022-10-21T11:05:01","slug":"mais-de-240-alunos-concluem-cursos-profissionalizantes-do-fundo-social-de-mogi","status":"publish","type":"post","link":"https:\/\/jm-metropole.com.br\/site\/mais-de-240-alunos-concluem-cursos-profissionalizantes-do-fundo-social-de-mogi\/","title":{"rendered":"Mais de 240 alunos concluem cursos profissionalizantes do Fundo Social de Mogi"},"content":{"rendered":"<div class=\"col-sm-8 col-md-9 col-lg-9\">\n<div id=\"conteudo\" class=\"conteudo\">\n<p>O Fundo Social de Mogi das Cruzes promoveu, na noite desta quarta-feira (19\/10), cerim\u00f4nia de encerramento do ciclo 3 de 2022 dos cursos profissionalizantes gratuitos oferecidos pelo \u00f3rg\u00e3o. Ao todo, 247 alunos receberam os certificados de conclus\u00e3o de cursos feitos entre os meses de agosto e setembro deste ano.<\/p>\n<p>Os alunos conclu\u00edram cursos de padaria artesanal e costura b\u00e1sica, com aulas realizadas na Escola de Empreendedorismo e Inova\u00e7\u00e3o e no Polo da Vila Brasileira. Tudo foi ofertado de forma gratuita, incluindo os insumos necess\u00e1rios para o ensino das t\u00e9cnicas.<\/p>\n<p>\u201cHoje voc\u00eas est\u00e3o encerrando um ciclo de aprendizado por meio dos nossos cursos. A atua\u00e7\u00e3o do Fundo Social tem v\u00e1rias ramifica\u00e7\u00f5es, por\u00e9m os cursos s\u00e3o a menina dos meus olhos, porque eles s\u00e3o uma oportunidade gratuita e \u00fanica para que voc\u00eas abracem o conhecimento e tenham uma nova perspectiva de gera\u00e7\u00e3o de renda, seja com uma coloca\u00e7\u00e3o no mercado de trabalho ou ent\u00e3o com a\u00e7\u00f5es de empreendedorismo\u201d, destacou a presidente do Fundo Social de Mogi das Cruzes, Simone Margenet Cunha.<\/p>\n<p>A cerim\u00f4nia tamb\u00e9m contou com a presen\u00e7a do prefeito, Caio Cunha e da vice-prefeita, Priscila Yamagami K\u00e4hler. \u201cO Fundo Social \u00e9 um orgulho para todos n\u00f3s e gostaria de cumprimentar toda a equipe do Fundo, os volunt\u00e1rios do SOU e os professores, porque o trabalho que voc\u00eas desenvolvem marca a vida das pessoas. Parab\u00e9ns, tenham uma linda jornada e contem sempre conosco\u201d, destacou a vice-prefeita.<\/p>\n<p>Al\u00e9m dos alunos, seus familiares e dos professores que ministraram os cursos, a solenidade contou com a presen\u00e7a de volunt\u00e1rios do SOU \u2013 o banco de volunt\u00e1rios do Fundo Social.<\/p>\n<p>O Fundo Social continua promovendo cursos profissionalizantes gratuitos, pelo quarto e \u00faltimo ciclo do ano, que teve in\u00edcio neste m\u00eas de outubro. Est\u00e3o em andamento neste momento cursos das \u00e1reas de costura e gastronomia.<\/p>\n<p>Ap\u00f3s um longo per\u00edodo de interrup\u00e7\u00e3o, em fun\u00e7\u00e3o da pandemia da Covid-19, o Fundo Social de Mogi retomou neste ano os cursos profissionalizantes gratuitos. S\u00e3o, ao todo, quatro ciclos ao longo do ano e o pr\u00f3ximo ter\u00e1 inscri\u00e7\u00f5es abertas no primeiro trimestre de 2023.<\/p>\n<p>&nbsp;<\/p>\n<div class=\"text-center\"><\/div>\n<\/div>\n<\/div>\n","protected":false},"excerpt":{"rendered":"<p>O Fundo Social de Mogi das Cruzes promoveu, na noite desta quarta-feira (19\/10), cerim\u00f4nia de encerramento do ciclo 3 de 2022 dos cursos profissionalizantes gratuitos oferecidos pelo \u00f3rg\u00e3o. Ao todo, 247 alunos receberam os certificados de conclus\u00e3o de cursos feitos entre os meses de agosto e setembro deste ano. Os alunos conclu\u00edram cursos de padaria [&hellip;]<\/p>\n","protected":false},"author":1,"featured_media":3768,"comment_status":"open","ping_status":"open","sticky":false,"template":"","format":"standard","meta":{"footnotes":""},"categories":[10],"tags":[],"class_list":{"0":"post-3767","1":"post","2":"type-post","3":"status-publish","4":"format-standard","5":"has-post-thumbnail","7":"category-mogi-das-cruzes"},"_links":{"self":[{"href":"https:\/\/jm-metropole.com.br\/site\/wp-json\/wp\/v2\/posts\/3767","targetHints":{"allow":["GET"]}}],"collection":[{"href":"https:\/\/jm-metropole.com.br\/site\/wp-json\/wp\/v2\/posts"}],"about":[{"href":"https:\/\/jm-metropole.com.br\/site\/wp-json\/wp\/v2\/types\/post"}],"author":[{"embeddable":true,"href":"https:\/\/jm-metropole.com.br\/site\/wp-json\/wp\/v2\/users\/1"}],"replies":[{"embeddable":true,"href":"https:\/\/jm-metropole.com.br\/site\/wp-json\/wp\/v2\/comments?post=3767"}],"version-history":[{"count":1,"href":"https:\/\/jm-metropole.com.br\/site\/wp-json\/wp\/v2\/posts\/3767\/revisions"}],"predecessor-version":[{"id":3769,"href":"https:\/\/jm-metropole.com.br\/site\/wp-json\/wp\/v2\/posts\/3767\/revisions\/3769"}],"wp:featuredmedia":[{"embeddable":true,"href":"https:\/\/jm-metropole.com.br\/site\/wp-json\/wp\/v2\/media\/3768"}],"wp:attachment":[{"href":"https:\/\/jm-metropole.com.br\/site\/wp-json\/wp\/v2\/media?parent=3767"}],"wp:term":[{"taxonomy":"category","embeddable":true,"href":"https:\/\/jm-metropole.com.br\/site\/wp-json\/wp\/v2\/categories?post=3767"},{"taxonomy":"post_tag","embeddable":true,"href":"https:\/\/jm-metropole.com.br\/site\/wp-json\/wp\/v2\/tags?post=3767"}],"curies":[{"name":"wp","href":"https:\/\/api.w.org\/{rel}","templated":true}]}}