{"id":3764,"date":"2022-10-21T08:02:11","date_gmt":"2022-10-21T11:02:11","guid":{"rendered":"https:\/\/jm-metropole.com.br\/site\/?p=3764"},"modified":"2022-10-21T08:02:11","modified_gmt":"2022-10-21T11:02:11","slug":"guarulhos-abre-oito-ubs-pelo-programa-saude-agora-neste-sabado","status":"publish","type":"post","link":"https:\/\/jm-metropole.com.br\/site\/guarulhos-abre-oito-ubs-pelo-programa-saude-agora-neste-sabado\/","title":{"rendered":"Guarulhos abre oito UBS pelo programa Sa\u00fade Agora neste\u00a0s\u00e1bado"},"content":{"rendered":"<p>As Unidades B\u00e1sicas de Sa\u00fade (UBS) Vila F\u00e1tima, Jardim Ac\u00e1cio, Morros, Jardim Fortaleza, Ponte Alta, Jardim Jacy, Cumbica I e Jardim Nova Cumbica estar\u00e3o\u00a0abertas neste\u00a0s\u00e1bado\u00a0(22), das 8h \u00e0s 16h, para prestar atendimento \u00e0 popula\u00e7\u00e3o.<\/p>\n<p>Os mun\u00edcipes que pretendem passar por consulta m\u00e9dica ou realizar exame de Papanicolau devem agend\u00e1-los previamente. J\u00e1 para servi\u00e7os como testes r\u00e1pidos para detec\u00e7\u00e3o da covid-19, do HIV, da s\u00edfilis e das hepatites B e C, bem como para aferi\u00e7\u00e3o de press\u00e3o arterial e de glicemia, curativos e dispensa\u00e7\u00e3o de medicamentos, n\u00e3o \u00e9 necess\u00e1rio agendar.<\/p>\n<p>Pessoas que n\u00e3o est\u00e3o com a caderneta de vacina\u00e7\u00e3o ou o esquema vacinal contra a covid-19 em dia podem aproveitar a data para se imunizar sem precisar agendar, apenas devem apresentar documento com foto e carteirinha de vacina\u00e7\u00e3o ou comprovante impresso ou digital,\u00a0\u00a0a depender da vacina a receber.<\/p>\n<p>As unidades abertas\u00a0neste\u00a0s\u00e1bado, exceto\u00a0as UBS Ponte Alta e Cumbica I, tamb\u00e9m fazem parte dos 42 polos com os imunobiol\u00f3gicos Coronavac e Pfizer dispon\u00edveis e, portanto, devem ser procuradas para a vacina\u00e7\u00e3o contra a covid-19 de crian\u00e7as acima de tr\u00eas anos que ainda n\u00e3o receberam a primeira dose, de crian\u00e7as com cinco anos ou mais que iniciaram o esquema vacinal com um dos imunobiol\u00f3gicos e de gestantes.<\/p>\n<p>Vale ressaltar ainda que as UBS tamb\u00e9m estar\u00e3o vacinando crian\u00e7as com idade a partir de dois meses e menores de cinco anos contra a poliomielite e adolescentes, entre 11 e 14 anos de idade, contra a meningoc\u00f3cica ACWY. \u00c9 necess\u00e1rio apresentar documento com foto e caderneta de vacina\u00e7\u00e3o.<\/p>\n<p>Servi\u00e7o<br \/>\nUBS Vila F\u00e1tima: rua Esmeralda, 25, Jardim Santa B\u00e1rbara<br \/>\nUBS Jardim Ac\u00e1cio: avenida Silvestre Pires de Freitas, 2007, Jardim Ac\u00e1cio<br \/>\nUBS Morros: rua Delmiro, 299, Jardim dos Afonsos<br \/>\nUBS Jardim Fortaleza: rua Hil\u00e1rio Pires de Freitas, 166, Jardim Fortaleza<br \/>\nUBS Ponte Alta: rua S\u00e3o Paulo, s\/n\u00b0, Jardim Nova Ponte Alta<br \/>\nUBS Jardim Jacy: rua S\u00e3o Geraldo da Piedade, 45, Jardim Jacy<br \/>\nUBS Cumbica I: avenida Venturosa, 240, Jardim Cumbica<br \/>\nUBS Jardim Nova Cumbica: rua Baixio, 142, Vila Nova Cumbica<\/p>\n","protected":false},"excerpt":{"rendered":"<p>As Unidades B\u00e1sicas de Sa\u00fade (UBS) Vila F\u00e1tima, Jardim Ac\u00e1cio, Morros, Jardim Fortaleza, Ponte Alta, Jardim Jacy, Cumbica I e Jardim Nova Cumbica estar\u00e3o\u00a0abertas neste\u00a0s\u00e1bado\u00a0(22), das 8h \u00e0s 16h, para prestar atendimento \u00e0 popula\u00e7\u00e3o. Os mun\u00edcipes que pretendem passar por consulta m\u00e9dica ou realizar exame de Papanicolau devem agend\u00e1-los previamente. J\u00e1 para servi\u00e7os como testes [&hellip;]<\/p>\n","protected":false},"author":1,"featured_media":3765,"comment_status":"open","ping_status":"open","sticky":false,"template":"","format":"standard","meta":{"footnotes":""},"categories":[3],"tags":[],"class_list":{"0":"post-3764","1":"post","2":"type-post","3":"status-publish","4":"format-standard","5":"has-post-thumbnail","7":"category-guarulhos"},"_links":{"self":[{"href":"https:\/\/jm-metropole.com.br\/site\/wp-json\/wp\/v2\/posts\/3764","targetHints":{"allow":["GET"]}}],"collection":[{"href":"https:\/\/jm-metropole.com.br\/site\/wp-json\/wp\/v2\/posts"}],"about":[{"href":"https:\/\/jm-metropole.com.br\/site\/wp-json\/wp\/v2\/types\/post"}],"author":[{"embeddable":true,"href":"https:\/\/jm-metropole.com.br\/site\/wp-json\/wp\/v2\/users\/1"}],"replies":[{"embeddable":true,"href":"https:\/\/jm-metropole.com.br\/site\/wp-json\/wp\/v2\/comments?post=3764"}],"version-history":[{"count":1,"href":"https:\/\/jm-metropole.com.br\/site\/wp-json\/wp\/v2\/posts\/3764\/revisions"}],"predecessor-version":[{"id":3766,"href":"https:\/\/jm-metropole.com.br\/site\/wp-json\/wp\/v2\/posts\/3764\/revisions\/3766"}],"wp:featuredmedia":[{"embeddable":true,"href":"https:\/\/jm-metropole.com.br\/site\/wp-json\/wp\/v2\/media\/3765"}],"wp:attachment":[{"href":"https:\/\/jm-metropole.com.br\/site\/wp-json\/wp\/v2\/media?parent=3764"}],"wp:term":[{"taxonomy":"category","embeddable":true,"href":"https:\/\/jm-metropole.com.br\/site\/wp-json\/wp\/v2\/categories?post=3764"},{"taxonomy":"post_tag","embeddable":true,"href":"https:\/\/jm-metropole.com.br\/site\/wp-json\/wp\/v2\/tags?post=3764"}],"curies":[{"name":"wp","href":"https:\/\/api.w.org\/{rel}","templated":true}]}}