{"id":3733,"date":"2022-10-20T12:12:10","date_gmt":"2022-10-20T15:12:10","guid":{"rendered":"https:\/\/jm-metropole.com.br\/site\/?p=3733"},"modified":"2022-10-20T12:12:10","modified_gmt":"2022-10-20T15:12:10","slug":"feceg-apresenta-126-projetos-de-estudantes-na-semana-do-conhecimento","status":"publish","type":"post","link":"https:\/\/jm-metropole.com.br\/site\/feceg-apresenta-126-projetos-de-estudantes-na-semana-do-conhecimento\/","title":{"rendered":"Feceg apresenta 126 projetos de estudantes na Semana do Conhecimento \u00a0"},"content":{"rendered":"<p>Aconteceram na\u00a0ter\u00e7a e\u00a0quarta-feira (18 e 19) as apresenta\u00e7\u00f5es dos 126 projetos da Feceg &#8211; Feira de Ci\u00eancias e Engenharia de Guarulhos, quadro que faz parte da programa\u00e7\u00e3o da Semana do Conhecimento de 2022 &#8211; Bicenten\u00e1rio da Independ\u00eancia: 200 anos de Ci\u00eancia, Tecnologia e Inova\u00e7\u00e3o no Brasil. No evento, alunos dos ensinos fundamental, m\u00e9dio e t\u00e9cnico de escolas p\u00fablicas e particulares, assim como jovens com idade entre 15 e 29 anos e sem v\u00ednculo institucional, apresentaram projetos cient\u00edficos e tecnol\u00f3gicos para concorrer a uma vaga na Feira Brasileira de Ci\u00eancias e Engenharia &#8211; Febrace.<br \/>\nKarina Luz de Melo, professora de f\u00edsica da Escola Estadual Professora Valderice T. M. C. Marchini, que levou alunos do 1\u00ba e 2\u00ba ano para expor, diz que o contato dos alunos com esse tipo de atividade \u00e9, para eles, uma forma de acreditarem em si mesmos. \u201cA escola onde trabalho est\u00e1 no meio de quatro comunidades, ent\u00e3o mostrar a ci\u00eancia pra eles \u00e9 muito importante. Quando voc\u00ea oferece isso, a quest\u00e3o de trabalhar com a ci\u00eancia, mostra o quanto eles s\u00e3o capazes de fazer. Eles trouxeram muitos projetos que foram ideias deles mesmos e est\u00e3o muito empolgados\u201d, disse.<\/p>\n<p>As apresenta\u00e7\u00f5es est\u00e3o divididas em temas que abordam ci\u00eancias agr\u00e1rias, ci\u00eancias biol\u00f3gicas, ci\u00eancias exatas e da terra, ci\u00eancias humanas, ci\u00eancias da sa\u00fade, ci\u00eancias sociais aplicadas e engenharia e, nesta\u00a0sexta-feira (21), no encerramento do evento, acontecer\u00e1 a cerim\u00f4nia de premia\u00e7\u00e3o. S\u00e3o avaliados pontos como relev\u00e2ncia, profundidade, plano de pesquisa, rigor cient\u00edfico, criatividade e inova\u00e7\u00e3o, relat\u00f3rio e apresenta\u00e7\u00e3o oral, al\u00e9m de alinhamento com o tema escolhido e com os objetivos do desenvolvimento sustent\u00e1vel.<\/p>\n<p>\u201cEu acompanho a Semana do Conhecimento h\u00e1 muitos anos e pra mim \u00e9 sempre um orgulho ver essa garotada apresentando projetos. O primeiro contato com o fazer cientifico, com a metodologia, \u00e9 muito importante\u201d, disse o avaliador Felipe Augusto Can\u00e9, professor da rede municipal da cidade de S\u00e3o Paulo. \u201cTenho alguns casos que orientei em anos anteriores de alunos que sa\u00edram daqui e\u00a0hoje\u00a0est\u00e3o trabalhando com ci\u00eancia e tecnologia at\u00e9 fora do pa\u00eds. Esse projeto mudou a hist\u00f3ria da ci\u00eancia guarulhense\u201d, completou.<\/p>\n<p>Semana do Conhecimento 2022<br \/>\nTotalmente gratuito e aberto ao p\u00fablico geral, o evento conta com uma extensa programa\u00e7\u00e3o, envolvendo mais de 200 projetos e 30 atividades como oficinas, rodas de conversa, palestras e mais.<\/p>\n<p>Organizado pela Secretaria de Desenvolvimento Cient\u00edfico, Econ\u00f4mico, Tecnol\u00f3gico e de Inova\u00e7\u00e3o (SDCETI), a semana \u00e9 composta pela Feira de Ci\u00eancias e Engenharia de Guarulhos (Feceg), Semana Municipal de Ci\u00eancia e Tecnologia (Semcitec), Expo Criatividade e Mostra de Economia Criativa.<\/p>\n<p>Imagem: N\u00edcollas Ornelas\/PMG<\/p>\n","protected":false},"excerpt":{"rendered":"<p>Aconteceram na\u00a0ter\u00e7a e\u00a0quarta-feira (18 e 19) as apresenta\u00e7\u00f5es dos 126 projetos da Feceg &#8211; Feira de Ci\u00eancias e Engenharia de Guarulhos, quadro que faz parte da programa\u00e7\u00e3o da Semana do Conhecimento de 2022 &#8211; Bicenten\u00e1rio da Independ\u00eancia: 200 anos de Ci\u00eancia, Tecnologia e Inova\u00e7\u00e3o no Brasil. No evento, alunos dos ensinos fundamental, m\u00e9dio e t\u00e9cnico [&hellip;]<\/p>\n","protected":false},"author":1,"featured_media":3734,"comment_status":"open","ping_status":"open","sticky":false,"template":"","format":"standard","meta":{"footnotes":""},"categories":[3],"tags":[],"class_list":{"0":"post-3733","1":"post","2":"type-post","3":"status-publish","4":"format-standard","5":"has-post-thumbnail","7":"category-guarulhos"},"_links":{"self":[{"href":"https:\/\/jm-metropole.com.br\/site\/wp-json\/wp\/v2\/posts\/3733","targetHints":{"allow":["GET"]}}],"collection":[{"href":"https:\/\/jm-metropole.com.br\/site\/wp-json\/wp\/v2\/posts"}],"about":[{"href":"https:\/\/jm-metropole.com.br\/site\/wp-json\/wp\/v2\/types\/post"}],"author":[{"embeddable":true,"href":"https:\/\/jm-metropole.com.br\/site\/wp-json\/wp\/v2\/users\/1"}],"replies":[{"embeddable":true,"href":"https:\/\/jm-metropole.com.br\/site\/wp-json\/wp\/v2\/comments?post=3733"}],"version-history":[{"count":1,"href":"https:\/\/jm-metropole.com.br\/site\/wp-json\/wp\/v2\/posts\/3733\/revisions"}],"predecessor-version":[{"id":3735,"href":"https:\/\/jm-metropole.com.br\/site\/wp-json\/wp\/v2\/posts\/3733\/revisions\/3735"}],"wp:featuredmedia":[{"embeddable":true,"href":"https:\/\/jm-metropole.com.br\/site\/wp-json\/wp\/v2\/media\/3734"}],"wp:attachment":[{"href":"https:\/\/jm-metropole.com.br\/site\/wp-json\/wp\/v2\/media?parent=3733"}],"wp:term":[{"taxonomy":"category","embeddable":true,"href":"https:\/\/jm-metropole.com.br\/site\/wp-json\/wp\/v2\/categories?post=3733"},{"taxonomy":"post_tag","embeddable":true,"href":"https:\/\/jm-metropole.com.br\/site\/wp-json\/wp\/v2\/tags?post=3733"}],"curies":[{"name":"wp","href":"https:\/\/api.w.org\/{rel}","templated":true}]}}