{"id":3730,"date":"2022-10-20T12:09:54","date_gmt":"2022-10-20T15:09:54","guid":{"rendered":"https:\/\/jm-metropole.com.br\/site\/?p=3730"},"modified":"2022-10-20T12:09:54","modified_gmt":"2022-10-20T15:09:54","slug":"2a-edicao-da-taca-condemat-de-volei-mitio-kawaguti-inicia-no-proximo-domingo-em-santa-isabel","status":"publish","type":"post","link":"https:\/\/jm-metropole.com.br\/site\/2a-edicao-da-taca-condemat-de-volei-mitio-kawaguti-inicia-no-proximo-domingo-em-santa-isabel\/","title":{"rendered":"2\u00aa Edi\u00e7\u00e3o da Ta\u00e7a  Condemat de V\u00f4lei Mitio Kawaguti inicia no pr\u00f3ximo domingo em Santa Isabel\u00a0"},"content":{"rendered":"<p>Times femininos e masculinos das cidades do Alto Tiet\u00ea, como Aruj\u00e1, Gurarema, Guarulhos, Biritiba Mirim, Suzano, Mogi das Cruzes, Ferraz de Vasconcelos e Itaquaquecetuba, al\u00e9m de Santa Isabel, disputar\u00e3o o campeonato.<\/p>\n<p>A abertura da 2\u00aa edi\u00e7\u00e3o da Ta\u00e7a Condemat de V\u00f4lei Mitio Kawaguti ser\u00e1 realizada no pr\u00f3ximo domingo (23\/10), em Santa Isabel. Ao todo 9 munic\u00edpios do Alto Tiet\u00ea participar\u00e3o do torneio.<\/p>\n<p>O evento ocorrer\u00e1 na quadra poliesportiva da EMEF Oscar Ferreira de Godoy, que fica na Rua Fernandes Cardoso, N\u00b0 240, Treze de Maio, a partir das 10h.<\/p>\n<p>Times femininos e masculinos das cidades do Alto Tiet\u00ea, como Aruj\u00e1, Gurarema, Guarulhos, Biritiba Mirim, Suzano, Mogi das Cruzes, Ferraz de Vasconcelos e Itaquaquecetuba, al\u00e9m de Santa Isabel, disputar\u00e3o o campeonato.<\/p>\n<p>O cronograma completo com dias e hor\u00e1rios dos jogos em cada munic\u00edpio, pode ser consultado no site oficial da prefeitura (https:\/\/santaisabel.sp.gov.br\/portal\/2a-edicao-da-taca-condemat-de-volei-mitio-kawaguti\/).<\/p>\n<p>Para mais informa\u00e7\u00f5es, entre em contato com a secretaria municipal de Esportes e Lazer, pelo telefone 4656-4022.<\/p>\n","protected":false},"excerpt":{"rendered":"<p>Times femininos e masculinos das cidades do Alto Tiet\u00ea, como Aruj\u00e1, Gurarema, Guarulhos, Biritiba Mirim, Suzano, Mogi das Cruzes, Ferraz de Vasconcelos e Itaquaquecetuba, al\u00e9m de Santa Isabel, disputar\u00e3o o campeonato. A abertura da 2\u00aa edi\u00e7\u00e3o da Ta\u00e7a Condemat de V\u00f4lei Mitio Kawaguti ser\u00e1 realizada no pr\u00f3ximo domingo (23\/10), em Santa Isabel. Ao todo 9 [&hellip;]<\/p>\n","protected":false},"author":1,"featured_media":3731,"comment_status":"open","ping_status":"open","sticky":false,"template":"","format":"standard","meta":{"footnotes":""},"categories":[5],"tags":[],"class_list":{"0":"post-3730","1":"post","2":"type-post","3":"status-publish","4":"format-standard","5":"has-post-thumbnail","7":"category-santa-isabel"},"_links":{"self":[{"href":"https:\/\/jm-metropole.com.br\/site\/wp-json\/wp\/v2\/posts\/3730","targetHints":{"allow":["GET"]}}],"collection":[{"href":"https:\/\/jm-metropole.com.br\/site\/wp-json\/wp\/v2\/posts"}],"about":[{"href":"https:\/\/jm-metropole.com.br\/site\/wp-json\/wp\/v2\/types\/post"}],"author":[{"embeddable":true,"href":"https:\/\/jm-metropole.com.br\/site\/wp-json\/wp\/v2\/users\/1"}],"replies":[{"embeddable":true,"href":"https:\/\/jm-metropole.com.br\/site\/wp-json\/wp\/v2\/comments?post=3730"}],"version-history":[{"count":1,"href":"https:\/\/jm-metropole.com.br\/site\/wp-json\/wp\/v2\/posts\/3730\/revisions"}],"predecessor-version":[{"id":3732,"href":"https:\/\/jm-metropole.com.br\/site\/wp-json\/wp\/v2\/posts\/3730\/revisions\/3732"}],"wp:featuredmedia":[{"embeddable":true,"href":"https:\/\/jm-metropole.com.br\/site\/wp-json\/wp\/v2\/media\/3731"}],"wp:attachment":[{"href":"https:\/\/jm-metropole.com.br\/site\/wp-json\/wp\/v2\/media?parent=3730"}],"wp:term":[{"taxonomy":"category","embeddable":true,"href":"https:\/\/jm-metropole.com.br\/site\/wp-json\/wp\/v2\/categories?post=3730"},{"taxonomy":"post_tag","embeddable":true,"href":"https:\/\/jm-metropole.com.br\/site\/wp-json\/wp\/v2\/tags?post=3730"}],"curies":[{"name":"wp","href":"https:\/\/api.w.org\/{rel}","templated":true}]}}