{"id":3727,"date":"2022-10-20T12:06:45","date_gmt":"2022-10-20T15:06:45","guid":{"rendered":"https:\/\/jm-metropole.com.br\/site\/?p=3727"},"modified":"2022-10-20T12:06:45","modified_gmt":"2022-10-20T15:06:45","slug":"saude-de-itaqua-retoma-campanha-de-combate-a-dengue","status":"publish","type":"post","link":"https:\/\/jm-metropole.com.br\/site\/saude-de-itaqua-retoma-campanha-de-combate-a-dengue\/","title":{"rendered":"Sa\u00fade de Itaqu\u00e1 retoma campanha de combate \u00e0 dengue"},"content":{"rendered":"<p>A Secretaria de Sa\u00fade de Itaquaquecetuba retomou a nova fase do programa de combate \u00e0 dengue. Em conjunto com as equipes do Centro de Controle de Zoonoses (CCZ), os agentes est\u00e3o inspecionando os im\u00f3veis para identifica\u00e7\u00e3o e remo\u00e7\u00e3o de poss\u00edveis focos do mosquito, al\u00e9m do Levantamento do \u00cdndice Larv\u00e1rio do Aedes aegypti (LIRAa), com a coleta de amostras e an\u00e1lise em laborat\u00f3rio.<\/p>\n<p>Bairros como O Pequeno Cora\u00e7\u00e3o, Piratininga e Paineira j\u00e1 foram inspecionados. A visita segue at\u00e9 novembro pelo Josely, Nicea, Louzada, Pinheirinho, Jardim Odete, Jardim Miray, Jardim Luciana, Marengo, entre outros.<\/p>\n<p>Por meio das inspe\u00e7\u00f5es, \u00e9 poss\u00edvel identificar as \u00e1reas com maior propor\u00e7\u00e3o e ocorr\u00eancia de focos, bem como dos criadouros predominantes. &#8220;Estamos com for\u00e7a total no combate \u00e0 dengue. Nosso foco \u00e9 diminuir o risco de transmiss\u00e3o de dengue, febre de chikungunya e zika v\u00edrus, por isso pedimos a colabora\u00e7\u00e3o dos mun\u00edcipes nesse processo de averigua\u00e7\u00e3o&#8221;, disse a secret\u00e1ria de Sa\u00fade, Ariana Juli\u00e3o.<\/p>\n<p>Al\u00e9m do LIRAa, equipes da prefeitura promovem outras a\u00e7\u00f5es de combate ao mosquito durante o ano com educa\u00e7\u00e3o em sa\u00fade, elimina\u00e7\u00e3o de criadouros, monitoramento dos pontos estrat\u00e9gicos, notifica\u00e7\u00e3o dos terrenos baldios, coleta de larvas, tratamento focal e perifocal, larvicida e fumac\u00ea.<\/p>\n<p>&#8220;\u00c9 importante lembrar que a melhor forma de preven\u00e7\u00e3o e controle da dengue \u00e9 evitar a prolifera\u00e7\u00e3o do mosquito Aedes aegypti, eliminando \u00e1gua armazenada que pode se tornar ponto de criadouro em vasos de plantas, recicl\u00e1veis e entulho acumulado, pneus e at\u00e9 mesmo recipientes pequenos. Vamos colaborar&#8221;, completou o prefeito Eduardo Boigues.<\/p>\n<p>Fotos: Dayane Oliveira<\/p>\n","protected":false},"excerpt":{"rendered":"<p>A Secretaria de Sa\u00fade de Itaquaquecetuba retomou a nova fase do programa de combate \u00e0 dengue. Em conjunto com as equipes do Centro de Controle de Zoonoses (CCZ), os agentes est\u00e3o inspecionando os im\u00f3veis para identifica\u00e7\u00e3o e remo\u00e7\u00e3o de poss\u00edveis focos do mosquito, al\u00e9m do Levantamento do \u00cdndice Larv\u00e1rio do Aedes aegypti (LIRAa), com a [&hellip;]<\/p>\n","protected":false},"author":1,"featured_media":3728,"comment_status":"open","ping_status":"open","sticky":false,"template":"","format":"standard","meta":{"footnotes":""},"categories":[6],"tags":[],"class_list":{"0":"post-3727","1":"post","2":"type-post","3":"status-publish","4":"format-standard","5":"has-post-thumbnail","7":"category-itaqua"},"_links":{"self":[{"href":"https:\/\/jm-metropole.com.br\/site\/wp-json\/wp\/v2\/posts\/3727","targetHints":{"allow":["GET"]}}],"collection":[{"href":"https:\/\/jm-metropole.com.br\/site\/wp-json\/wp\/v2\/posts"}],"about":[{"href":"https:\/\/jm-metropole.com.br\/site\/wp-json\/wp\/v2\/types\/post"}],"author":[{"embeddable":true,"href":"https:\/\/jm-metropole.com.br\/site\/wp-json\/wp\/v2\/users\/1"}],"replies":[{"embeddable":true,"href":"https:\/\/jm-metropole.com.br\/site\/wp-json\/wp\/v2\/comments?post=3727"}],"version-history":[{"count":1,"href":"https:\/\/jm-metropole.com.br\/site\/wp-json\/wp\/v2\/posts\/3727\/revisions"}],"predecessor-version":[{"id":3729,"href":"https:\/\/jm-metropole.com.br\/site\/wp-json\/wp\/v2\/posts\/3727\/revisions\/3729"}],"wp:featuredmedia":[{"embeddable":true,"href":"https:\/\/jm-metropole.com.br\/site\/wp-json\/wp\/v2\/media\/3728"}],"wp:attachment":[{"href":"https:\/\/jm-metropole.com.br\/site\/wp-json\/wp\/v2\/media?parent=3727"}],"wp:term":[{"taxonomy":"category","embeddable":true,"href":"https:\/\/jm-metropole.com.br\/site\/wp-json\/wp\/v2\/categories?post=3727"},{"taxonomy":"post_tag","embeddable":true,"href":"https:\/\/jm-metropole.com.br\/site\/wp-json\/wp\/v2\/tags?post=3727"}],"curies":[{"name":"wp","href":"https:\/\/api.w.org\/{rel}","templated":true}]}}