{"id":3724,"date":"2022-10-20T08:26:28","date_gmt":"2022-10-20T11:26:28","guid":{"rendered":"https:\/\/jm-metropole.com.br\/site\/?p=3724"},"modified":"2022-10-20T08:26:28","modified_gmt":"2022-10-20T11:26:28","slug":"programacao-da-6a-semana-lixo-zero-guarulhos-comeca-nesta-sexta-feira","status":"publish","type":"post","link":"https:\/\/jm-metropole.com.br\/site\/programacao-da-6a-semana-lixo-zero-guarulhos-comeca-nesta-sexta-feira\/","title":{"rendered":"Programa\u00e7\u00e3o da 6\u00aa Semana Lixo Zero Guarulhos come\u00e7a nesta\u00a0sexta-feira"},"content":{"rendered":"<p>A apresenta\u00e7\u00e3o do projeto Horta Org\u00e2nica e Compostagem na Escola Estadual Louis Braille (rua Jo\u00e3o Avelino Fauthz, 150, Jardim Ang\u00e9lica), nesta\u00a0sexta-feira (21), \u00e0s 7h, d\u00e1 in\u00edcio \u00e0 programa\u00e7\u00e3o da 6\u00aa edi\u00e7\u00e3o da Semana Lixo Zero Guarulhos, iniciativa da Prefeitura que re\u00fane as melhores a\u00e7\u00f5es de sustentabilidade realizadas durante o \u00faltimo ano na cidade por indiv\u00edduos ou organiza\u00e7\u00f5es dos diversos setores da sociedade.<\/p>\n<p>Outras cinco iniciativas completam o primeiro dia da programa\u00e7\u00e3o. A partir das 9h, a EPG Crispiniano Soares\u00a0\u00a0(rua Prof. Vasco de Queiroz Guimar\u00e3es, 289, Jardim Bom Clima) realiza a Feira do Conhecimento e o Centro Universit\u00e1rio Eniac d\u00e1 in\u00edcio a uma s\u00e9rie de oficinas e palestras online com inscri\u00e7\u00f5es pelo link:\u00a0https:\/\/forms.gle\/9ieNXHH3ZwmMvLew8.<\/p>\n<p>Tamb\u00e9m a partir das 9h, Natasha Itai Miyamoto, da Recicla Vertical, apresenta o projeto de educa\u00e7\u00e3o ambiental Revolu\u00e7\u00e3o dos Banquinhos, na pra\u00e7a Francisco Martins Pompeu, na Vila F\u00e1tima. Na sequ\u00eancia, \u00e0s 10h, a Mobiliza GRU, campanha de sensibiliza\u00e7\u00e3o sobre coleta seletiva, mobiliza o condom\u00ednio Aritana, no bairro S\u00edtio S\u00e3o Francisco, na regi\u00e3o dos\u00a0\u00a0Pimentas, e \u00e0s 15h, a Escola Estadual Jos\u00e9 Alves de Cerqueira C\u00e9sar (av. S\u00e3o Luiz,s\/n\u00ba , na Vila Galv\u00e3o) realiza o projeto Coleta Cerqueira.<\/p>\n<p>A agenda da 6\u00aa edi\u00e7\u00e3o da Semana Lixo Zero Guarulhos segue neste s\u00e1bado\u00a0\u00a0e domingo\u00a0(22 e 13) e tamb\u00e9m durante a pr\u00f3xima semana com atividades em diferentes endere\u00e7os. A programa\u00e7\u00e3o completa com links de inscri\u00e7\u00e3o est\u00e1 dispon\u00edvel em\u00a0www.guarulhos.sp.gov.br\/lixozero\/semana-lixo-zero<\/p>\n","protected":false},"excerpt":{"rendered":"<p>A apresenta\u00e7\u00e3o do projeto Horta Org\u00e2nica e Compostagem na Escola Estadual Louis Braille (rua Jo\u00e3o Avelino Fauthz, 150, Jardim Ang\u00e9lica), nesta\u00a0sexta-feira (21), \u00e0s 7h, d\u00e1 in\u00edcio \u00e0 programa\u00e7\u00e3o da 6\u00aa edi\u00e7\u00e3o da Semana Lixo Zero Guarulhos, iniciativa da Prefeitura que re\u00fane as melhores a\u00e7\u00f5es de sustentabilidade realizadas durante o \u00faltimo ano na cidade por indiv\u00edduos [&hellip;]<\/p>\n","protected":false},"author":1,"featured_media":3725,"comment_status":"open","ping_status":"open","sticky":false,"template":"","format":"standard","meta":{"footnotes":""},"categories":[3],"tags":[],"class_list":{"0":"post-3724","1":"post","2":"type-post","3":"status-publish","4":"format-standard","5":"has-post-thumbnail","7":"category-guarulhos"},"_links":{"self":[{"href":"https:\/\/jm-metropole.com.br\/site\/wp-json\/wp\/v2\/posts\/3724","targetHints":{"allow":["GET"]}}],"collection":[{"href":"https:\/\/jm-metropole.com.br\/site\/wp-json\/wp\/v2\/posts"}],"about":[{"href":"https:\/\/jm-metropole.com.br\/site\/wp-json\/wp\/v2\/types\/post"}],"author":[{"embeddable":true,"href":"https:\/\/jm-metropole.com.br\/site\/wp-json\/wp\/v2\/users\/1"}],"replies":[{"embeddable":true,"href":"https:\/\/jm-metropole.com.br\/site\/wp-json\/wp\/v2\/comments?post=3724"}],"version-history":[{"count":1,"href":"https:\/\/jm-metropole.com.br\/site\/wp-json\/wp\/v2\/posts\/3724\/revisions"}],"predecessor-version":[{"id":3726,"href":"https:\/\/jm-metropole.com.br\/site\/wp-json\/wp\/v2\/posts\/3724\/revisions\/3726"}],"wp:featuredmedia":[{"embeddable":true,"href":"https:\/\/jm-metropole.com.br\/site\/wp-json\/wp\/v2\/media\/3725"}],"wp:attachment":[{"href":"https:\/\/jm-metropole.com.br\/site\/wp-json\/wp\/v2\/media?parent=3724"}],"wp:term":[{"taxonomy":"category","embeddable":true,"href":"https:\/\/jm-metropole.com.br\/site\/wp-json\/wp\/v2\/categories?post=3724"},{"taxonomy":"post_tag","embeddable":true,"href":"https:\/\/jm-metropole.com.br\/site\/wp-json\/wp\/v2\/tags?post=3724"}],"curies":[{"name":"wp","href":"https:\/\/api.w.org\/{rel}","templated":true}]}}