{"id":3447,"date":"2022-10-10T10:09:49","date_gmt":"2022-10-10T13:09:49","guid":{"rendered":"https:\/\/jm-metropole.com.br\/site\/?p=3447"},"modified":"2022-10-10T10:09:49","modified_gmt":"2022-10-10T13:09:49","slug":"avaliacao-e-aprendi-sera-aplicada-a-mais-de-26-mil-estudantes-ate-o-dia-27","status":"publish","type":"post","link":"https:\/\/jm-metropole.com.br\/site\/avaliacao-e-aprendi-sera-aplicada-a-mais-de-26-mil-estudantes-ate-o-dia-27\/","title":{"rendered":"Avalia\u00e7\u00e3o E-Aprendi ser\u00e1 aplicada a mais de 26 mil estudantes at\u00e9 o dia 27"},"content":{"rendered":"<p>Alunos da EM Prof\u00aa Emilie Nehme Affonso, na Vila Suissa, fizeram a avalia\u00e7\u00e3o na plataforma Simulados.<\/p>\n<p>A segunda edi\u00e7\u00e3o deste ano da E-Aprendi, avalia\u00e7\u00e3o elaborada e desenvolvida por profissionais da rede municipal de ensino de Mogi das Cruzes, ser\u00e1 aplicada at\u00e9 o dia 27 de outubro. Nesta edi\u00e7\u00e3o, a vers\u00e3o digital ser\u00e1 destinada aos estudantes do 2\u00ba ao 9\u00ba ano do ensino fundamental e somente os alunos do 1\u00ba ano far\u00e3o a vers\u00e3o impressa da prova.<\/p>\n<p>Neste per\u00edodo, cada escola definir\u00e1 sua data de aplica\u00e7\u00e3o e comunicar\u00e1 aos pais e respons\u00e1veis para que o aluno n\u00e3o falte neste dia, dada a import\u00e2ncia da participa\u00e7\u00e3o das crian\u00e7as.<\/p>\n<p>A avalia\u00e7\u00e3o ser\u00e1 realizada nas escolas, por meio da plataforma Simulados, criada e desenvolvida pelos t\u00e9cnicos de Inform\u00e1tica da rede municipal. Ser\u00e3o avaliadas as disciplinas de L\u00edngua Portuguesa e Matem\u00e1tica com a finalidade de comparar as aprendizagens desenvolvidas ao longo do ano. Para saber a data da prova de seu filho, os pais ou respons\u00e1veis devem procurar a unidade escolar. Tamb\u00e9m est\u00e3o dispon\u00edveis recursos de acessibilidade para alunos com defici\u00eancia.<\/p>\n<p>Neste ano, a avalia\u00e7\u00e3o tem sido tema de forma\u00e7\u00f5es, tanto nos webin\u00e1rios da forma\u00e7\u00e3o elementar para professores quanto na Reuni\u00e3o de Organiza\u00e7\u00e3o do Trabalho Escolar (ROTE), que reuniu todas as unidades da rede municipal de ensino em agosto. \u00c9 parte fundamental do programa &#8220;Aprender mais e ningu\u00e9m pra tr\u00e1s&#8221;, que contempla a recomposi\u00e7\u00e3o, a recupera\u00e7\u00e3o e a amplia\u00e7\u00e3o das aprendizagens.<\/p>\n<p>A E-Aprendi, Avalia\u00e7\u00e3o Municipal das Aprendizagens, gera dados para o desenvolvimento das pol\u00edticas p\u00fablicas da Secretaria de Educa\u00e7\u00e3o e a qualifica\u00e7\u00e3o das aprendizagens dos estudantes. Os resultados servir\u00e3o como base para o planejamento das Orienta\u00e7\u00f5es Did\u00e1ticas e das forma\u00e7\u00f5es de 2023.<\/p>\n<p>Para as escolas, a E-Aprendi, aliada a diversos outros instrumentos avaliativos, alimenta a institui\u00e7\u00e3o e os professores com elementos para a an\u00e1lise e replanejamento de propostas pedag\u00f3gicas a favor da aprendizagem dos alunos.<\/p>\n","protected":false},"excerpt":{"rendered":"<p>Alunos da EM Prof\u00aa Emilie Nehme Affonso, na Vila Suissa, fizeram a avalia\u00e7\u00e3o na plataforma Simulados. A segunda edi\u00e7\u00e3o deste ano da E-Aprendi, avalia\u00e7\u00e3o elaborada e desenvolvida por profissionais da rede municipal de ensino de Mogi das Cruzes, ser\u00e1 aplicada at\u00e9 o dia 27 de outubro. Nesta edi\u00e7\u00e3o, a vers\u00e3o digital ser\u00e1 destinada aos estudantes [&hellip;]<\/p>\n","protected":false},"author":1,"featured_media":3448,"comment_status":"open","ping_status":"open","sticky":false,"template":"","format":"standard","meta":{"footnotes":""},"categories":[10],"tags":[],"class_list":{"0":"post-3447","1":"post","2":"type-post","3":"status-publish","4":"format-standard","5":"has-post-thumbnail","7":"category-mogi-das-cruzes"},"_links":{"self":[{"href":"https:\/\/jm-metropole.com.br\/site\/wp-json\/wp\/v2\/posts\/3447","targetHints":{"allow":["GET"]}}],"collection":[{"href":"https:\/\/jm-metropole.com.br\/site\/wp-json\/wp\/v2\/posts"}],"about":[{"href":"https:\/\/jm-metropole.com.br\/site\/wp-json\/wp\/v2\/types\/post"}],"author":[{"embeddable":true,"href":"https:\/\/jm-metropole.com.br\/site\/wp-json\/wp\/v2\/users\/1"}],"replies":[{"embeddable":true,"href":"https:\/\/jm-metropole.com.br\/site\/wp-json\/wp\/v2\/comments?post=3447"}],"version-history":[{"count":1,"href":"https:\/\/jm-metropole.com.br\/site\/wp-json\/wp\/v2\/posts\/3447\/revisions"}],"predecessor-version":[{"id":3449,"href":"https:\/\/jm-metropole.com.br\/site\/wp-json\/wp\/v2\/posts\/3447\/revisions\/3449"}],"wp:featuredmedia":[{"embeddable":true,"href":"https:\/\/jm-metropole.com.br\/site\/wp-json\/wp\/v2\/media\/3448"}],"wp:attachment":[{"href":"https:\/\/jm-metropole.com.br\/site\/wp-json\/wp\/v2\/media?parent=3447"}],"wp:term":[{"taxonomy":"category","embeddable":true,"href":"https:\/\/jm-metropole.com.br\/site\/wp-json\/wp\/v2\/categories?post=3447"},{"taxonomy":"post_tag","embeddable":true,"href":"https:\/\/jm-metropole.com.br\/site\/wp-json\/wp\/v2\/tags?post=3447"}],"curies":[{"name":"wp","href":"https:\/\/api.w.org\/{rel}","templated":true}]}}