{"id":32514,"date":"2026-09-04T22:21:13","date_gmt":"2026-09-05T01:21:13","guid":{"rendered":"https:\/\/jm-metropole.com.br\/site\/?p=32514"},"modified":"2026-09-04T22:21:13","modified_gmt":"2026-09-05T01:21:13","slug":"estrada-do-ribeirao-passa-por-requalificacao-com-aplicacao-de-asfalto-e-reforma-de-guias","status":"publish","type":"post","link":"https:\/\/jm-metropole.com.br\/site\/estrada-do-ribeirao-passa-por-requalificacao-com-aplicacao-de-asfalto-e-reforma-de-guias\/","title":{"rendered":"ESTRADA DO RIBEIR\u00c3O PASSA POR REQUALIFICA\u00c7\u00c3O COM APLICA\u00c7\u00c3O DE ASFALTO E REFORMA DE GUIAS"},"content":{"rendered":"<p style=\"text-align: justify;\">Obra iniciada nesta quinta-feira (03\/09) contempla cerca de 800 metros da via e recebe investimento superior a R$ 1,2 milh\u00e3o<\/p>\n<p style=\"text-align: justify;\">A estrada do Ribeir\u00e3o, no bairro Jardim Fernandes, regi\u00e3o norte de Suzano, est\u00e1 passando por obras de requalifica\u00e7\u00e3o vi\u00e1ria, com servi\u00e7os de refor\u00e7o do solo, aplica\u00e7\u00e3o de asfalto e reforma de guias e sarjetas. Os trabalhos tiveram in\u00edcio nesta quinta-feira (03\/09) e devem seguir at\u00e9 o fim da pr\u00f3xima semana.<\/p>\n<p style=\"text-align: justify;\">Ao todo, a interven\u00e7\u00e3o contempla aproximadamente 800 metros da via, com investimento de R$ 1.204.272,28. Os servi\u00e7os s\u00e3o executados pelo cons\u00f3rcio Roc Vias-Suzano e foram vistoriados nesta sexta-feira (04\/09) pelo prefeito Pedro Ishi e pelo secret\u00e1rio municipal de Manuten\u00e7\u00e3o e Servi\u00e7os Urbanos, Samuel Oliveira.<\/p>\n<p style=\"text-align: justify;\">Na quinta-feira, as equipes trabalharam na prepara\u00e7\u00e3o e refor\u00e7o da base, e nesta sexta-feira deram in\u00edcio \u00e0 pavimenta\u00e7\u00e3o. Paralelamente, tamb\u00e9m est\u00e3o sendo realizadas adequa\u00e7\u00f5es nas guias e sarjetas ao longo do trecho contemplado.<\/p>\n<p style=\"text-align: justify;\">Oliveira destacou que a interven\u00e7\u00e3o vai proporcionar melhores condi\u00e7\u00f5es de circula\u00e7\u00e3o aos moradores e motoristas que utilizam diariamente a via. &#8220;Estamos realizando um trabalho completo, que n\u00e3o se limita \u00e0 aplica\u00e7\u00e3o do asfalto. Existe toda uma prepara\u00e7\u00e3o da via, com refor\u00e7o da base e recupera\u00e7\u00e3o das guias e sarjetas, justamente para garantir um servi\u00e7o de qualidade e mais duradouro. \u00c9 uma melhoria importante para quem mora na regi\u00e3o e para todos que utilizam esse acesso&#8221;, afirmou.<\/p>\n<p style=\"text-align: justify;\"><img loading=\"lazy\" decoding=\"async\" class=\"alignright size-medium wp-image-32502\" src=\"https:\/\/jm-metropole.com.br\/site\/wp-content\/uploads\/2026\/09\/WhatsApp-Image-2026-09-04-at-20.52.04-1-300x200.jpeg\" alt=\"\" width=\"300\" height=\"200\" srcset=\"https:\/\/jm-metropole.com.br\/site\/wp-content\/uploads\/2026\/09\/WhatsApp-Image-2026-09-04-at-20.52.04-1-300x200.jpeg 300w, https:\/\/jm-metropole.com.br\/site\/wp-content\/uploads\/2026\/09\/WhatsApp-Image-2026-09-04-at-20.52.04-1-1024x683.jpeg 1024w, https:\/\/jm-metropole.com.br\/site\/wp-content\/uploads\/2026\/09\/WhatsApp-Image-2026-09-04-at-20.52.04-1-768x512.jpeg 768w, https:\/\/jm-metropole.com.br\/site\/wp-content\/uploads\/2026\/09\/WhatsApp-Image-2026-09-04-at-20.52.04-1-150x100.jpeg 150w, https:\/\/jm-metropole.com.br\/site\/wp-content\/uploads\/2026\/09\/WhatsApp-Image-2026-09-04-at-20.52.04-1-600x400.jpeg 600w, https:\/\/jm-metropole.com.br\/site\/wp-content\/uploads\/2026\/09\/WhatsApp-Image-2026-09-04-at-20.52.04-1-696x464.jpeg 696w, https:\/\/jm-metropole.com.br\/site\/wp-content\/uploads\/2026\/09\/WhatsApp-Image-2026-09-04-at-20.52.04-1-1068x712.jpeg 1068w, https:\/\/jm-metropole.com.br\/site\/wp-content\/uploads\/2026\/09\/WhatsApp-Image-2026-09-04-at-20.52.04-1-630x420.jpeg 630w, https:\/\/jm-metropole.com.br\/site\/wp-content\/uploads\/2026\/09\/WhatsApp-Image-2026-09-04-at-20.52.04-1.jpeg 1113w\" sizes=\"auto, (max-width: 300px) 100vw, 300px\" \/>A requalifica\u00e7\u00e3o da estrada do Ribeir\u00e3o integra uma s\u00e9rie de interven\u00e7\u00f5es vi\u00e1rias realizadas pela administra\u00e7\u00e3o municipal em diferentes regi\u00f5es da cidade. Nos pr\u00f3ximos dias, devem ser conclu\u00eddos os trabalhos na rua S\u00e3o Paulo, 14\u00aa via contemplada no bairro Vila F\u00e1tima em menos de 20 meses de gest\u00e3o. As melhorias no bairro tamb\u00e9m alcan\u00e7aram as ruas Rinyasu Sugimura, S\u00e3o Jorge, Nossa Senhora Aparecida, Santa Maria, Masatsuka Ida, Santa J\u00falia, Santa Adriana, Santa Cristina, Nossa Senhora de F\u00e1tima, Santa Luzia, Santo Anast\u00e1cio, S\u00e3o Francisco de Assis e S\u00e3o Marcos, com servi\u00e7os de revis\u00e3o de guias, sarjetas e sistema de drenagem, complementados por a\u00e7\u00f5es de ilumina\u00e7\u00e3o, zeladoria e sinaliza\u00e7\u00e3o.<\/p>\n<p style=\"text-align: justify;\">Outro investimento anunciado recentemente contempla a estrada Port\u00e3o do Honda, que ter\u00e1 obras de pavimenta\u00e7\u00e3o, drenagem e instala\u00e7\u00e3o de guias no trecho de terra com liga\u00e7\u00e3o at\u00e9 o bairro Meu Sossego, pr\u00f3ximo ao limite com Mogi das Cruzes. Inicialmente, a interven\u00e7\u00e3o abranger\u00e1 os primeiros 200 metros da via, com etapa preparat\u00f3ria de levantamentos topogr\u00e1ficos para definir as solu\u00e7\u00f5es de drenagem e pavimenta\u00e7\u00e3o mais adequadas ao local.<\/p>\n<p style=\"text-align: justify;\">Na regi\u00e3o de Palmeiras, as melhorias tamb\u00e9m avan\u00e7aram no Recanto Feliz, onde tr\u00eas vias receberam aplica\u00e7\u00e3o de asfalto, beneficiando diretamente moradores da Vila J\u00falia e do Parque Mirim.<\/p>\n<p style=\"text-align: justify;\">Para o prefeito, as interven\u00e7\u00f5es fazem parte de um planejamento para ampliar gradativamente as melhorias na infraestrutura dos bairros. &#8220;Estamos levando investimentos para diferentes regi\u00f5es de Suzano e buscando atender demandas hist\u00f3ricas da popula\u00e7\u00e3o. A estrada do Ribeir\u00e3o \u00e9 mais uma frente importante desse trabalho, que se soma \u00e0s a\u00e7\u00f5es realizadas na Vila F\u00e1tima, em Palmeiras e em outros pontos da cidade. Nosso objetivo \u00e9 continuar avan\u00e7ando, com obras que melhorem a mobilidade, tragam mais seguran\u00e7a e fa\u00e7am diferen\u00e7a no dia a dia dos moradores&#8221;, finalizou Pedro Ishi.<\/p>\n<p style=\"text-align: right;\"><em>Cr\u00e9dito das fotos: Luana Bergamini<\/em><\/p>\n","protected":false},"excerpt":{"rendered":"<p>Obra iniciada nesta quinta-feira (03\/09) contempla cerca de 800 metros da via e recebe investimento superior a R$ 1,2 milh\u00e3o A estrada do Ribeir\u00e3o, no bairro Jardim Fernandes, regi\u00e3o norte de Suzano, est\u00e1 passando por obras de requalifica\u00e7\u00e3o vi\u00e1ria, com servi\u00e7os de refor\u00e7o do solo, aplica\u00e7\u00e3o de asfalto e reforma de guias e sarjetas. Os [&hellip;]<\/p>\n","protected":false},"author":1,"featured_media":32503,"comment_status":"open","ping_status":"open","sticky":false,"template":"","format":"standard","meta":{"footnotes":""},"categories":[2,9,547],"tags":[],"class_list":["post-32514","post","type-post","status-publish","format-standard","has-post-thumbnail","category-cidades","category-suzano","category-transito"],"yoast_head":"<!-- This site is optimized with the Yoast SEO plugin v27.6 - https:\/\/yoast.com\/product\/yoast-seo-wordpress\/ -->\n<title>ESTRADA DO RIBEIR\u00c3O PASSA POR REQUALIFICA\u00c7\u00c3O COM APLICA\u00c7\u00c3O DE ASFALTO E REFORMA DE GUIAS - Jornal Metr\u00f3pole<\/title>\n<meta name=\"robots\" content=\"index, follow, max-snippet:-1, max-image-preview:large, max-video-preview:-1\" \/>\n<link rel=\"canonical\" href=\"https:\/\/jm-metropole.com.br\/site\/estrada-do-ribeirao-passa-por-requalificacao-com-aplicacao-de-asfalto-e-reforma-de-guias\/\" \/>\n<meta property=\"og:locale\" content=\"pt_BR\" \/>\n<meta property=\"og:type\" content=\"article\" \/>\n<meta property=\"og:title\" content=\"ESTRADA DO RIBEIR\u00c3O PASSA POR REQUALIFICA\u00c7\u00c3O COM APLICA\u00c7\u00c3O DE ASFALTO E REFORMA DE GUIAS - Jornal Metr\u00f3pole\" \/>\n<meta property=\"og:description\" content=\"Obra iniciada nesta quinta-feira (03\/09) contempla cerca de 800 metros da via e recebe investimento superior a R$ 1,2 milh\u00e3o A estrada do Ribeir\u00e3o, no bairro Jardim Fernandes, regi\u00e3o norte de Suzano, est\u00e1 passando por obras de requalifica\u00e7\u00e3o vi\u00e1ria, com servi\u00e7os de refor\u00e7o do solo, aplica\u00e7\u00e3o de asfalto e reforma de guias e sarjetas. Os [&hellip;]\" \/>\n<meta property=\"og:url\" content=\"https:\/\/jm-metropole.com.br\/site\/estrada-do-ribeirao-passa-por-requalificacao-com-aplicacao-de-asfalto-e-reforma-de-guias\/\" \/>\n<meta property=\"og:site_name\" content=\"Jornal Metr\u00f3pole\" \/>\n<meta property=\"article:publisher\" content=\"https:\/\/www.facebook.com\/jm.metropole\" \/>\n<meta property=\"article:published_time\" content=\"2026-09-05T01:21:13+00:00\" \/>\n<meta property=\"og:image\" content=\"https:\/\/jm-metropole.com.br\/site\/wp-content\/uploads\/2026\/09\/WhatsApp-Image-2026-09-04-at-20.52.04.jpeg\" \/>\n\t<meta property=\"og:image:width\" content=\"1280\" \/>\n\t<meta property=\"og:image:height\" content=\"854\" \/>\n\t<meta property=\"og:image:type\" content=\"image\/jpeg\" \/>\n<meta name=\"author\" content=\"Jornal Metr\u00f3pole\" \/>\n<meta name=\"twitter:card\" content=\"summary_large_image\" \/>\n<meta name=\"twitter:label1\" content=\"Escrito por\" \/>\n\t<meta name=\"twitter:data1\" content=\"Jornal Metr\u00f3pole\" \/>\n\t<meta name=\"twitter:label2\" content=\"Est. tempo de leitura\" \/>\n\t<meta name=\"twitter:data2\" content=\"4 minutos\" \/>\n<script type=\"application\/ld+json\" class=\"yoast-schema-graph\">{\"@context\":\"https:\\\/\\\/schema.org\",\"@graph\":[{\"@type\":\"Article\",\"@id\":\"https:\\\/\\\/jm-metropole.com.br\\\/site\\\/estrada-do-ribeirao-passa-por-requalificacao-com-aplicacao-de-asfalto-e-reforma-de-guias\\\/#article\",\"isPartOf\":{\"@id\":\"https:\\\/\\\/jm-metropole.com.br\\\/site\\\/estrada-do-ribeirao-passa-por-requalificacao-com-aplicacao-de-asfalto-e-reforma-de-guias\\\/\"},\"author\":{\"name\":\"Jornal Metr\u00f3pole\",\"@id\":\"https:\\\/\\\/jm-metropole.com.br\\\/site\\\/#\\\/schema\\\/person\\\/a438c77cefcef76c8ddbe3dcc9b238fc\"},\"headline\":\"ESTRADA DO RIBEIR\u00c3O PASSA POR REQUALIFICA\u00c7\u00c3O COM APLICA\u00c7\u00c3O DE ASFALTO E REFORMA DE GUIAS\",\"datePublished\":\"2026-09-05T01:21:13+00:00\",\"mainEntityOfPage\":{\"@id\":\"https:\\\/\\\/jm-metropole.com.br\\\/site\\\/estrada-do-ribeirao-passa-por-requalificacao-com-aplicacao-de-asfalto-e-reforma-de-guias\\\/\"},\"wordCount\":605,\"commentCount\":0,\"publisher\":{\"@id\":\"https:\\\/\\\/jm-metropole.com.br\\\/site\\\/#organization\"},\"image\":{\"@id\":\"https:\\\/\\\/jm-metropole.com.br\\\/site\\\/estrada-do-ribeirao-passa-por-requalificacao-com-aplicacao-de-asfalto-e-reforma-de-guias\\\/#primaryimage\"},\"thumbnailUrl\":\"https:\\\/\\\/jm-metropole.com.br\\\/site\\\/wp-content\\\/uploads\\\/2026\\\/09\\\/WhatsApp-Image-2026-09-04-at-20.52.04.jpeg\",\"articleSection\":[\"Cidades\",\"Suzano\",\"Tr\u00e2nsito\"],\"inLanguage\":\"pt-BR\",\"potentialAction\":[{\"@type\":\"CommentAction\",\"name\":\"Comment\",\"target\":[\"https:\\\/\\\/jm-metropole.com.br\\\/site\\\/estrada-do-ribeirao-passa-por-requalificacao-com-aplicacao-de-asfalto-e-reforma-de-guias\\\/#respond\"]}]},{\"@type\":\"WebPage\",\"@id\":\"https:\\\/\\\/jm-metropole.com.br\\\/site\\\/estrada-do-ribeirao-passa-por-requalificacao-com-aplicacao-de-asfalto-e-reforma-de-guias\\\/\",\"url\":\"https:\\\/\\\/jm-metropole.com.br\\\/site\\\/estrada-do-ribeirao-passa-por-requalificacao-com-aplicacao-de-asfalto-e-reforma-de-guias\\\/\",\"name\":\"ESTRADA DO RIBEIR\u00c3O PASSA POR REQUALIFICA\u00c7\u00c3O COM APLICA\u00c7\u00c3O DE ASFALTO E REFORMA DE GUIAS - Jornal Metr\u00f3pole\",\"isPartOf\":{\"@id\":\"https:\\\/\\\/jm-metropole.com.br\\\/site\\\/#website\"},\"primaryImageOfPage\":{\"@id\":\"https:\\\/\\\/jm-metropole.com.br\\\/site\\\/estrada-do-ribeirao-passa-por-requalificacao-com-aplicacao-de-asfalto-e-reforma-de-guias\\\/#primaryimage\"},\"image\":{\"@id\":\"https:\\\/\\\/jm-metropole.com.br\\\/site\\\/estrada-do-ribeirao-passa-por-requalificacao-com-aplicacao-de-asfalto-e-reforma-de-guias\\\/#primaryimage\"},\"thumbnailUrl\":\"https:\\\/\\\/jm-metropole.com.br\\\/site\\\/wp-content\\\/uploads\\\/2026\\\/09\\\/WhatsApp-Image-2026-09-04-at-20.52.04.jpeg\",\"datePublished\":\"2026-09-05T01:21:13+00:00\",\"breadcrumb\":{\"@id\":\"https:\\\/\\\/jm-metropole.com.br\\\/site\\\/estrada-do-ribeirao-passa-por-requalificacao-com-aplicacao-de-asfalto-e-reforma-de-guias\\\/#breadcrumb\"},\"inLanguage\":\"pt-BR\",\"potentialAction\":[{\"@type\":\"ReadAction\",\"target\":[\"https:\\\/\\\/jm-metropole.com.br\\\/site\\\/estrada-do-ribeirao-passa-por-requalificacao-com-aplicacao-de-asfalto-e-reforma-de-guias\\\/\"]}]},{\"@type\":\"ImageObject\",\"inLanguage\":\"pt-BR\",\"@id\":\"https:\\\/\\\/jm-metropole.com.br\\\/site\\\/estrada-do-ribeirao-passa-por-requalificacao-com-aplicacao-de-asfalto-e-reforma-de-guias\\\/#primaryimage\",\"url\":\"https:\\\/\\\/jm-metropole.com.br\\\/site\\\/wp-content\\\/uploads\\\/2026\\\/09\\\/WhatsApp-Image-2026-09-04-at-20.52.04.jpeg\",\"contentUrl\":\"https:\\\/\\\/jm-metropole.com.br\\\/site\\\/wp-content\\\/uploads\\\/2026\\\/09\\\/WhatsApp-Image-2026-09-04-at-20.52.04.jpeg\",\"width\":1280,\"height\":854},{\"@type\":\"BreadcrumbList\",\"@id\":\"https:\\\/\\\/jm-metropole.com.br\\\/site\\\/estrada-do-ribeirao-passa-por-requalificacao-com-aplicacao-de-asfalto-e-reforma-de-guias\\\/#breadcrumb\",\"itemListElement\":[{\"@type\":\"ListItem\",\"position\":1,\"name\":\"In\u00edcio\",\"item\":\"https:\\\/\\\/jm-metropole.com.br\\\/site\\\/\"},{\"@type\":\"ListItem\",\"position\":2,\"name\":\"ESTRADA DO RIBEIR\u00c3O PASSA POR REQUALIFICA\u00c7\u00c3O COM APLICA\u00c7\u00c3O DE ASFALTO E REFORMA DE GUIAS\"}]},{\"@type\":\"WebSite\",\"@id\":\"https:\\\/\\\/jm-metropole.com.br\\\/site\\\/#website\",\"url\":\"https:\\\/\\\/jm-metropole.com.br\\\/site\\\/\",\"name\":\"Jornal Metr\u00f3pole\",\"description\":\"Alto Tiet\u00ea e Regi\u00e3o\",\"publisher\":{\"@id\":\"https:\\\/\\\/jm-metropole.com.br\\\/site\\\/#organization\"},\"potentialAction\":[{\"@type\":\"SearchAction\",\"target\":{\"@type\":\"EntryPoint\",\"urlTemplate\":\"https:\\\/\\\/jm-metropole.com.br\\\/site\\\/?s={search_term_string}\"},\"query-input\":{\"@type\":\"PropertyValueSpecification\",\"valueRequired\":true,\"valueName\":\"search_term_string\"}}],\"inLanguage\":\"pt-BR\"},{\"@type\":\"Organization\",\"@id\":\"https:\\\/\\\/jm-metropole.com.br\\\/site\\\/#organization\",\"name\":\"Jornal Metr\u00f3pole\",\"url\":\"https:\\\/\\\/jm-metropole.com.br\\\/site\\\/\",\"logo\":{\"@type\":\"ImageObject\",\"inLanguage\":\"pt-BR\",\"@id\":\"https:\\\/\\\/jm-metropole.com.br\\\/site\\\/#\\\/schema\\\/logo\\\/image\\\/\",\"url\":\"https:\\\/\\\/jm-metropole.com.br\\\/site\\\/wp-content\\\/uploads\\\/2026\\\/05\\\/LOGO-JM-scaled.jpg\",\"contentUrl\":\"https:\\\/\\\/jm-metropole.com.br\\\/site\\\/wp-content\\\/uploads\\\/2026\\\/05\\\/LOGO-JM-scaled.jpg\",\"width\":2560,\"height\":2498,\"caption\":\"Jornal Metr\u00f3pole\"},\"image\":{\"@id\":\"https:\\\/\\\/jm-metropole.com.br\\\/site\\\/#\\\/schema\\\/logo\\\/image\\\/\"},\"sameAs\":[\"https:\\\/\\\/www.facebook.com\\\/jm.metropole\",\"https:\\\/\\\/www.instagram.com\\\/jm.metropole\\\/\"]},{\"@type\":\"Person\",\"@id\":\"https:\\\/\\\/jm-metropole.com.br\\\/site\\\/#\\\/schema\\\/person\\\/a438c77cefcef76c8ddbe3dcc9b238fc\",\"name\":\"Jornal Metr\u00f3pole\",\"sameAs\":[\"https:\\\/\\\/jm-metropole.com.br\\\/site\"],\"url\":\"https:\\\/\\\/jm-metropole.com.br\\\/site\\\/author\\\/admin\\\/\"}]}<\/script>\n<!-- \/ Yoast SEO plugin. -->","yoast_head_json":{"title":"ESTRADA DO RIBEIR\u00c3O PASSA POR REQUALIFICA\u00c7\u00c3O COM APLICA\u00c7\u00c3O DE ASFALTO E REFORMA DE GUIAS - Jornal Metr\u00f3pole","robots":{"index":"index","follow":"follow","max-snippet":"max-snippet:-1","max-image-preview":"max-image-preview:large","max-video-preview":"max-video-preview:-1"},"canonical":"https:\/\/jm-metropole.com.br\/site\/estrada-do-ribeirao-passa-por-requalificacao-com-aplicacao-de-asfalto-e-reforma-de-guias\/","og_locale":"pt_BR","og_type":"article","og_title":"ESTRADA DO RIBEIR\u00c3O PASSA POR REQUALIFICA\u00c7\u00c3O COM APLICA\u00c7\u00c3O DE ASFALTO E REFORMA DE GUIAS - Jornal Metr\u00f3pole","og_description":"Obra iniciada nesta quinta-feira (03\/09) contempla cerca de 800 metros da via e recebe investimento superior a R$ 1,2 milh\u00e3o A estrada do Ribeir\u00e3o, no bairro Jardim Fernandes, regi\u00e3o norte de Suzano, est\u00e1 passando por obras de requalifica\u00e7\u00e3o vi\u00e1ria, com servi\u00e7os de refor\u00e7o do solo, aplica\u00e7\u00e3o de asfalto e reforma de guias e sarjetas. Os [&hellip;]","og_url":"https:\/\/jm-metropole.com.br\/site\/estrada-do-ribeirao-passa-por-requalificacao-com-aplicacao-de-asfalto-e-reforma-de-guias\/","og_site_name":"Jornal Metr\u00f3pole","article_publisher":"https:\/\/www.facebook.com\/jm.metropole","article_published_time":"2026-09-05T01:21:13+00:00","og_image":[{"width":1280,"height":854,"url":"https:\/\/jm-metropole.com.br\/site\/wp-content\/uploads\/2026\/09\/WhatsApp-Image-2026-09-04-at-20.52.04.jpeg","type":"image\/jpeg"}],"author":"Jornal Metr\u00f3pole","twitter_card":"summary_large_image","twitter_misc":{"Escrito por":"Jornal Metr\u00f3pole","Est. tempo de leitura":"4 minutos"},"schema":{"@context":"https:\/\/schema.org","@graph":[{"@type":"Article","@id":"https:\/\/jm-metropole.com.br\/site\/estrada-do-ribeirao-passa-por-requalificacao-com-aplicacao-de-asfalto-e-reforma-de-guias\/#article","isPartOf":{"@id":"https:\/\/jm-metropole.com.br\/site\/estrada-do-ribeirao-passa-por-requalificacao-com-aplicacao-de-asfalto-e-reforma-de-guias\/"},"author":{"name":"Jornal Metr\u00f3pole","@id":"https:\/\/jm-metropole.com.br\/site\/#\/schema\/person\/a438c77cefcef76c8ddbe3dcc9b238fc"},"headline":"ESTRADA DO RIBEIR\u00c3O PASSA POR REQUALIFICA\u00c7\u00c3O COM APLICA\u00c7\u00c3O DE ASFALTO E REFORMA DE GUIAS","datePublished":"2026-09-05T01:21:13+00:00","mainEntityOfPage":{"@id":"https:\/\/jm-metropole.com.br\/site\/estrada-do-ribeirao-passa-por-requalificacao-com-aplicacao-de-asfalto-e-reforma-de-guias\/"},"wordCount":605,"commentCount":0,"publisher":{"@id":"https:\/\/jm-metropole.com.br\/site\/#organization"},"image":{"@id":"https:\/\/jm-metropole.com.br\/site\/estrada-do-ribeirao-passa-por-requalificacao-com-aplicacao-de-asfalto-e-reforma-de-guias\/#primaryimage"},"thumbnailUrl":"https:\/\/jm-metropole.com.br\/site\/wp-content\/uploads\/2026\/09\/WhatsApp-Image-2026-09-04-at-20.52.04.jpeg","articleSection":["Cidades","Suzano","Tr\u00e2nsito"],"inLanguage":"pt-BR","potentialAction":[{"@type":"CommentAction","name":"Comment","target":["https:\/\/jm-metropole.com.br\/site\/estrada-do-ribeirao-passa-por-requalificacao-com-aplicacao-de-asfalto-e-reforma-de-guias\/#respond"]}]},{"@type":"WebPage","@id":"https:\/\/jm-metropole.com.br\/site\/estrada-do-ribeirao-passa-por-requalificacao-com-aplicacao-de-asfalto-e-reforma-de-guias\/","url":"https:\/\/jm-metropole.com.br\/site\/estrada-do-ribeirao-passa-por-requalificacao-com-aplicacao-de-asfalto-e-reforma-de-guias\/","name":"ESTRADA DO RIBEIR\u00c3O PASSA POR REQUALIFICA\u00c7\u00c3O COM APLICA\u00c7\u00c3O DE ASFALTO E REFORMA DE GUIAS - Jornal Metr\u00f3pole","isPartOf":{"@id":"https:\/\/jm-metropole.com.br\/site\/#website"},"primaryImageOfPage":{"@id":"https:\/\/jm-metropole.com.br\/site\/estrada-do-ribeirao-passa-por-requalificacao-com-aplicacao-de-asfalto-e-reforma-de-guias\/#primaryimage"},"image":{"@id":"https:\/\/jm-metropole.com.br\/site\/estrada-do-ribeirao-passa-por-requalificacao-com-aplicacao-de-asfalto-e-reforma-de-guias\/#primaryimage"},"thumbnailUrl":"https:\/\/jm-metropole.com.br\/site\/wp-content\/uploads\/2026\/09\/WhatsApp-Image-2026-09-04-at-20.52.04.jpeg","datePublished":"2026-09-05T01:21:13+00:00","breadcrumb":{"@id":"https:\/\/jm-metropole.com.br\/site\/estrada-do-ribeirao-passa-por-requalificacao-com-aplicacao-de-asfalto-e-reforma-de-guias\/#breadcrumb"},"inLanguage":"pt-BR","potentialAction":[{"@type":"ReadAction","target":["https:\/\/jm-metropole.com.br\/site\/estrada-do-ribeirao-passa-por-requalificacao-com-aplicacao-de-asfalto-e-reforma-de-guias\/"]}]},{"@type":"ImageObject","inLanguage":"pt-BR","@id":"https:\/\/jm-metropole.com.br\/site\/estrada-do-ribeirao-passa-por-requalificacao-com-aplicacao-de-asfalto-e-reforma-de-guias\/#primaryimage","url":"https:\/\/jm-metropole.com.br\/site\/wp-content\/uploads\/2026\/09\/WhatsApp-Image-2026-09-04-at-20.52.04.jpeg","contentUrl":"https:\/\/jm-metropole.com.br\/site\/wp-content\/uploads\/2026\/09\/WhatsApp-Image-2026-09-04-at-20.52.04.jpeg","width":1280,"height":854},{"@type":"BreadcrumbList","@id":"https:\/\/jm-metropole.com.br\/site\/estrada-do-ribeirao-passa-por-requalificacao-com-aplicacao-de-asfalto-e-reforma-de-guias\/#breadcrumb","itemListElement":[{"@type":"ListItem","position":1,"name":"In\u00edcio","item":"https:\/\/jm-metropole.com.br\/site\/"},{"@type":"ListItem","position":2,"name":"ESTRADA DO RIBEIR\u00c3O PASSA POR REQUALIFICA\u00c7\u00c3O COM APLICA\u00c7\u00c3O DE ASFALTO E REFORMA DE GUIAS"}]},{"@type":"WebSite","@id":"https:\/\/jm-metropole.com.br\/site\/#website","url":"https:\/\/jm-metropole.com.br\/site\/","name":"Jornal Metr\u00f3pole","description":"Alto Tiet\u00ea e Regi\u00e3o","publisher":{"@id":"https:\/\/jm-metropole.com.br\/site\/#organization"},"potentialAction":[{"@type":"SearchAction","target":{"@type":"EntryPoint","urlTemplate":"https:\/\/jm-metropole.com.br\/site\/?s={search_term_string}"},"query-input":{"@type":"PropertyValueSpecification","valueRequired":true,"valueName":"search_term_string"}}],"inLanguage":"pt-BR"},{"@type":"Organization","@id":"https:\/\/jm-metropole.com.br\/site\/#organization","name":"Jornal Metr\u00f3pole","url":"https:\/\/jm-metropole.com.br\/site\/","logo":{"@type":"ImageObject","inLanguage":"pt-BR","@id":"https:\/\/jm-metropole.com.br\/site\/#\/schema\/logo\/image\/","url":"https:\/\/jm-metropole.com.br\/site\/wp-content\/uploads\/2026\/05\/LOGO-JM-scaled.jpg","contentUrl":"https:\/\/jm-metropole.com.br\/site\/wp-content\/uploads\/2026\/05\/LOGO-JM-scaled.jpg","width":2560,"height":2498,"caption":"Jornal Metr\u00f3pole"},"image":{"@id":"https:\/\/jm-metropole.com.br\/site\/#\/schema\/logo\/image\/"},"sameAs":["https:\/\/www.facebook.com\/jm.metropole","https:\/\/www.instagram.com\/jm.metropole\/"]},{"@type":"Person","@id":"https:\/\/jm-metropole.com.br\/site\/#\/schema\/person\/a438c77cefcef76c8ddbe3dcc9b238fc","name":"Jornal Metr\u00f3pole","sameAs":["https:\/\/jm-metropole.com.br\/site"],"url":"https:\/\/jm-metropole.com.br\/site\/author\/admin\/"}]}},"_links":{"self":[{"href":"https:\/\/jm-metropole.com.br\/site\/wp-json\/wp\/v2\/posts\/32514","targetHints":{"allow":["GET"]}}],"collection":[{"href":"https:\/\/jm-metropole.com.br\/site\/wp-json\/wp\/v2\/posts"}],"about":[{"href":"https:\/\/jm-metropole.com.br\/site\/wp-json\/wp\/v2\/types\/post"}],"author":[{"embeddable":true,"href":"https:\/\/jm-metropole.com.br\/site\/wp-json\/wp\/v2\/users\/1"}],"replies":[{"embeddable":true,"href":"https:\/\/jm-metropole.com.br\/site\/wp-json\/wp\/v2\/comments?post=32514"}],"version-history":[{"count":1,"href":"https:\/\/jm-metropole.com.br\/site\/wp-json\/wp\/v2\/posts\/32514\/revisions"}],"predecessor-version":[{"id":32515,"href":"https:\/\/jm-metropole.com.br\/site\/wp-json\/wp\/v2\/posts\/32514\/revisions\/32515"}],"wp:featuredmedia":[{"embeddable":true,"href":"https:\/\/jm-metropole.com.br\/site\/wp-json\/wp\/v2\/media\/32503"}],"wp:attachment":[{"href":"https:\/\/jm-metropole.com.br\/site\/wp-json\/wp\/v2\/media?parent=32514"}],"wp:term":[{"taxonomy":"category","embeddable":true,"href":"https:\/\/jm-metropole.com.br\/site\/wp-json\/wp\/v2\/categories?post=32514"},{"taxonomy":"post_tag","embeddable":true,"href":"https:\/\/jm-metropole.com.br\/site\/wp-json\/wp\/v2\/tags?post=32514"}],"curies":[{"name":"wp","href":"https:\/\/api.w.org\/{rel}","templated":true}]}}