{"id":32512,"date":"2026-09-04T22:16:30","date_gmt":"2026-09-05T01:16:30","guid":{"rendered":"https:\/\/jm-metropole.com.br\/site\/?p=32512"},"modified":"2026-09-04T22:16:30","modified_gmt":"2026-09-05T01:16:30","slug":"estudantes-de-santa-isabel-recebem-certificados-da-1a-oficina-de-recesso-modelagem-e-impressao-3d","status":"publish","type":"post","link":"https:\/\/jm-metropole.com.br\/site\/estudantes-de-santa-isabel-recebem-certificados-da-1a-oficina-de-recesso-modelagem-e-impressao-3d\/","title":{"rendered":"ESTUDANTES DE SANTA ISABEL RECEBEM CERTIFICADOS DA 1\u00aa OFICINA DE RECESSO \u2013 &#8216;MODELAGEM E IMPRESS\u00c3O 3D&#8217;"},"content":{"rendered":"<p style=\"text-align: justify;\">Em cerim\u00f4nia realizada nesta quarta-feira (2), 48 estudantes receberam os certificados pela participa\u00e7\u00e3o no projeto, realizado entre os dias 6 e 16 de julho<\/p>\n<p style=\"text-align: justify;\">Estudantes da Rede Municipal de Ensino de Santa Isabel receberam, nesta quarta-feira (2), os certificados de conclus\u00e3o da 1\u00aa Oficina de Recesso \u2013 &#8220;Modelagem e Impress\u00e3o 3D&#8221;, em cerim\u00f4nia marcada pelo reconhecimento ao aprendizado e ao protagonismo dos alunos. O evento foi realizado no audit\u00f3rio da EMEF Oscar Ferreira de Godoy e reuniu os estudantes participantes, acompanhados de respons\u00e1veis e familiares, al\u00e9m de gestores escolares, representantes da Secretaria Municipal de Educa\u00e7\u00e3o e do prefeito Dr. Carlos Chinchilla.<\/p>\n<p style=\"text-align: justify;\">Realizada entre os dias 6 e 16 de julho, a oficina contou com a participa\u00e7\u00e3o de alunos do 3\u00ba ao 5\u00ba ano, que durante quatro encontros tiveram contato com conceitos de tecnologia, cultura maker e modelagem tridimensional. Utilizando a plataforma Tinkercad, os estudantes aprenderam a criar modelos em ambiente digital, conheceram o funcionamento de uma impressora 3D e tiveram a oportunidade de transformar suas pr\u00f3prias ideias em objetos concretos.<\/p>\n<p style=\"text-align: justify;\">A experi\u00eancia contribuiu ainda para o desenvolvimento de compet\u00eancias como criatividade, racioc\u00ednio l\u00f3gico, pensamento computacional, percep\u00e7\u00e3o espacial, resolu\u00e7\u00e3o de problemas e trabalho colaborativo.<\/p>\n<p style=\"text-align: justify;\">Ao todo, 48 estudantes conclu\u00edram a forma\u00e7\u00e3o e receberam seus certificados. A presen\u00e7a dos respons\u00e1veis na cerim\u00f4nia refor\u00e7ou a import\u00e2ncia da participa\u00e7\u00e3o das fam\u00edlias no acompanhamento da trajet\u00f3ria escolar e das conquistas dos alunos.<\/p>\n<p style=\"text-align: justify;\">A iniciativa integra as a\u00e7\u00f5es da Secretaria Municipal de Educa\u00e7\u00e3o voltadas \u00e0 amplia\u00e7\u00e3o das experi\u00eancias de aprendizagem e \u00e0 aproxima\u00e7\u00e3o dos estudantes com as novas tecnologias.<\/p>\n","protected":false},"excerpt":{"rendered":"<p>Em cerim\u00f4nia realizada nesta quarta-feira (2), 48 estudantes receberam os certificados pela participa\u00e7\u00e3o no projeto, realizado entre os dias 6 e 16 de julho Estudantes da Rede Municipal de Ensino de Santa Isabel receberam, nesta quarta-feira (2), os certificados de conclus\u00e3o da 1\u00aa Oficina de Recesso \u2013 &#8220;Modelagem e Impress\u00e3o 3D&#8221;, em cerim\u00f4nia marcada pelo [&hellip;]<\/p>\n","protected":false},"author":1,"featured_media":32505,"comment_status":"open","ping_status":"open","sticky":false,"template":"","format":"standard","meta":{"footnotes":""},"categories":[14,5],"tags":[],"class_list":["post-32512","post","type-post","status-publish","format-standard","has-post-thumbnail","category-educacao","category-santa-isabel"],"yoast_head":"<!-- This site is optimized with the Yoast SEO plugin v27.6 - https:\/\/yoast.com\/product\/yoast-seo-wordpress\/ -->\n<title>ESTUDANTES DE SANTA ISABEL RECEBEM CERTIFICADOS DA 1\u00aa OFICINA DE RECESSO \u2013 &#039;MODELAGEM E IMPRESS\u00c3O 3D&#039; - Jornal Metr\u00f3pole<\/title>\n<meta name=\"robots\" content=\"index, follow, max-snippet:-1, max-image-preview:large, max-video-preview:-1\" \/>\n<link rel=\"canonical\" href=\"https:\/\/jm-metropole.com.br\/site\/estudantes-de-santa-isabel-recebem-certificados-da-1a-oficina-de-recesso-modelagem-e-impressao-3d\/\" \/>\n<meta property=\"og:locale\" content=\"pt_BR\" \/>\n<meta property=\"og:type\" content=\"article\" \/>\n<meta property=\"og:title\" content=\"ESTUDANTES DE SANTA ISABEL RECEBEM CERTIFICADOS DA 1\u00aa OFICINA DE RECESSO \u2013 &#039;MODELAGEM E IMPRESS\u00c3O 3D&#039; - Jornal Metr\u00f3pole\" \/>\n<meta property=\"og:description\" content=\"Em cerim\u00f4nia realizada nesta quarta-feira (2), 48 estudantes receberam os certificados pela participa\u00e7\u00e3o no projeto, realizado entre os dias 6 e 16 de julho Estudantes da Rede Municipal de Ensino de Santa Isabel receberam, nesta quarta-feira (2), os certificados de conclus\u00e3o da 1\u00aa Oficina de Recesso \u2013 &#8220;Modelagem e Impress\u00e3o 3D&#8221;, em cerim\u00f4nia marcada pelo [&hellip;]\" \/>\n<meta property=\"og:url\" content=\"https:\/\/jm-metropole.com.br\/site\/estudantes-de-santa-isabel-recebem-certificados-da-1a-oficina-de-recesso-modelagem-e-impressao-3d\/\" \/>\n<meta property=\"og:site_name\" content=\"Jornal Metr\u00f3pole\" \/>\n<meta property=\"article:publisher\" content=\"https:\/\/www.facebook.com\/jm.metropole\" \/>\n<meta property=\"article:published_time\" content=\"2026-09-05T01:16:30+00:00\" \/>\n<meta property=\"og:image\" content=\"https:\/\/jm-metropole.com.br\/site\/wp-content\/uploads\/2026\/09\/WhatsApp-Image-2026-09-04-at-20.51.38.jpeg\" \/>\n\t<meta property=\"og:image:width\" content=\"1600\" \/>\n\t<meta property=\"og:image:height\" content=\"1200\" \/>\n\t<meta property=\"og:image:type\" content=\"image\/jpeg\" \/>\n<meta name=\"author\" content=\"Jornal Metr\u00f3pole\" \/>\n<meta name=\"twitter:card\" content=\"summary_large_image\" \/>\n<meta name=\"twitter:label1\" content=\"Escrito por\" \/>\n\t<meta name=\"twitter:data1\" content=\"Jornal Metr\u00f3pole\" \/>\n\t<meta name=\"twitter:label2\" content=\"Est. tempo de leitura\" \/>\n\t<meta name=\"twitter:data2\" content=\"2 minutos\" \/>\n<script type=\"application\/ld+json\" class=\"yoast-schema-graph\">{\"@context\":\"https:\\\/\\\/schema.org\",\"@graph\":[{\"@type\":\"Article\",\"@id\":\"https:\\\/\\\/jm-metropole.com.br\\\/site\\\/estudantes-de-santa-isabel-recebem-certificados-da-1a-oficina-de-recesso-modelagem-e-impressao-3d\\\/#article\",\"isPartOf\":{\"@id\":\"https:\\\/\\\/jm-metropole.com.br\\\/site\\\/estudantes-de-santa-isabel-recebem-certificados-da-1a-oficina-de-recesso-modelagem-e-impressao-3d\\\/\"},\"author\":{\"name\":\"Jornal Metr\u00f3pole\",\"@id\":\"https:\\\/\\\/jm-metropole.com.br\\\/site\\\/#\\\/schema\\\/person\\\/a438c77cefcef76c8ddbe3dcc9b238fc\"},\"headline\":\"ESTUDANTES DE SANTA ISABEL RECEBEM CERTIFICADOS DA 1\u00aa OFICINA DE RECESSO \u2013 &#8216;MODELAGEM E IMPRESS\u00c3O 3D&#8217;\",\"datePublished\":\"2026-09-05T01:16:30+00:00\",\"mainEntityOfPage\":{\"@id\":\"https:\\\/\\\/jm-metropole.com.br\\\/site\\\/estudantes-de-santa-isabel-recebem-certificados-da-1a-oficina-de-recesso-modelagem-e-impressao-3d\\\/\"},\"wordCount\":286,\"commentCount\":0,\"publisher\":{\"@id\":\"https:\\\/\\\/jm-metropole.com.br\\\/site\\\/#organization\"},\"image\":{\"@id\":\"https:\\\/\\\/jm-metropole.com.br\\\/site\\\/estudantes-de-santa-isabel-recebem-certificados-da-1a-oficina-de-recesso-modelagem-e-impressao-3d\\\/#primaryimage\"},\"thumbnailUrl\":\"https:\\\/\\\/jm-metropole.com.br\\\/site\\\/wp-content\\\/uploads\\\/2026\\\/09\\\/WhatsApp-Image-2026-09-04-at-20.51.38.jpeg\",\"articleSection\":[\"Educa\u00e7\u00e3o\",\"Santa Isabel\"],\"inLanguage\":\"pt-BR\",\"potentialAction\":[{\"@type\":\"CommentAction\",\"name\":\"Comment\",\"target\":[\"https:\\\/\\\/jm-metropole.com.br\\\/site\\\/estudantes-de-santa-isabel-recebem-certificados-da-1a-oficina-de-recesso-modelagem-e-impressao-3d\\\/#respond\"]}]},{\"@type\":\"WebPage\",\"@id\":\"https:\\\/\\\/jm-metropole.com.br\\\/site\\\/estudantes-de-santa-isabel-recebem-certificados-da-1a-oficina-de-recesso-modelagem-e-impressao-3d\\\/\",\"url\":\"https:\\\/\\\/jm-metropole.com.br\\\/site\\\/estudantes-de-santa-isabel-recebem-certificados-da-1a-oficina-de-recesso-modelagem-e-impressao-3d\\\/\",\"name\":\"ESTUDANTES DE SANTA ISABEL RECEBEM CERTIFICADOS DA 1\u00aa OFICINA DE RECESSO \u2013 'MODELAGEM E IMPRESS\u00c3O 3D' - Jornal Metr\u00f3pole\",\"isPartOf\":{\"@id\":\"https:\\\/\\\/jm-metropole.com.br\\\/site\\\/#website\"},\"primaryImageOfPage\":{\"@id\":\"https:\\\/\\\/jm-metropole.com.br\\\/site\\\/estudantes-de-santa-isabel-recebem-certificados-da-1a-oficina-de-recesso-modelagem-e-impressao-3d\\\/#primaryimage\"},\"image\":{\"@id\":\"https:\\\/\\\/jm-metropole.com.br\\\/site\\\/estudantes-de-santa-isabel-recebem-certificados-da-1a-oficina-de-recesso-modelagem-e-impressao-3d\\\/#primaryimage\"},\"thumbnailUrl\":\"https:\\\/\\\/jm-metropole.com.br\\\/site\\\/wp-content\\\/uploads\\\/2026\\\/09\\\/WhatsApp-Image-2026-09-04-at-20.51.38.jpeg\",\"datePublished\":\"2026-09-05T01:16:30+00:00\",\"breadcrumb\":{\"@id\":\"https:\\\/\\\/jm-metropole.com.br\\\/site\\\/estudantes-de-santa-isabel-recebem-certificados-da-1a-oficina-de-recesso-modelagem-e-impressao-3d\\\/#breadcrumb\"},\"inLanguage\":\"pt-BR\",\"potentialAction\":[{\"@type\":\"ReadAction\",\"target\":[\"https:\\\/\\\/jm-metropole.com.br\\\/site\\\/estudantes-de-santa-isabel-recebem-certificados-da-1a-oficina-de-recesso-modelagem-e-impressao-3d\\\/\"]}]},{\"@type\":\"ImageObject\",\"inLanguage\":\"pt-BR\",\"@id\":\"https:\\\/\\\/jm-metropole.com.br\\\/site\\\/estudantes-de-santa-isabel-recebem-certificados-da-1a-oficina-de-recesso-modelagem-e-impressao-3d\\\/#primaryimage\",\"url\":\"https:\\\/\\\/jm-metropole.com.br\\\/site\\\/wp-content\\\/uploads\\\/2026\\\/09\\\/WhatsApp-Image-2026-09-04-at-20.51.38.jpeg\",\"contentUrl\":\"https:\\\/\\\/jm-metropole.com.br\\\/site\\\/wp-content\\\/uploads\\\/2026\\\/09\\\/WhatsApp-Image-2026-09-04-at-20.51.38.jpeg\",\"width\":1600,\"height\":1200},{\"@type\":\"BreadcrumbList\",\"@id\":\"https:\\\/\\\/jm-metropole.com.br\\\/site\\\/estudantes-de-santa-isabel-recebem-certificados-da-1a-oficina-de-recesso-modelagem-e-impressao-3d\\\/#breadcrumb\",\"itemListElement\":[{\"@type\":\"ListItem\",\"position\":1,\"name\":\"In\u00edcio\",\"item\":\"https:\\\/\\\/jm-metropole.com.br\\\/site\\\/\"},{\"@type\":\"ListItem\",\"position\":2,\"name\":\"ESTUDANTES DE SANTA ISABEL RECEBEM CERTIFICADOS DA 1\u00aa OFICINA DE RECESSO \u2013 &#8216;MODELAGEM E IMPRESS\u00c3O 3D&#8217;\"}]},{\"@type\":\"WebSite\",\"@id\":\"https:\\\/\\\/jm-metropole.com.br\\\/site\\\/#website\",\"url\":\"https:\\\/\\\/jm-metropole.com.br\\\/site\\\/\",\"name\":\"Jornal Metr\u00f3pole\",\"description\":\"Alto Tiet\u00ea e Regi\u00e3o\",\"publisher\":{\"@id\":\"https:\\\/\\\/jm-metropole.com.br\\\/site\\\/#organization\"},\"potentialAction\":[{\"@type\":\"SearchAction\",\"target\":{\"@type\":\"EntryPoint\",\"urlTemplate\":\"https:\\\/\\\/jm-metropole.com.br\\\/site\\\/?s={search_term_string}\"},\"query-input\":{\"@type\":\"PropertyValueSpecification\",\"valueRequired\":true,\"valueName\":\"search_term_string\"}}],\"inLanguage\":\"pt-BR\"},{\"@type\":\"Organization\",\"@id\":\"https:\\\/\\\/jm-metropole.com.br\\\/site\\\/#organization\",\"name\":\"Jornal Metr\u00f3pole\",\"url\":\"https:\\\/\\\/jm-metropole.com.br\\\/site\\\/\",\"logo\":{\"@type\":\"ImageObject\",\"inLanguage\":\"pt-BR\",\"@id\":\"https:\\\/\\\/jm-metropole.com.br\\\/site\\\/#\\\/schema\\\/logo\\\/image\\\/\",\"url\":\"https:\\\/\\\/jm-metropole.com.br\\\/site\\\/wp-content\\\/uploads\\\/2026\\\/05\\\/LOGO-JM-scaled.jpg\",\"contentUrl\":\"https:\\\/\\\/jm-metropole.com.br\\\/site\\\/wp-content\\\/uploads\\\/2026\\\/05\\\/LOGO-JM-scaled.jpg\",\"width\":2560,\"height\":2498,\"caption\":\"Jornal Metr\u00f3pole\"},\"image\":{\"@id\":\"https:\\\/\\\/jm-metropole.com.br\\\/site\\\/#\\\/schema\\\/logo\\\/image\\\/\"},\"sameAs\":[\"https:\\\/\\\/www.facebook.com\\\/jm.metropole\",\"https:\\\/\\\/www.instagram.com\\\/jm.metropole\\\/\"]},{\"@type\":\"Person\",\"@id\":\"https:\\\/\\\/jm-metropole.com.br\\\/site\\\/#\\\/schema\\\/person\\\/a438c77cefcef76c8ddbe3dcc9b238fc\",\"name\":\"Jornal Metr\u00f3pole\",\"sameAs\":[\"https:\\\/\\\/jm-metropole.com.br\\\/site\"],\"url\":\"https:\\\/\\\/jm-metropole.com.br\\\/site\\\/author\\\/admin\\\/\"}]}<\/script>\n<!-- \/ Yoast SEO plugin. -->","yoast_head_json":{"title":"ESTUDANTES DE SANTA ISABEL RECEBEM CERTIFICADOS DA 1\u00aa OFICINA DE RECESSO \u2013 'MODELAGEM E IMPRESS\u00c3O 3D' - Jornal Metr\u00f3pole","robots":{"index":"index","follow":"follow","max-snippet":"max-snippet:-1","max-image-preview":"max-image-preview:large","max-video-preview":"max-video-preview:-1"},"canonical":"https:\/\/jm-metropole.com.br\/site\/estudantes-de-santa-isabel-recebem-certificados-da-1a-oficina-de-recesso-modelagem-e-impressao-3d\/","og_locale":"pt_BR","og_type":"article","og_title":"ESTUDANTES DE SANTA ISABEL RECEBEM CERTIFICADOS DA 1\u00aa OFICINA DE RECESSO \u2013 'MODELAGEM E IMPRESS\u00c3O 3D' - Jornal Metr\u00f3pole","og_description":"Em cerim\u00f4nia realizada nesta quarta-feira (2), 48 estudantes receberam os certificados pela participa\u00e7\u00e3o no projeto, realizado entre os dias 6 e 16 de julho Estudantes da Rede Municipal de Ensino de Santa Isabel receberam, nesta quarta-feira (2), os certificados de conclus\u00e3o da 1\u00aa Oficina de Recesso \u2013 &#8220;Modelagem e Impress\u00e3o 3D&#8221;, em cerim\u00f4nia marcada pelo [&hellip;]","og_url":"https:\/\/jm-metropole.com.br\/site\/estudantes-de-santa-isabel-recebem-certificados-da-1a-oficina-de-recesso-modelagem-e-impressao-3d\/","og_site_name":"Jornal Metr\u00f3pole","article_publisher":"https:\/\/www.facebook.com\/jm.metropole","article_published_time":"2026-09-05T01:16:30+00:00","og_image":[{"width":1600,"height":1200,"url":"https:\/\/jm-metropole.com.br\/site\/wp-content\/uploads\/2026\/09\/WhatsApp-Image-2026-09-04-at-20.51.38.jpeg","type":"image\/jpeg"}],"author":"Jornal Metr\u00f3pole","twitter_card":"summary_large_image","twitter_misc":{"Escrito por":"Jornal Metr\u00f3pole","Est. tempo de leitura":"2 minutos"},"schema":{"@context":"https:\/\/schema.org","@graph":[{"@type":"Article","@id":"https:\/\/jm-metropole.com.br\/site\/estudantes-de-santa-isabel-recebem-certificados-da-1a-oficina-de-recesso-modelagem-e-impressao-3d\/#article","isPartOf":{"@id":"https:\/\/jm-metropole.com.br\/site\/estudantes-de-santa-isabel-recebem-certificados-da-1a-oficina-de-recesso-modelagem-e-impressao-3d\/"},"author":{"name":"Jornal Metr\u00f3pole","@id":"https:\/\/jm-metropole.com.br\/site\/#\/schema\/person\/a438c77cefcef76c8ddbe3dcc9b238fc"},"headline":"ESTUDANTES DE SANTA ISABEL RECEBEM CERTIFICADOS DA 1\u00aa OFICINA DE RECESSO \u2013 &#8216;MODELAGEM E IMPRESS\u00c3O 3D&#8217;","datePublished":"2026-09-05T01:16:30+00:00","mainEntityOfPage":{"@id":"https:\/\/jm-metropole.com.br\/site\/estudantes-de-santa-isabel-recebem-certificados-da-1a-oficina-de-recesso-modelagem-e-impressao-3d\/"},"wordCount":286,"commentCount":0,"publisher":{"@id":"https:\/\/jm-metropole.com.br\/site\/#organization"},"image":{"@id":"https:\/\/jm-metropole.com.br\/site\/estudantes-de-santa-isabel-recebem-certificados-da-1a-oficina-de-recesso-modelagem-e-impressao-3d\/#primaryimage"},"thumbnailUrl":"https:\/\/jm-metropole.com.br\/site\/wp-content\/uploads\/2026\/09\/WhatsApp-Image-2026-09-04-at-20.51.38.jpeg","articleSection":["Educa\u00e7\u00e3o","Santa Isabel"],"inLanguage":"pt-BR","potentialAction":[{"@type":"CommentAction","name":"Comment","target":["https:\/\/jm-metropole.com.br\/site\/estudantes-de-santa-isabel-recebem-certificados-da-1a-oficina-de-recesso-modelagem-e-impressao-3d\/#respond"]}]},{"@type":"WebPage","@id":"https:\/\/jm-metropole.com.br\/site\/estudantes-de-santa-isabel-recebem-certificados-da-1a-oficina-de-recesso-modelagem-e-impressao-3d\/","url":"https:\/\/jm-metropole.com.br\/site\/estudantes-de-santa-isabel-recebem-certificados-da-1a-oficina-de-recesso-modelagem-e-impressao-3d\/","name":"ESTUDANTES DE SANTA ISABEL RECEBEM CERTIFICADOS DA 1\u00aa OFICINA DE RECESSO \u2013 'MODELAGEM E IMPRESS\u00c3O 3D' - Jornal Metr\u00f3pole","isPartOf":{"@id":"https:\/\/jm-metropole.com.br\/site\/#website"},"primaryImageOfPage":{"@id":"https:\/\/jm-metropole.com.br\/site\/estudantes-de-santa-isabel-recebem-certificados-da-1a-oficina-de-recesso-modelagem-e-impressao-3d\/#primaryimage"},"image":{"@id":"https:\/\/jm-metropole.com.br\/site\/estudantes-de-santa-isabel-recebem-certificados-da-1a-oficina-de-recesso-modelagem-e-impressao-3d\/#primaryimage"},"thumbnailUrl":"https:\/\/jm-metropole.com.br\/site\/wp-content\/uploads\/2026\/09\/WhatsApp-Image-2026-09-04-at-20.51.38.jpeg","datePublished":"2026-09-05T01:16:30+00:00","breadcrumb":{"@id":"https:\/\/jm-metropole.com.br\/site\/estudantes-de-santa-isabel-recebem-certificados-da-1a-oficina-de-recesso-modelagem-e-impressao-3d\/#breadcrumb"},"inLanguage":"pt-BR","potentialAction":[{"@type":"ReadAction","target":["https:\/\/jm-metropole.com.br\/site\/estudantes-de-santa-isabel-recebem-certificados-da-1a-oficina-de-recesso-modelagem-e-impressao-3d\/"]}]},{"@type":"ImageObject","inLanguage":"pt-BR","@id":"https:\/\/jm-metropole.com.br\/site\/estudantes-de-santa-isabel-recebem-certificados-da-1a-oficina-de-recesso-modelagem-e-impressao-3d\/#primaryimage","url":"https:\/\/jm-metropole.com.br\/site\/wp-content\/uploads\/2026\/09\/WhatsApp-Image-2026-09-04-at-20.51.38.jpeg","contentUrl":"https:\/\/jm-metropole.com.br\/site\/wp-content\/uploads\/2026\/09\/WhatsApp-Image-2026-09-04-at-20.51.38.jpeg","width":1600,"height":1200},{"@type":"BreadcrumbList","@id":"https:\/\/jm-metropole.com.br\/site\/estudantes-de-santa-isabel-recebem-certificados-da-1a-oficina-de-recesso-modelagem-e-impressao-3d\/#breadcrumb","itemListElement":[{"@type":"ListItem","position":1,"name":"In\u00edcio","item":"https:\/\/jm-metropole.com.br\/site\/"},{"@type":"ListItem","position":2,"name":"ESTUDANTES DE SANTA ISABEL RECEBEM CERTIFICADOS DA 1\u00aa OFICINA DE RECESSO \u2013 &#8216;MODELAGEM E IMPRESS\u00c3O 3D&#8217;"}]},{"@type":"WebSite","@id":"https:\/\/jm-metropole.com.br\/site\/#website","url":"https:\/\/jm-metropole.com.br\/site\/","name":"Jornal Metr\u00f3pole","description":"Alto Tiet\u00ea e Regi\u00e3o","publisher":{"@id":"https:\/\/jm-metropole.com.br\/site\/#organization"},"potentialAction":[{"@type":"SearchAction","target":{"@type":"EntryPoint","urlTemplate":"https:\/\/jm-metropole.com.br\/site\/?s={search_term_string}"},"query-input":{"@type":"PropertyValueSpecification","valueRequired":true,"valueName":"search_term_string"}}],"inLanguage":"pt-BR"},{"@type":"Organization","@id":"https:\/\/jm-metropole.com.br\/site\/#organization","name":"Jornal Metr\u00f3pole","url":"https:\/\/jm-metropole.com.br\/site\/","logo":{"@type":"ImageObject","inLanguage":"pt-BR","@id":"https:\/\/jm-metropole.com.br\/site\/#\/schema\/logo\/image\/","url":"https:\/\/jm-metropole.com.br\/site\/wp-content\/uploads\/2026\/05\/LOGO-JM-scaled.jpg","contentUrl":"https:\/\/jm-metropole.com.br\/site\/wp-content\/uploads\/2026\/05\/LOGO-JM-scaled.jpg","width":2560,"height":2498,"caption":"Jornal Metr\u00f3pole"},"image":{"@id":"https:\/\/jm-metropole.com.br\/site\/#\/schema\/logo\/image\/"},"sameAs":["https:\/\/www.facebook.com\/jm.metropole","https:\/\/www.instagram.com\/jm.metropole\/"]},{"@type":"Person","@id":"https:\/\/jm-metropole.com.br\/site\/#\/schema\/person\/a438c77cefcef76c8ddbe3dcc9b238fc","name":"Jornal Metr\u00f3pole","sameAs":["https:\/\/jm-metropole.com.br\/site"],"url":"https:\/\/jm-metropole.com.br\/site\/author\/admin\/"}]}},"_links":{"self":[{"href":"https:\/\/jm-metropole.com.br\/site\/wp-json\/wp\/v2\/posts\/32512","targetHints":{"allow":["GET"]}}],"collection":[{"href":"https:\/\/jm-metropole.com.br\/site\/wp-json\/wp\/v2\/posts"}],"about":[{"href":"https:\/\/jm-metropole.com.br\/site\/wp-json\/wp\/v2\/types\/post"}],"author":[{"embeddable":true,"href":"https:\/\/jm-metropole.com.br\/site\/wp-json\/wp\/v2\/users\/1"}],"replies":[{"embeddable":true,"href":"https:\/\/jm-metropole.com.br\/site\/wp-json\/wp\/v2\/comments?post=32512"}],"version-history":[{"count":1,"href":"https:\/\/jm-metropole.com.br\/site\/wp-json\/wp\/v2\/posts\/32512\/revisions"}],"predecessor-version":[{"id":32513,"href":"https:\/\/jm-metropole.com.br\/site\/wp-json\/wp\/v2\/posts\/32512\/revisions\/32513"}],"wp:featuredmedia":[{"embeddable":true,"href":"https:\/\/jm-metropole.com.br\/site\/wp-json\/wp\/v2\/media\/32505"}],"wp:attachment":[{"href":"https:\/\/jm-metropole.com.br\/site\/wp-json\/wp\/v2\/media?parent=32512"}],"wp:term":[{"taxonomy":"category","embeddable":true,"href":"https:\/\/jm-metropole.com.br\/site\/wp-json\/wp\/v2\/categories?post=32512"},{"taxonomy":"post_tag","embeddable":true,"href":"https:\/\/jm-metropole.com.br\/site\/wp-json\/wp\/v2\/tags?post=32512"}],"curies":[{"name":"wp","href":"https:\/\/api.w.org\/{rel}","templated":true}]}}