{"id":32510,"date":"2026-09-04T22:11:38","date_gmt":"2026-09-05T01:11:38","guid":{"rendered":"https:\/\/jm-metropole.com.br\/site\/?p=32510"},"modified":"2026-09-04T22:11:38","modified_gmt":"2026-09-05T01:11:38","slug":"itaqua-rodeio-fest-tera-operacao-especial-de-transito-e-transporte-para-facilitar-chegada-e-saida-do-publico","status":"publish","type":"post","link":"https:\/\/jm-metropole.com.br\/site\/itaqua-rodeio-fest-tera-operacao-especial-de-transito-e-transporte-para-facilitar-chegada-e-saida-do-publico\/","title":{"rendered":"ITAQU\u00c1 RODEIO FEST TER\u00c1 OPERA\u00c7\u00c3O ESPECIAL DE TR\u00c2NSITO E TRANSPORTE PARA FACILITAR CHEGADA E SA\u00cdDA DO P\u00daBLICO"},"content":{"rendered":"<p style=\"text-align: justify;\">Opera\u00e7\u00e3o contar\u00e1 com \u00f4nibus municipais, espa\u00e7o para cerca de 50 ve\u00edculos e altera\u00e7\u00f5es em vias de acesso ao evento nos dias 5, 6, 11 e 12<\/p>\n<p style=\"text-align: justify;\">Quem pretende participar do Itaqu\u00e1 Rodeio Fest nos dias 5, 6, 11 e 12 de setembro deve ficar atento \u00e0 opera\u00e7\u00e3o especial preparada pela Prefeitura de Itaquaquecetuba para organizar o tr\u00e2nsito e facilitar o deslocamento do p\u00fablico. O esquema envolve transporte coletivo, pontos espec\u00edficos para embarque e desembarque, atendimento a motoristas de aplicativo e mudan\u00e7as tempor\u00e1rias na circula\u00e7\u00e3o de ve\u00edculos nas principais vias de acesso ao evento.<\/p>\n<p style=\"text-align: justify;\">Nove \u00f4nibus municipais ser\u00e3o utilizados para levar o p\u00fablico ao rodeio. Seis ve\u00edculos sair\u00e3o da esta\u00e7\u00e3o de Itaquaquecetuba, pela avenida \u00cdtalo Adami, enquanto tr\u00eas partir\u00e3o da esta\u00e7\u00e3o Manoel Feio. O transporte direto funcionar\u00e1 das 18h \u00e0 meia-noite durante os quatro dias de programa\u00e7\u00e3o.<\/p>\n<p style=\"text-align: justify;\">A opera\u00e7\u00e3o tamb\u00e9m foi planejada para o momento da sa\u00edda do evento, quando normalmente h\u00e1 concentra\u00e7\u00e3o de pessoas e ve\u00edculos. Um espa\u00e7o na sa\u00edda da estrada do Mandi ser\u00e1 reservado para 50 \u00f4nibus, que permanecer\u00e3o no local at\u00e9 o encerramento do evento e, a partir das 5h, ser\u00e3o direcionados aos bairros, criando uma alternativa para o retorno durante a madrugada e o in\u00edcio da manh\u00e3.<\/p>\n<p style=\"text-align: justify;\">O embarque e o desembarque dos \u00f4nibus municipais acontecer\u00e3o nos locais definidos pela opera\u00e7\u00e3o especial e ser\u00e3o acompanhados por agentes da Mobilidade Urbana. A orienta\u00e7\u00e3o \u00e9 que os passageiros utilizem exclusivamente os pontos indicados e sigam as instru\u00e7\u00f5es dos agentes.<\/p>\n<p style=\"text-align: justify;\">Quem optar por transporte por aplicativo tamb\u00e9m ter\u00e1 uma \u00e1rea de circula\u00e7\u00e3o definida. Os motoristas que estiverem trabalhando durante o evento ter\u00e3o acesso exclusivo \u00e0 via principal pela estrada Governador M\u00e1rio Covas J\u00fanior, das 19h \u00e0s 3h, apenas nos dias de realiza\u00e7\u00e3o do rodeio.<\/p>\n<p style=\"text-align: justify;\">A Secretaria de Mobilidade Urbana tamb\u00e9m preparou altera\u00e7\u00f5es tempor\u00e1rias no tr\u00e2nsito. A estrada do Mandi ficar\u00e1 interditada das 19h at\u00e9 o t\u00e9rmino do evento, no trecho entre a estrada do Campo Limpo e a rua Central. A estrada Governador M\u00e1rio Covas J\u00fanior ter\u00e1 bloqueio no sentido Ayrton Senna, das 19h \u00e0 0h30.<\/p>\n<p style=\"text-align: justify;\">As interdi\u00e7\u00f5es ter\u00e3o impacto tamb\u00e9m na circula\u00e7\u00e3o de ve\u00edculos vindos de munic\u00edpios vizinhos. Na rodovia Jo\u00e3o Afonso de Souza Castellano, em Po\u00e1, os ve\u00edculos ser\u00e3o direcionados para o sentido Itaim. J\u00e1 na rotat\u00f3ria do Miguel Badra, em Suzano, o fluxo ser\u00e1 direcionado para a estrada do Preju, no sentido Marengo.<\/p>\n<p style=\"text-align: justify;\">A recomenda\u00e7\u00e3o para quem n\u00e3o vai ao rodeio \u00e9 evitar os trechos pr\u00f3ximos ao evento durante o per\u00edodo das interdi\u00e7\u00f5es, optando por rotas alternativas, e para quem precisar circular pela regi\u00e3o, programar o deslocamento com anteced\u00eancia, considerando poss\u00edvel aumento no tempo de viagem.<\/p>\n<p style=\"text-align: justify;\">&#8220;Durante os dias de rodeio, teremos um aumento significativo no fluxo de ve\u00edculos e de pessoas, inclusive de outros munic\u00edpios. Por isso, organizamos a circula\u00e7\u00e3o do transporte p\u00fablico e do tr\u00e2nsito para garantir mais seguran\u00e7a e facilitar os deslocamentos&#8221;, afirmou o secret\u00e1rio de Mobilidade, Rosinaldo Castro.<\/p>\n<p style=\"text-align: justify;\">O prefeito Eduardo Boigues destacou que a dimens\u00e3o do evento exige uma opera\u00e7\u00e3o que contemple quem vai ao rodeio, bem como moradores, trabalhadores e motoristas que precisar\u00e3o circular pela regi\u00e3o. &#8220;Um evento desse porte movimenta a cidade e exige uma organiza\u00e7\u00e3o que considere os diferentes p\u00fablicos. Estamos trabalhando para facilitar o acesso e a sa\u00edda do evento, com aten\u00e7\u00e3o aos motoristas, pedestres e profissionais que estar\u00e3o trabalhando.&#8221;<\/p>\n","protected":false},"excerpt":{"rendered":"<p>Opera\u00e7\u00e3o contar\u00e1 com \u00f4nibus municipais, espa\u00e7o para cerca de 50 ve\u00edculos e altera\u00e7\u00f5es em vias de acesso ao evento nos dias 5, 6, 11 e 12 Quem pretende participar do Itaqu\u00e1 Rodeio Fest nos dias 5, 6, 11 e 12 de setembro deve ficar atento \u00e0 opera\u00e7\u00e3o especial preparada pela Prefeitura de Itaquaquecetuba para organizar [&hellip;]<\/p>\n","protected":false},"author":1,"featured_media":32494,"comment_status":"open","ping_status":"open","sticky":false,"template":"","format":"standard","meta":{"footnotes":""},"categories":[2,6,16,547,47],"tags":[],"class_list":["post-32510","post","type-post","status-publish","format-standard","has-post-thumbnail","category-cidades","category-itaqua","category-seguranca","category-transito","category-turismo"],"yoast_head":"<!-- This site is optimized with the Yoast SEO plugin v27.6 - https:\/\/yoast.com\/product\/yoast-seo-wordpress\/ -->\n<title>ITAQU\u00c1 RODEIO FEST TER\u00c1 OPERA\u00c7\u00c3O ESPECIAL DE TR\u00c2NSITO E TRANSPORTE PARA FACILITAR CHEGADA E SA\u00cdDA DO P\u00daBLICO - Jornal Metr\u00f3pole<\/title>\n<meta name=\"robots\" content=\"index, follow, max-snippet:-1, max-image-preview:large, max-video-preview:-1\" \/>\n<link rel=\"canonical\" href=\"https:\/\/jm-metropole.com.br\/site\/itaqua-rodeio-fest-tera-operacao-especial-de-transito-e-transporte-para-facilitar-chegada-e-saida-do-publico\/\" \/>\n<meta property=\"og:locale\" content=\"pt_BR\" \/>\n<meta property=\"og:type\" content=\"article\" \/>\n<meta property=\"og:title\" content=\"ITAQU\u00c1 RODEIO FEST TER\u00c1 OPERA\u00c7\u00c3O ESPECIAL DE TR\u00c2NSITO E TRANSPORTE PARA FACILITAR CHEGADA E SA\u00cdDA DO P\u00daBLICO - Jornal Metr\u00f3pole\" \/>\n<meta property=\"og:description\" content=\"Opera\u00e7\u00e3o contar\u00e1 com \u00f4nibus municipais, espa\u00e7o para cerca de 50 ve\u00edculos e altera\u00e7\u00f5es em vias de acesso ao evento nos dias 5, 6, 11 e 12 Quem pretende participar do Itaqu\u00e1 Rodeio Fest nos dias 5, 6, 11 e 12 de setembro deve ficar atento \u00e0 opera\u00e7\u00e3o especial preparada pela Prefeitura de Itaquaquecetuba para organizar [&hellip;]\" \/>\n<meta property=\"og:url\" content=\"https:\/\/jm-metropole.com.br\/site\/itaqua-rodeio-fest-tera-operacao-especial-de-transito-e-transporte-para-facilitar-chegada-e-saida-do-publico\/\" \/>\n<meta property=\"og:site_name\" content=\"Jornal Metr\u00f3pole\" \/>\n<meta property=\"article:publisher\" content=\"https:\/\/www.facebook.com\/jm.metropole\" \/>\n<meta property=\"article:published_time\" content=\"2026-09-05T01:11:38+00:00\" \/>\n<meta property=\"og:image\" content=\"https:\/\/jm-metropole.com.br\/site\/wp-content\/uploads\/2026\/09\/WhatsApp-Image-2026-09-04-at-20.55.44.jpeg\" \/>\n\t<meta property=\"og:image:width\" content=\"1600\" \/>\n\t<meta property=\"og:image:height\" content=\"1028\" \/>\n\t<meta property=\"og:image:type\" content=\"image\/jpeg\" \/>\n<meta name=\"author\" content=\"Jornal Metr\u00f3pole\" \/>\n<meta name=\"twitter:card\" content=\"summary_large_image\" \/>\n<meta name=\"twitter:label1\" content=\"Escrito por\" \/>\n\t<meta name=\"twitter:data1\" content=\"Jornal Metr\u00f3pole\" \/>\n\t<meta name=\"twitter:label2\" content=\"Est. tempo de leitura\" \/>\n\t<meta name=\"twitter:data2\" content=\"4 minutos\" \/>\n<script type=\"application\/ld+json\" class=\"yoast-schema-graph\">{\"@context\":\"https:\\\/\\\/schema.org\",\"@graph\":[{\"@type\":\"Article\",\"@id\":\"https:\\\/\\\/jm-metropole.com.br\\\/site\\\/itaqua-rodeio-fest-tera-operacao-especial-de-transito-e-transporte-para-facilitar-chegada-e-saida-do-publico\\\/#article\",\"isPartOf\":{\"@id\":\"https:\\\/\\\/jm-metropole.com.br\\\/site\\\/itaqua-rodeio-fest-tera-operacao-especial-de-transito-e-transporte-para-facilitar-chegada-e-saida-do-publico\\\/\"},\"author\":{\"name\":\"Jornal Metr\u00f3pole\",\"@id\":\"https:\\\/\\\/jm-metropole.com.br\\\/site\\\/#\\\/schema\\\/person\\\/a438c77cefcef76c8ddbe3dcc9b238fc\"},\"headline\":\"ITAQU\u00c1 RODEIO FEST TER\u00c1 OPERA\u00c7\u00c3O ESPECIAL DE TR\u00c2NSITO E TRANSPORTE PARA FACILITAR CHEGADA E SA\u00cdDA DO P\u00daBLICO\",\"datePublished\":\"2026-09-05T01:11:38+00:00\",\"mainEntityOfPage\":{\"@id\":\"https:\\\/\\\/jm-metropole.com.br\\\/site\\\/itaqua-rodeio-fest-tera-operacao-especial-de-transito-e-transporte-para-facilitar-chegada-e-saida-do-publico\\\/\"},\"wordCount\":631,\"commentCount\":0,\"publisher\":{\"@id\":\"https:\\\/\\\/jm-metropole.com.br\\\/site\\\/#organization\"},\"image\":{\"@id\":\"https:\\\/\\\/jm-metropole.com.br\\\/site\\\/itaqua-rodeio-fest-tera-operacao-especial-de-transito-e-transporte-para-facilitar-chegada-e-saida-do-publico\\\/#primaryimage\"},\"thumbnailUrl\":\"https:\\\/\\\/jm-metropole.com.br\\\/site\\\/wp-content\\\/uploads\\\/2026\\\/09\\\/WhatsApp-Image-2026-09-04-at-20.55.44.jpeg\",\"articleSection\":[\"Cidades\",\"Itaqu\u00e1\",\"Seguran\u00e7a\",\"Tr\u00e2nsito\",\"Turismo\"],\"inLanguage\":\"pt-BR\",\"potentialAction\":[{\"@type\":\"CommentAction\",\"name\":\"Comment\",\"target\":[\"https:\\\/\\\/jm-metropole.com.br\\\/site\\\/itaqua-rodeio-fest-tera-operacao-especial-de-transito-e-transporte-para-facilitar-chegada-e-saida-do-publico\\\/#respond\"]}]},{\"@type\":\"WebPage\",\"@id\":\"https:\\\/\\\/jm-metropole.com.br\\\/site\\\/itaqua-rodeio-fest-tera-operacao-especial-de-transito-e-transporte-para-facilitar-chegada-e-saida-do-publico\\\/\",\"url\":\"https:\\\/\\\/jm-metropole.com.br\\\/site\\\/itaqua-rodeio-fest-tera-operacao-especial-de-transito-e-transporte-para-facilitar-chegada-e-saida-do-publico\\\/\",\"name\":\"ITAQU\u00c1 RODEIO FEST TER\u00c1 OPERA\u00c7\u00c3O ESPECIAL DE TR\u00c2NSITO E TRANSPORTE PARA FACILITAR CHEGADA E SA\u00cdDA DO P\u00daBLICO - Jornal Metr\u00f3pole\",\"isPartOf\":{\"@id\":\"https:\\\/\\\/jm-metropole.com.br\\\/site\\\/#website\"},\"primaryImageOfPage\":{\"@id\":\"https:\\\/\\\/jm-metropole.com.br\\\/site\\\/itaqua-rodeio-fest-tera-operacao-especial-de-transito-e-transporte-para-facilitar-chegada-e-saida-do-publico\\\/#primaryimage\"},\"image\":{\"@id\":\"https:\\\/\\\/jm-metropole.com.br\\\/site\\\/itaqua-rodeio-fest-tera-operacao-especial-de-transito-e-transporte-para-facilitar-chegada-e-saida-do-publico\\\/#primaryimage\"},\"thumbnailUrl\":\"https:\\\/\\\/jm-metropole.com.br\\\/site\\\/wp-content\\\/uploads\\\/2026\\\/09\\\/WhatsApp-Image-2026-09-04-at-20.55.44.jpeg\",\"datePublished\":\"2026-09-05T01:11:38+00:00\",\"breadcrumb\":{\"@id\":\"https:\\\/\\\/jm-metropole.com.br\\\/site\\\/itaqua-rodeio-fest-tera-operacao-especial-de-transito-e-transporte-para-facilitar-chegada-e-saida-do-publico\\\/#breadcrumb\"},\"inLanguage\":\"pt-BR\",\"potentialAction\":[{\"@type\":\"ReadAction\",\"target\":[\"https:\\\/\\\/jm-metropole.com.br\\\/site\\\/itaqua-rodeio-fest-tera-operacao-especial-de-transito-e-transporte-para-facilitar-chegada-e-saida-do-publico\\\/\"]}]},{\"@type\":\"ImageObject\",\"inLanguage\":\"pt-BR\",\"@id\":\"https:\\\/\\\/jm-metropole.com.br\\\/site\\\/itaqua-rodeio-fest-tera-operacao-especial-de-transito-e-transporte-para-facilitar-chegada-e-saida-do-publico\\\/#primaryimage\",\"url\":\"https:\\\/\\\/jm-metropole.com.br\\\/site\\\/wp-content\\\/uploads\\\/2026\\\/09\\\/WhatsApp-Image-2026-09-04-at-20.55.44.jpeg\",\"contentUrl\":\"https:\\\/\\\/jm-metropole.com.br\\\/site\\\/wp-content\\\/uploads\\\/2026\\\/09\\\/WhatsApp-Image-2026-09-04-at-20.55.44.jpeg\",\"width\":1600,\"height\":1028},{\"@type\":\"BreadcrumbList\",\"@id\":\"https:\\\/\\\/jm-metropole.com.br\\\/site\\\/itaqua-rodeio-fest-tera-operacao-especial-de-transito-e-transporte-para-facilitar-chegada-e-saida-do-publico\\\/#breadcrumb\",\"itemListElement\":[{\"@type\":\"ListItem\",\"position\":1,\"name\":\"In\u00edcio\",\"item\":\"https:\\\/\\\/jm-metropole.com.br\\\/site\\\/\"},{\"@type\":\"ListItem\",\"position\":2,\"name\":\"ITAQU\u00c1 RODEIO FEST TER\u00c1 OPERA\u00c7\u00c3O ESPECIAL DE TR\u00c2NSITO E TRANSPORTE PARA FACILITAR CHEGADA E SA\u00cdDA DO P\u00daBLICO\"}]},{\"@type\":\"WebSite\",\"@id\":\"https:\\\/\\\/jm-metropole.com.br\\\/site\\\/#website\",\"url\":\"https:\\\/\\\/jm-metropole.com.br\\\/site\\\/\",\"name\":\"Jornal Metr\u00f3pole\",\"description\":\"Alto Tiet\u00ea e Regi\u00e3o\",\"publisher\":{\"@id\":\"https:\\\/\\\/jm-metropole.com.br\\\/site\\\/#organization\"},\"potentialAction\":[{\"@type\":\"SearchAction\",\"target\":{\"@type\":\"EntryPoint\",\"urlTemplate\":\"https:\\\/\\\/jm-metropole.com.br\\\/site\\\/?s={search_term_string}\"},\"query-input\":{\"@type\":\"PropertyValueSpecification\",\"valueRequired\":true,\"valueName\":\"search_term_string\"}}],\"inLanguage\":\"pt-BR\"},{\"@type\":\"Organization\",\"@id\":\"https:\\\/\\\/jm-metropole.com.br\\\/site\\\/#organization\",\"name\":\"Jornal Metr\u00f3pole\",\"url\":\"https:\\\/\\\/jm-metropole.com.br\\\/site\\\/\",\"logo\":{\"@type\":\"ImageObject\",\"inLanguage\":\"pt-BR\",\"@id\":\"https:\\\/\\\/jm-metropole.com.br\\\/site\\\/#\\\/schema\\\/logo\\\/image\\\/\",\"url\":\"https:\\\/\\\/jm-metropole.com.br\\\/site\\\/wp-content\\\/uploads\\\/2026\\\/05\\\/LOGO-JM-scaled.jpg\",\"contentUrl\":\"https:\\\/\\\/jm-metropole.com.br\\\/site\\\/wp-content\\\/uploads\\\/2026\\\/05\\\/LOGO-JM-scaled.jpg\",\"width\":2560,\"height\":2498,\"caption\":\"Jornal Metr\u00f3pole\"},\"image\":{\"@id\":\"https:\\\/\\\/jm-metropole.com.br\\\/site\\\/#\\\/schema\\\/logo\\\/image\\\/\"},\"sameAs\":[\"https:\\\/\\\/www.facebook.com\\\/jm.metropole\",\"https:\\\/\\\/www.instagram.com\\\/jm.metropole\\\/\"]},{\"@type\":\"Person\",\"@id\":\"https:\\\/\\\/jm-metropole.com.br\\\/site\\\/#\\\/schema\\\/person\\\/a438c77cefcef76c8ddbe3dcc9b238fc\",\"name\":\"Jornal Metr\u00f3pole\",\"sameAs\":[\"https:\\\/\\\/jm-metropole.com.br\\\/site\"],\"url\":\"https:\\\/\\\/jm-metropole.com.br\\\/site\\\/author\\\/admin\\\/\"}]}<\/script>\n<!-- \/ Yoast SEO plugin. -->","yoast_head_json":{"title":"ITAQU\u00c1 RODEIO FEST TER\u00c1 OPERA\u00c7\u00c3O ESPECIAL DE TR\u00c2NSITO E TRANSPORTE PARA FACILITAR CHEGADA E SA\u00cdDA DO P\u00daBLICO - Jornal Metr\u00f3pole","robots":{"index":"index","follow":"follow","max-snippet":"max-snippet:-1","max-image-preview":"max-image-preview:large","max-video-preview":"max-video-preview:-1"},"canonical":"https:\/\/jm-metropole.com.br\/site\/itaqua-rodeio-fest-tera-operacao-especial-de-transito-e-transporte-para-facilitar-chegada-e-saida-do-publico\/","og_locale":"pt_BR","og_type":"article","og_title":"ITAQU\u00c1 RODEIO FEST TER\u00c1 OPERA\u00c7\u00c3O ESPECIAL DE TR\u00c2NSITO E TRANSPORTE PARA FACILITAR CHEGADA E SA\u00cdDA DO P\u00daBLICO - Jornal Metr\u00f3pole","og_description":"Opera\u00e7\u00e3o contar\u00e1 com \u00f4nibus municipais, espa\u00e7o para cerca de 50 ve\u00edculos e altera\u00e7\u00f5es em vias de acesso ao evento nos dias 5, 6, 11 e 12 Quem pretende participar do Itaqu\u00e1 Rodeio Fest nos dias 5, 6, 11 e 12 de setembro deve ficar atento \u00e0 opera\u00e7\u00e3o especial preparada pela Prefeitura de Itaquaquecetuba para organizar [&hellip;]","og_url":"https:\/\/jm-metropole.com.br\/site\/itaqua-rodeio-fest-tera-operacao-especial-de-transito-e-transporte-para-facilitar-chegada-e-saida-do-publico\/","og_site_name":"Jornal Metr\u00f3pole","article_publisher":"https:\/\/www.facebook.com\/jm.metropole","article_published_time":"2026-09-05T01:11:38+00:00","og_image":[{"width":1600,"height":1028,"url":"https:\/\/jm-metropole.com.br\/site\/wp-content\/uploads\/2026\/09\/WhatsApp-Image-2026-09-04-at-20.55.44.jpeg","type":"image\/jpeg"}],"author":"Jornal Metr\u00f3pole","twitter_card":"summary_large_image","twitter_misc":{"Escrito por":"Jornal Metr\u00f3pole","Est. tempo de leitura":"4 minutos"},"schema":{"@context":"https:\/\/schema.org","@graph":[{"@type":"Article","@id":"https:\/\/jm-metropole.com.br\/site\/itaqua-rodeio-fest-tera-operacao-especial-de-transito-e-transporte-para-facilitar-chegada-e-saida-do-publico\/#article","isPartOf":{"@id":"https:\/\/jm-metropole.com.br\/site\/itaqua-rodeio-fest-tera-operacao-especial-de-transito-e-transporte-para-facilitar-chegada-e-saida-do-publico\/"},"author":{"name":"Jornal Metr\u00f3pole","@id":"https:\/\/jm-metropole.com.br\/site\/#\/schema\/person\/a438c77cefcef76c8ddbe3dcc9b238fc"},"headline":"ITAQU\u00c1 RODEIO FEST TER\u00c1 OPERA\u00c7\u00c3O ESPECIAL DE TR\u00c2NSITO E TRANSPORTE PARA FACILITAR CHEGADA E SA\u00cdDA DO P\u00daBLICO","datePublished":"2026-09-05T01:11:38+00:00","mainEntityOfPage":{"@id":"https:\/\/jm-metropole.com.br\/site\/itaqua-rodeio-fest-tera-operacao-especial-de-transito-e-transporte-para-facilitar-chegada-e-saida-do-publico\/"},"wordCount":631,"commentCount":0,"publisher":{"@id":"https:\/\/jm-metropole.com.br\/site\/#organization"},"image":{"@id":"https:\/\/jm-metropole.com.br\/site\/itaqua-rodeio-fest-tera-operacao-especial-de-transito-e-transporte-para-facilitar-chegada-e-saida-do-publico\/#primaryimage"},"thumbnailUrl":"https:\/\/jm-metropole.com.br\/site\/wp-content\/uploads\/2026\/09\/WhatsApp-Image-2026-09-04-at-20.55.44.jpeg","articleSection":["Cidades","Itaqu\u00e1","Seguran\u00e7a","Tr\u00e2nsito","Turismo"],"inLanguage":"pt-BR","potentialAction":[{"@type":"CommentAction","name":"Comment","target":["https:\/\/jm-metropole.com.br\/site\/itaqua-rodeio-fest-tera-operacao-especial-de-transito-e-transporte-para-facilitar-chegada-e-saida-do-publico\/#respond"]}]},{"@type":"WebPage","@id":"https:\/\/jm-metropole.com.br\/site\/itaqua-rodeio-fest-tera-operacao-especial-de-transito-e-transporte-para-facilitar-chegada-e-saida-do-publico\/","url":"https:\/\/jm-metropole.com.br\/site\/itaqua-rodeio-fest-tera-operacao-especial-de-transito-e-transporte-para-facilitar-chegada-e-saida-do-publico\/","name":"ITAQU\u00c1 RODEIO FEST TER\u00c1 OPERA\u00c7\u00c3O ESPECIAL DE TR\u00c2NSITO E TRANSPORTE PARA FACILITAR CHEGADA E SA\u00cdDA DO P\u00daBLICO - Jornal Metr\u00f3pole","isPartOf":{"@id":"https:\/\/jm-metropole.com.br\/site\/#website"},"primaryImageOfPage":{"@id":"https:\/\/jm-metropole.com.br\/site\/itaqua-rodeio-fest-tera-operacao-especial-de-transito-e-transporte-para-facilitar-chegada-e-saida-do-publico\/#primaryimage"},"image":{"@id":"https:\/\/jm-metropole.com.br\/site\/itaqua-rodeio-fest-tera-operacao-especial-de-transito-e-transporte-para-facilitar-chegada-e-saida-do-publico\/#primaryimage"},"thumbnailUrl":"https:\/\/jm-metropole.com.br\/site\/wp-content\/uploads\/2026\/09\/WhatsApp-Image-2026-09-04-at-20.55.44.jpeg","datePublished":"2026-09-05T01:11:38+00:00","breadcrumb":{"@id":"https:\/\/jm-metropole.com.br\/site\/itaqua-rodeio-fest-tera-operacao-especial-de-transito-e-transporte-para-facilitar-chegada-e-saida-do-publico\/#breadcrumb"},"inLanguage":"pt-BR","potentialAction":[{"@type":"ReadAction","target":["https:\/\/jm-metropole.com.br\/site\/itaqua-rodeio-fest-tera-operacao-especial-de-transito-e-transporte-para-facilitar-chegada-e-saida-do-publico\/"]}]},{"@type":"ImageObject","inLanguage":"pt-BR","@id":"https:\/\/jm-metropole.com.br\/site\/itaqua-rodeio-fest-tera-operacao-especial-de-transito-e-transporte-para-facilitar-chegada-e-saida-do-publico\/#primaryimage","url":"https:\/\/jm-metropole.com.br\/site\/wp-content\/uploads\/2026\/09\/WhatsApp-Image-2026-09-04-at-20.55.44.jpeg","contentUrl":"https:\/\/jm-metropole.com.br\/site\/wp-content\/uploads\/2026\/09\/WhatsApp-Image-2026-09-04-at-20.55.44.jpeg","width":1600,"height":1028},{"@type":"BreadcrumbList","@id":"https:\/\/jm-metropole.com.br\/site\/itaqua-rodeio-fest-tera-operacao-especial-de-transito-e-transporte-para-facilitar-chegada-e-saida-do-publico\/#breadcrumb","itemListElement":[{"@type":"ListItem","position":1,"name":"In\u00edcio","item":"https:\/\/jm-metropole.com.br\/site\/"},{"@type":"ListItem","position":2,"name":"ITAQU\u00c1 RODEIO FEST TER\u00c1 OPERA\u00c7\u00c3O ESPECIAL DE TR\u00c2NSITO E TRANSPORTE PARA FACILITAR CHEGADA E SA\u00cdDA DO P\u00daBLICO"}]},{"@type":"WebSite","@id":"https:\/\/jm-metropole.com.br\/site\/#website","url":"https:\/\/jm-metropole.com.br\/site\/","name":"Jornal Metr\u00f3pole","description":"Alto Tiet\u00ea e Regi\u00e3o","publisher":{"@id":"https:\/\/jm-metropole.com.br\/site\/#organization"},"potentialAction":[{"@type":"SearchAction","target":{"@type":"EntryPoint","urlTemplate":"https:\/\/jm-metropole.com.br\/site\/?s={search_term_string}"},"query-input":{"@type":"PropertyValueSpecification","valueRequired":true,"valueName":"search_term_string"}}],"inLanguage":"pt-BR"},{"@type":"Organization","@id":"https:\/\/jm-metropole.com.br\/site\/#organization","name":"Jornal Metr\u00f3pole","url":"https:\/\/jm-metropole.com.br\/site\/","logo":{"@type":"ImageObject","inLanguage":"pt-BR","@id":"https:\/\/jm-metropole.com.br\/site\/#\/schema\/logo\/image\/","url":"https:\/\/jm-metropole.com.br\/site\/wp-content\/uploads\/2026\/05\/LOGO-JM-scaled.jpg","contentUrl":"https:\/\/jm-metropole.com.br\/site\/wp-content\/uploads\/2026\/05\/LOGO-JM-scaled.jpg","width":2560,"height":2498,"caption":"Jornal Metr\u00f3pole"},"image":{"@id":"https:\/\/jm-metropole.com.br\/site\/#\/schema\/logo\/image\/"},"sameAs":["https:\/\/www.facebook.com\/jm.metropole","https:\/\/www.instagram.com\/jm.metropole\/"]},{"@type":"Person","@id":"https:\/\/jm-metropole.com.br\/site\/#\/schema\/person\/a438c77cefcef76c8ddbe3dcc9b238fc","name":"Jornal Metr\u00f3pole","sameAs":["https:\/\/jm-metropole.com.br\/site"],"url":"https:\/\/jm-metropole.com.br\/site\/author\/admin\/"}]}},"_links":{"self":[{"href":"https:\/\/jm-metropole.com.br\/site\/wp-json\/wp\/v2\/posts\/32510","targetHints":{"allow":["GET"]}}],"collection":[{"href":"https:\/\/jm-metropole.com.br\/site\/wp-json\/wp\/v2\/posts"}],"about":[{"href":"https:\/\/jm-metropole.com.br\/site\/wp-json\/wp\/v2\/types\/post"}],"author":[{"embeddable":true,"href":"https:\/\/jm-metropole.com.br\/site\/wp-json\/wp\/v2\/users\/1"}],"replies":[{"embeddable":true,"href":"https:\/\/jm-metropole.com.br\/site\/wp-json\/wp\/v2\/comments?post=32510"}],"version-history":[{"count":1,"href":"https:\/\/jm-metropole.com.br\/site\/wp-json\/wp\/v2\/posts\/32510\/revisions"}],"predecessor-version":[{"id":32511,"href":"https:\/\/jm-metropole.com.br\/site\/wp-json\/wp\/v2\/posts\/32510\/revisions\/32511"}],"wp:featuredmedia":[{"embeddable":true,"href":"https:\/\/jm-metropole.com.br\/site\/wp-json\/wp\/v2\/media\/32494"}],"wp:attachment":[{"href":"https:\/\/jm-metropole.com.br\/site\/wp-json\/wp\/v2\/media?parent=32510"}],"wp:term":[{"taxonomy":"category","embeddable":true,"href":"https:\/\/jm-metropole.com.br\/site\/wp-json\/wp\/v2\/categories?post=32510"},{"taxonomy":"post_tag","embeddable":true,"href":"https:\/\/jm-metropole.com.br\/site\/wp-json\/wp\/v2\/tags?post=32510"}],"curies":[{"name":"wp","href":"https:\/\/api.w.org\/{rel}","templated":true}]}}