{"id":32491,"date":"2026-09-04T22:06:27","date_gmt":"2026-09-05T01:06:27","guid":{"rendered":"https:\/\/jm-metropole.com.br\/site\/?p=32491"},"modified":"2026-09-04T22:06:27","modified_gmt":"2026-09-05T01:06:27","slug":"prefeitura-de-guararema-avanca-com-obras-estruturantes-e-anuncia-novos-investimentos","status":"publish","type":"post","link":"https:\/\/jm-metropole.com.br\/site\/prefeitura-de-guararema-avanca-com-obras-estruturantes-e-anuncia-novos-investimentos\/","title":{"rendered":"PREFEITURA DE GUARAREMA AVAN\u00c7A COM OBRAS ESTRUTURANTES E ANUNCIA NOVOS INVESTIMENTOS"},"content":{"rendered":"<p style=\"text-align: justify;\">Anivers\u00e1rio de 127 anos marca atualiza\u00e7\u00e3o de projetos em Educa\u00e7\u00e3o, Sa\u00fade, Esporte, Cultura, Lazer e infraestrutura<\/p>\n<p style=\"text-align: justify;\">Guararema chega aos 127 anos com obras em andamento em diferentes regi\u00f5es e novos investimentos anunciados para o futuro da cidade. Durante setembro, m\u00eas do anivers\u00e1rio, a Prefeitura apresenta o andamento de projetos e revela novas obras, entre elas duas novas escolas, no Jardim Dulce e no Nogueira, dois gin\u00e1sios esportivos, um Centro de Treinamento de Gin\u00e1stica R\u00edtmica, o Parque Linear Guanabara, um novo Espa\u00e7o Multiuso neste mesmo bairro e a amplia\u00e7\u00e3o do Horto Municipal, no Ipiranga, com uso de verba de Est\u00e2ncia Tur\u00edstica.<\/p>\n<p style=\"text-align: justify;\">&#8220;Guararema \u00e9 feita de hist\u00f3ria porque conhece e valoriza tudo aquilo que ajudou a construir a cidade. E \u00e9 impulsionada pelo futuro porque continua avan\u00e7ando, investindo e preparando novos espa\u00e7os para as pessoas&#8221;, destaca o prefeito de Guararema, o Z\u00e9.<\/p>\n<p style=\"text-align: justify;\">Na Educa\u00e7\u00e3o, est\u00e1 em andamento a constru\u00e7\u00e3o da Escola Municipal &#8220;Professor Jo\u00e3o Raphael de Lara Netto&#8221;, no Nogueira, com capacidade para at\u00e9 400 crian\u00e7as do Ensino Fundamental, salas climatizadas, sala de leitura, espa\u00e7o multimaker, horta e playground. No Jardim Dulce, a Prefeitura anuncia a constru\u00e7\u00e3o da Escola Municipal &#8220;Professora Maria Aparecida Bennaton Usier \u2013 Cidoca&#8221;. O avan\u00e7o refor\u00e7a o trabalho da Secretaria Municipal de Educa\u00e7\u00e3o, que registrou o melhor resultado do \u00cdndice de Desenvolvimento da Educa\u00e7\u00e3o B\u00e1sica (Ideb) de 2025 em toda a Regi\u00e3o Metropolitana do Estado de S\u00e3o Paulo.<\/p>\n<p style=\"text-align: justify;\">No turismo, o Horto Municipal, no Ipiranga, receber\u00e1 investimento e amplia\u00e7\u00e3o com recursos da verba de Est\u00e2ncia Tur\u00edstica, projeto atualmente em processo de licita\u00e7\u00e3o.<\/p>\n<p style=\"text-align: justify;\">No esporte, a Prefeitura anuncia a constru\u00e7\u00e3o de dois novos gin\u00e1sios, nos bairros Nogueira e Parate\u00ed, al\u00e9m de um Centro de Treinamento de Gin\u00e1stica R\u00edtmica no Ipiranga, ao lado do Est\u00e1dio Municipal &#8220;Jos\u00e9 Luiz Gon\u00e7alves da Silva&#8221;.<\/p>\n<p style=\"text-align: justify;\">Na cultura e lazer, o futuro Centro de Eventos, Conven\u00e7\u00f5es e Exposi\u00e7\u00f5es ter\u00e1 proposta sustent\u00e1vel, com cobertura verde. Ser\u00e3o 3.155 m\u00b2 de \u00e1rea externa para eventos, arquibancada para 1,2 mil lugares e estacionamento com mais de 100 vagas, al\u00e9m de estrutura coberta com pavilh\u00e3o multiuso de 875 m\u00b2, audit\u00f3rio de 190 m\u00b2 e sal\u00e3o expositivo de 190 m\u00b2. Tamb\u00e9m seguem em andamento a revitaliza\u00e7\u00e3o do Teatro Municipal &#8220;Jos\u00e9 Luiz Alvino de Souza&#8221;, no Cal\u00e7ad\u00e3o de Guararema, e a constru\u00e7\u00e3o de um novo Espa\u00e7o Multiuso no Guanabara, ao lado do Est\u00e1dio Municipal &#8220;In\u00e1cio Paulino da Silva&#8221;, al\u00e9m de um Parque Linear com playground, playpet e ciclovia no mesmo bairro.<\/p>\n<p style=\"text-align: justify;\">Na sa\u00fade, o Hospital de Guararema est\u00e1 com mais de 90% da etapa de edifica\u00e7\u00e3o conclu\u00edda, na Avenida Engenheiro Jos\u00e9 Antonio Salgado, entre os bairros Morro Branco e Ipiranga.<\/p>\n<p style=\"text-align: justify;\">Na \u00e1rea de inclus\u00e3o, est\u00e1 em constru\u00e7\u00e3o o novo pr\u00e9dio da Associa\u00e7\u00e3o de Pais e Amigos dos Excepcionais (Apae), na rua Jo\u00e3o Barbosa de Oliveira, tamb\u00e9m no Morro Branco, com expectativa de se tornar uma das maiores e mais modernas Apaes do Estado.<\/p>\n<p style=\"text-align: justify;\">Na Assist\u00eancia Social, seguem em andamento as obras do Complexo 3 em 1, que reunir\u00e1 o Centro Dia do Idoso, a sede da Secretaria Municipal de Desenvolvimento Social e da Longevidade e o Centro de Refer\u00eancia da Assist\u00eancia Social (CRAS) em uma mesma estrutura.<\/p>\n","protected":false},"excerpt":{"rendered":"<p>Anivers\u00e1rio de 127 anos marca atualiza\u00e7\u00e3o de projetos em Educa\u00e7\u00e3o, Sa\u00fade, Esporte, Cultura, Lazer e infraestrutura Guararema chega aos 127 anos com obras em andamento em diferentes regi\u00f5es e novos investimentos anunciados para o futuro da cidade. Durante setembro, m\u00eas do anivers\u00e1rio, a Prefeitura apresenta o andamento de projetos e revela novas obras, entre elas [&hellip;]<\/p>\n","protected":false},"author":1,"featured_media":32506,"comment_status":"open","ping_status":"open","sticky":false,"template":"","format":"standard","meta":{"footnotes":""},"categories":[13,14,12,8,11],"tags":[],"class_list":["post-32491","post","type-post","status-publish","format-standard","has-post-thumbnail","category-cultura","category-educacao","category-esporte","category-guararema","category-saude"],"yoast_head":"<!-- This site is optimized with the Yoast SEO plugin v27.6 - https:\/\/yoast.com\/product\/yoast-seo-wordpress\/ -->\n<title>PREFEITURA DE GUARAREMA AVAN\u00c7A COM OBRAS ESTRUTURANTES E ANUNCIA NOVOS INVESTIMENTOS - Jornal Metr\u00f3pole<\/title>\n<meta name=\"robots\" content=\"index, follow, max-snippet:-1, max-image-preview:large, max-video-preview:-1\" \/>\n<link rel=\"canonical\" href=\"https:\/\/jm-metropole.com.br\/site\/prefeitura-de-guararema-avanca-com-obras-estruturantes-e-anuncia-novos-investimentos\/\" \/>\n<meta property=\"og:locale\" content=\"pt_BR\" \/>\n<meta property=\"og:type\" content=\"article\" \/>\n<meta property=\"og:title\" content=\"PREFEITURA DE GUARAREMA AVAN\u00c7A COM OBRAS ESTRUTURANTES E ANUNCIA NOVOS INVESTIMENTOS - Jornal Metr\u00f3pole\" \/>\n<meta property=\"og:description\" content=\"Anivers\u00e1rio de 127 anos marca atualiza\u00e7\u00e3o de projetos em Educa\u00e7\u00e3o, Sa\u00fade, Esporte, Cultura, Lazer e infraestrutura Guararema chega aos 127 anos com obras em andamento em diferentes regi\u00f5es e novos investimentos anunciados para o futuro da cidade. Durante setembro, m\u00eas do anivers\u00e1rio, a Prefeitura apresenta o andamento de projetos e revela novas obras, entre elas [&hellip;]\" \/>\n<meta property=\"og:url\" content=\"https:\/\/jm-metropole.com.br\/site\/prefeitura-de-guararema-avanca-com-obras-estruturantes-e-anuncia-novos-investimentos\/\" \/>\n<meta property=\"og:site_name\" content=\"Jornal Metr\u00f3pole\" \/>\n<meta property=\"article:publisher\" content=\"https:\/\/www.facebook.com\/jm.metropole\" \/>\n<meta property=\"article:published_time\" content=\"2026-09-05T01:06:27+00:00\" \/>\n<meta property=\"og:image\" content=\"https:\/\/jm-metropole.com.br\/site\/wp-content\/uploads\/2026\/09\/WhatsApp-Image-2026-09-04-at-20.48.57.jpeg\" \/>\n\t<meta property=\"og:image:width\" content=\"1600\" \/>\n\t<meta property=\"og:image:height\" content=\"900\" \/>\n\t<meta property=\"og:image:type\" content=\"image\/jpeg\" \/>\n<meta name=\"author\" content=\"Jornal Metr\u00f3pole\" \/>\n<meta name=\"twitter:card\" content=\"summary_large_image\" \/>\n<meta name=\"twitter:label1\" content=\"Escrito por\" \/>\n\t<meta name=\"twitter:data1\" content=\"Jornal Metr\u00f3pole\" \/>\n\t<meta name=\"twitter:label2\" content=\"Est. tempo de leitura\" \/>\n\t<meta name=\"twitter:data2\" content=\"4 minutos\" \/>\n<script type=\"application\/ld+json\" class=\"yoast-schema-graph\">{\"@context\":\"https:\\\/\\\/schema.org\",\"@graph\":[{\"@type\":\"Article\",\"@id\":\"https:\\\/\\\/jm-metropole.com.br\\\/site\\\/prefeitura-de-guararema-avanca-com-obras-estruturantes-e-anuncia-novos-investimentos\\\/#article\",\"isPartOf\":{\"@id\":\"https:\\\/\\\/jm-metropole.com.br\\\/site\\\/prefeitura-de-guararema-avanca-com-obras-estruturantes-e-anuncia-novos-investimentos\\\/\"},\"author\":{\"name\":\"Jornal Metr\u00f3pole\",\"@id\":\"https:\\\/\\\/jm-metropole.com.br\\\/site\\\/#\\\/schema\\\/person\\\/a438c77cefcef76c8ddbe3dcc9b238fc\"},\"headline\":\"PREFEITURA DE GUARAREMA AVAN\u00c7A COM OBRAS ESTRUTURANTES E ANUNCIA NOVOS INVESTIMENTOS\",\"datePublished\":\"2026-09-05T01:06:27+00:00\",\"mainEntityOfPage\":{\"@id\":\"https:\\\/\\\/jm-metropole.com.br\\\/site\\\/prefeitura-de-guararema-avanca-com-obras-estruturantes-e-anuncia-novos-investimentos\\\/\"},\"wordCount\":581,\"commentCount\":0,\"publisher\":{\"@id\":\"https:\\\/\\\/jm-metropole.com.br\\\/site\\\/#organization\"},\"image\":{\"@id\":\"https:\\\/\\\/jm-metropole.com.br\\\/site\\\/prefeitura-de-guararema-avanca-com-obras-estruturantes-e-anuncia-novos-investimentos\\\/#primaryimage\"},\"thumbnailUrl\":\"https:\\\/\\\/jm-metropole.com.br\\\/site\\\/wp-content\\\/uploads\\\/2026\\\/09\\\/WhatsApp-Image-2026-09-04-at-20.48.57.jpeg\",\"articleSection\":[\"Cultura\",\"Educa\u00e7\u00e3o\",\"Esporte\",\"Guararema\",\"Sa\u00fade\"],\"inLanguage\":\"pt-BR\",\"potentialAction\":[{\"@type\":\"CommentAction\",\"name\":\"Comment\",\"target\":[\"https:\\\/\\\/jm-metropole.com.br\\\/site\\\/prefeitura-de-guararema-avanca-com-obras-estruturantes-e-anuncia-novos-investimentos\\\/#respond\"]}]},{\"@type\":\"WebPage\",\"@id\":\"https:\\\/\\\/jm-metropole.com.br\\\/site\\\/prefeitura-de-guararema-avanca-com-obras-estruturantes-e-anuncia-novos-investimentos\\\/\",\"url\":\"https:\\\/\\\/jm-metropole.com.br\\\/site\\\/prefeitura-de-guararema-avanca-com-obras-estruturantes-e-anuncia-novos-investimentos\\\/\",\"name\":\"PREFEITURA DE GUARAREMA AVAN\u00c7A COM OBRAS ESTRUTURANTES E ANUNCIA NOVOS INVESTIMENTOS - Jornal Metr\u00f3pole\",\"isPartOf\":{\"@id\":\"https:\\\/\\\/jm-metropole.com.br\\\/site\\\/#website\"},\"primaryImageOfPage\":{\"@id\":\"https:\\\/\\\/jm-metropole.com.br\\\/site\\\/prefeitura-de-guararema-avanca-com-obras-estruturantes-e-anuncia-novos-investimentos\\\/#primaryimage\"},\"image\":{\"@id\":\"https:\\\/\\\/jm-metropole.com.br\\\/site\\\/prefeitura-de-guararema-avanca-com-obras-estruturantes-e-anuncia-novos-investimentos\\\/#primaryimage\"},\"thumbnailUrl\":\"https:\\\/\\\/jm-metropole.com.br\\\/site\\\/wp-content\\\/uploads\\\/2026\\\/09\\\/WhatsApp-Image-2026-09-04-at-20.48.57.jpeg\",\"datePublished\":\"2026-09-05T01:06:27+00:00\",\"breadcrumb\":{\"@id\":\"https:\\\/\\\/jm-metropole.com.br\\\/site\\\/prefeitura-de-guararema-avanca-com-obras-estruturantes-e-anuncia-novos-investimentos\\\/#breadcrumb\"},\"inLanguage\":\"pt-BR\",\"potentialAction\":[{\"@type\":\"ReadAction\",\"target\":[\"https:\\\/\\\/jm-metropole.com.br\\\/site\\\/prefeitura-de-guararema-avanca-com-obras-estruturantes-e-anuncia-novos-investimentos\\\/\"]}]},{\"@type\":\"ImageObject\",\"inLanguage\":\"pt-BR\",\"@id\":\"https:\\\/\\\/jm-metropole.com.br\\\/site\\\/prefeitura-de-guararema-avanca-com-obras-estruturantes-e-anuncia-novos-investimentos\\\/#primaryimage\",\"url\":\"https:\\\/\\\/jm-metropole.com.br\\\/site\\\/wp-content\\\/uploads\\\/2026\\\/09\\\/WhatsApp-Image-2026-09-04-at-20.48.57.jpeg\",\"contentUrl\":\"https:\\\/\\\/jm-metropole.com.br\\\/site\\\/wp-content\\\/uploads\\\/2026\\\/09\\\/WhatsApp-Image-2026-09-04-at-20.48.57.jpeg\",\"width\":1600,\"height\":900},{\"@type\":\"BreadcrumbList\",\"@id\":\"https:\\\/\\\/jm-metropole.com.br\\\/site\\\/prefeitura-de-guararema-avanca-com-obras-estruturantes-e-anuncia-novos-investimentos\\\/#breadcrumb\",\"itemListElement\":[{\"@type\":\"ListItem\",\"position\":1,\"name\":\"In\u00edcio\",\"item\":\"https:\\\/\\\/jm-metropole.com.br\\\/site\\\/\"},{\"@type\":\"ListItem\",\"position\":2,\"name\":\"PREFEITURA DE GUARAREMA AVAN\u00c7A COM OBRAS ESTRUTURANTES E ANUNCIA NOVOS INVESTIMENTOS\"}]},{\"@type\":\"WebSite\",\"@id\":\"https:\\\/\\\/jm-metropole.com.br\\\/site\\\/#website\",\"url\":\"https:\\\/\\\/jm-metropole.com.br\\\/site\\\/\",\"name\":\"Jornal Metr\u00f3pole\",\"description\":\"Alto Tiet\u00ea e Regi\u00e3o\",\"publisher\":{\"@id\":\"https:\\\/\\\/jm-metropole.com.br\\\/site\\\/#organization\"},\"potentialAction\":[{\"@type\":\"SearchAction\",\"target\":{\"@type\":\"EntryPoint\",\"urlTemplate\":\"https:\\\/\\\/jm-metropole.com.br\\\/site\\\/?s={search_term_string}\"},\"query-input\":{\"@type\":\"PropertyValueSpecification\",\"valueRequired\":true,\"valueName\":\"search_term_string\"}}],\"inLanguage\":\"pt-BR\"},{\"@type\":\"Organization\",\"@id\":\"https:\\\/\\\/jm-metropole.com.br\\\/site\\\/#organization\",\"name\":\"Jornal Metr\u00f3pole\",\"url\":\"https:\\\/\\\/jm-metropole.com.br\\\/site\\\/\",\"logo\":{\"@type\":\"ImageObject\",\"inLanguage\":\"pt-BR\",\"@id\":\"https:\\\/\\\/jm-metropole.com.br\\\/site\\\/#\\\/schema\\\/logo\\\/image\\\/\",\"url\":\"https:\\\/\\\/jm-metropole.com.br\\\/site\\\/wp-content\\\/uploads\\\/2026\\\/05\\\/LOGO-JM-scaled.jpg\",\"contentUrl\":\"https:\\\/\\\/jm-metropole.com.br\\\/site\\\/wp-content\\\/uploads\\\/2026\\\/05\\\/LOGO-JM-scaled.jpg\",\"width\":2560,\"height\":2498,\"caption\":\"Jornal Metr\u00f3pole\"},\"image\":{\"@id\":\"https:\\\/\\\/jm-metropole.com.br\\\/site\\\/#\\\/schema\\\/logo\\\/image\\\/\"},\"sameAs\":[\"https:\\\/\\\/www.facebook.com\\\/jm.metropole\",\"https:\\\/\\\/www.instagram.com\\\/jm.metropole\\\/\"]},{\"@type\":\"Person\",\"@id\":\"https:\\\/\\\/jm-metropole.com.br\\\/site\\\/#\\\/schema\\\/person\\\/a438c77cefcef76c8ddbe3dcc9b238fc\",\"name\":\"Jornal Metr\u00f3pole\",\"sameAs\":[\"https:\\\/\\\/jm-metropole.com.br\\\/site\"],\"url\":\"https:\\\/\\\/jm-metropole.com.br\\\/site\\\/author\\\/admin\\\/\"}]}<\/script>\n<!-- \/ Yoast SEO plugin. -->","yoast_head_json":{"title":"PREFEITURA DE GUARAREMA AVAN\u00c7A COM OBRAS ESTRUTURANTES E ANUNCIA NOVOS INVESTIMENTOS - Jornal Metr\u00f3pole","robots":{"index":"index","follow":"follow","max-snippet":"max-snippet:-1","max-image-preview":"max-image-preview:large","max-video-preview":"max-video-preview:-1"},"canonical":"https:\/\/jm-metropole.com.br\/site\/prefeitura-de-guararema-avanca-com-obras-estruturantes-e-anuncia-novos-investimentos\/","og_locale":"pt_BR","og_type":"article","og_title":"PREFEITURA DE GUARAREMA AVAN\u00c7A COM OBRAS ESTRUTURANTES E ANUNCIA NOVOS INVESTIMENTOS - Jornal Metr\u00f3pole","og_description":"Anivers\u00e1rio de 127 anos marca atualiza\u00e7\u00e3o de projetos em Educa\u00e7\u00e3o, Sa\u00fade, Esporte, Cultura, Lazer e infraestrutura Guararema chega aos 127 anos com obras em andamento em diferentes regi\u00f5es e novos investimentos anunciados para o futuro da cidade. Durante setembro, m\u00eas do anivers\u00e1rio, a Prefeitura apresenta o andamento de projetos e revela novas obras, entre elas [&hellip;]","og_url":"https:\/\/jm-metropole.com.br\/site\/prefeitura-de-guararema-avanca-com-obras-estruturantes-e-anuncia-novos-investimentos\/","og_site_name":"Jornal Metr\u00f3pole","article_publisher":"https:\/\/www.facebook.com\/jm.metropole","article_published_time":"2026-09-05T01:06:27+00:00","og_image":[{"width":1600,"height":900,"url":"https:\/\/jm-metropole.com.br\/site\/wp-content\/uploads\/2026\/09\/WhatsApp-Image-2026-09-04-at-20.48.57.jpeg","type":"image\/jpeg"}],"author":"Jornal Metr\u00f3pole","twitter_card":"summary_large_image","twitter_misc":{"Escrito por":"Jornal Metr\u00f3pole","Est. tempo de leitura":"4 minutos"},"schema":{"@context":"https:\/\/schema.org","@graph":[{"@type":"Article","@id":"https:\/\/jm-metropole.com.br\/site\/prefeitura-de-guararema-avanca-com-obras-estruturantes-e-anuncia-novos-investimentos\/#article","isPartOf":{"@id":"https:\/\/jm-metropole.com.br\/site\/prefeitura-de-guararema-avanca-com-obras-estruturantes-e-anuncia-novos-investimentos\/"},"author":{"name":"Jornal Metr\u00f3pole","@id":"https:\/\/jm-metropole.com.br\/site\/#\/schema\/person\/a438c77cefcef76c8ddbe3dcc9b238fc"},"headline":"PREFEITURA DE GUARAREMA AVAN\u00c7A COM OBRAS ESTRUTURANTES E ANUNCIA NOVOS INVESTIMENTOS","datePublished":"2026-09-05T01:06:27+00:00","mainEntityOfPage":{"@id":"https:\/\/jm-metropole.com.br\/site\/prefeitura-de-guararema-avanca-com-obras-estruturantes-e-anuncia-novos-investimentos\/"},"wordCount":581,"commentCount":0,"publisher":{"@id":"https:\/\/jm-metropole.com.br\/site\/#organization"},"image":{"@id":"https:\/\/jm-metropole.com.br\/site\/prefeitura-de-guararema-avanca-com-obras-estruturantes-e-anuncia-novos-investimentos\/#primaryimage"},"thumbnailUrl":"https:\/\/jm-metropole.com.br\/site\/wp-content\/uploads\/2026\/09\/WhatsApp-Image-2026-09-04-at-20.48.57.jpeg","articleSection":["Cultura","Educa\u00e7\u00e3o","Esporte","Guararema","Sa\u00fade"],"inLanguage":"pt-BR","potentialAction":[{"@type":"CommentAction","name":"Comment","target":["https:\/\/jm-metropole.com.br\/site\/prefeitura-de-guararema-avanca-com-obras-estruturantes-e-anuncia-novos-investimentos\/#respond"]}]},{"@type":"WebPage","@id":"https:\/\/jm-metropole.com.br\/site\/prefeitura-de-guararema-avanca-com-obras-estruturantes-e-anuncia-novos-investimentos\/","url":"https:\/\/jm-metropole.com.br\/site\/prefeitura-de-guararema-avanca-com-obras-estruturantes-e-anuncia-novos-investimentos\/","name":"PREFEITURA DE GUARAREMA AVAN\u00c7A COM OBRAS ESTRUTURANTES E ANUNCIA NOVOS INVESTIMENTOS - Jornal Metr\u00f3pole","isPartOf":{"@id":"https:\/\/jm-metropole.com.br\/site\/#website"},"primaryImageOfPage":{"@id":"https:\/\/jm-metropole.com.br\/site\/prefeitura-de-guararema-avanca-com-obras-estruturantes-e-anuncia-novos-investimentos\/#primaryimage"},"image":{"@id":"https:\/\/jm-metropole.com.br\/site\/prefeitura-de-guararema-avanca-com-obras-estruturantes-e-anuncia-novos-investimentos\/#primaryimage"},"thumbnailUrl":"https:\/\/jm-metropole.com.br\/site\/wp-content\/uploads\/2026\/09\/WhatsApp-Image-2026-09-04-at-20.48.57.jpeg","datePublished":"2026-09-05T01:06:27+00:00","breadcrumb":{"@id":"https:\/\/jm-metropole.com.br\/site\/prefeitura-de-guararema-avanca-com-obras-estruturantes-e-anuncia-novos-investimentos\/#breadcrumb"},"inLanguage":"pt-BR","potentialAction":[{"@type":"ReadAction","target":["https:\/\/jm-metropole.com.br\/site\/prefeitura-de-guararema-avanca-com-obras-estruturantes-e-anuncia-novos-investimentos\/"]}]},{"@type":"ImageObject","inLanguage":"pt-BR","@id":"https:\/\/jm-metropole.com.br\/site\/prefeitura-de-guararema-avanca-com-obras-estruturantes-e-anuncia-novos-investimentos\/#primaryimage","url":"https:\/\/jm-metropole.com.br\/site\/wp-content\/uploads\/2026\/09\/WhatsApp-Image-2026-09-04-at-20.48.57.jpeg","contentUrl":"https:\/\/jm-metropole.com.br\/site\/wp-content\/uploads\/2026\/09\/WhatsApp-Image-2026-09-04-at-20.48.57.jpeg","width":1600,"height":900},{"@type":"BreadcrumbList","@id":"https:\/\/jm-metropole.com.br\/site\/prefeitura-de-guararema-avanca-com-obras-estruturantes-e-anuncia-novos-investimentos\/#breadcrumb","itemListElement":[{"@type":"ListItem","position":1,"name":"In\u00edcio","item":"https:\/\/jm-metropole.com.br\/site\/"},{"@type":"ListItem","position":2,"name":"PREFEITURA DE GUARAREMA AVAN\u00c7A COM OBRAS ESTRUTURANTES E ANUNCIA NOVOS INVESTIMENTOS"}]},{"@type":"WebSite","@id":"https:\/\/jm-metropole.com.br\/site\/#website","url":"https:\/\/jm-metropole.com.br\/site\/","name":"Jornal Metr\u00f3pole","description":"Alto Tiet\u00ea e Regi\u00e3o","publisher":{"@id":"https:\/\/jm-metropole.com.br\/site\/#organization"},"potentialAction":[{"@type":"SearchAction","target":{"@type":"EntryPoint","urlTemplate":"https:\/\/jm-metropole.com.br\/site\/?s={search_term_string}"},"query-input":{"@type":"PropertyValueSpecification","valueRequired":true,"valueName":"search_term_string"}}],"inLanguage":"pt-BR"},{"@type":"Organization","@id":"https:\/\/jm-metropole.com.br\/site\/#organization","name":"Jornal Metr\u00f3pole","url":"https:\/\/jm-metropole.com.br\/site\/","logo":{"@type":"ImageObject","inLanguage":"pt-BR","@id":"https:\/\/jm-metropole.com.br\/site\/#\/schema\/logo\/image\/","url":"https:\/\/jm-metropole.com.br\/site\/wp-content\/uploads\/2026\/05\/LOGO-JM-scaled.jpg","contentUrl":"https:\/\/jm-metropole.com.br\/site\/wp-content\/uploads\/2026\/05\/LOGO-JM-scaled.jpg","width":2560,"height":2498,"caption":"Jornal Metr\u00f3pole"},"image":{"@id":"https:\/\/jm-metropole.com.br\/site\/#\/schema\/logo\/image\/"},"sameAs":["https:\/\/www.facebook.com\/jm.metropole","https:\/\/www.instagram.com\/jm.metropole\/"]},{"@type":"Person","@id":"https:\/\/jm-metropole.com.br\/site\/#\/schema\/person\/a438c77cefcef76c8ddbe3dcc9b238fc","name":"Jornal Metr\u00f3pole","sameAs":["https:\/\/jm-metropole.com.br\/site"],"url":"https:\/\/jm-metropole.com.br\/site\/author\/admin\/"}]}},"_links":{"self":[{"href":"https:\/\/jm-metropole.com.br\/site\/wp-json\/wp\/v2\/posts\/32491","targetHints":{"allow":["GET"]}}],"collection":[{"href":"https:\/\/jm-metropole.com.br\/site\/wp-json\/wp\/v2\/posts"}],"about":[{"href":"https:\/\/jm-metropole.com.br\/site\/wp-json\/wp\/v2\/types\/post"}],"author":[{"embeddable":true,"href":"https:\/\/jm-metropole.com.br\/site\/wp-json\/wp\/v2\/users\/1"}],"replies":[{"embeddable":true,"href":"https:\/\/jm-metropole.com.br\/site\/wp-json\/wp\/v2\/comments?post=32491"}],"version-history":[{"count":1,"href":"https:\/\/jm-metropole.com.br\/site\/wp-json\/wp\/v2\/posts\/32491\/revisions"}],"predecessor-version":[{"id":32507,"href":"https:\/\/jm-metropole.com.br\/site\/wp-json\/wp\/v2\/posts\/32491\/revisions\/32507"}],"wp:featuredmedia":[{"embeddable":true,"href":"https:\/\/jm-metropole.com.br\/site\/wp-json\/wp\/v2\/media\/32506"}],"wp:attachment":[{"href":"https:\/\/jm-metropole.com.br\/site\/wp-json\/wp\/v2\/media?parent=32491"}],"wp:term":[{"taxonomy":"category","embeddable":true,"href":"https:\/\/jm-metropole.com.br\/site\/wp-json\/wp\/v2\/categories?post=32491"},{"taxonomy":"post_tag","embeddable":true,"href":"https:\/\/jm-metropole.com.br\/site\/wp-json\/wp\/v2\/tags?post=32491"}],"curies":[{"name":"wp","href":"https:\/\/api.w.org\/{rel}","templated":true}]}}