{"id":32488,"date":"2026-09-04T10:07:13","date_gmt":"2026-09-04T13:07:13","guid":{"rendered":"https:\/\/jm-metropole.com.br\/site\/?p=32488"},"modified":"2026-09-04T10:07:13","modified_gmt":"2026-09-04T13:07:13","slug":"vai-comecar-itaqua-rodeio-fest-abre-as-portas-para-a-maior-e-melhor-edicao-de-sua-historia","status":"publish","type":"post","link":"https:\/\/jm-metropole.com.br\/site\/vai-comecar-itaqua-rodeio-fest-abre-as-portas-para-a-maior-e-melhor-edicao-de-sua-historia\/","title":{"rendered":"Vai come\u00e7ar: Itaqu\u00e1 Rodeio Fest abre as portas para a maior e melhor edi\u00e7\u00e3o de sua hist\u00f3ria"},"content":{"rendered":"<p style=\"text-align: justify;\"><em>A partir deste s\u00e1bado, Itaquaquecetuba recebe 13 atra\u00e7\u00f5es nacionais, rodeio PBR, estrutura premium, seguran\u00e7a refor\u00e7ada e quatro dias de uma festa hist\u00f3rica<\/em><\/p>\n<p style=\"text-align: justify;\">A espera acabou. O Itaqu\u00e1 Rodeio Fest vai come\u00e7ar e Itaquaquecetuba est\u00e1 pronta para viver a maior e melhor edi\u00e7\u00e3o de sua hist\u00f3ria. A partir deste s\u00e1bado (5), a cidade ser\u00e1 palco de quatro dias de grandes shows, rodeio profissional, gastronomia, entretenimento e uma estrutura in\u00e9dita preparada para receber milhares de pessoas durante as comemora\u00e7\u00f5es dos 466 anos do munic\u00edpio.<\/p>\n<p style=\"text-align: justify;\">Com <strong>13 atra\u00e7\u00f5es nacionais<\/strong>, a programa\u00e7\u00e3o re\u00fane alguns dos maiores nomes da m\u00fasica brasileira e transforma o Itaqu\u00e1 Rodeio Fest em um dos eventos mais aguardados do calend\u00e1rio paulista.<\/p>\n<p style=\"text-align: justify;\">A abertura, no <strong>s\u00e1bado (5)<\/strong>, ser\u00e1 comandada por <strong>Gusttavo Lima, Sorriso Maroto e Matu\u00ea<\/strong>, em uma noite que promete lotar a arena.<\/p>\n<p style=\"text-align: justify;\">No <strong>domingo (6)<\/strong>, sobem ao palco <strong>Simone Mendes, Gustavo Mioto, Panda e Filho do Piseiro<\/strong>.<\/p>\n<p style=\"text-align: justify;\">Depois da pausa durante a semana, a festa retorna na <strong>sexta-feira (11)<\/strong> com <strong>Henrique &amp; Juliano, Grelo e Bia Frazzo<\/strong>, em mais uma noite de grandes atra\u00e7\u00f5es.<\/p>\n<p style=\"text-align: justify;\">O encerramento acontece no <strong>s\u00e1bado (12)<\/strong> com <strong>Natanzinho Lima, Belo e Calcinha Preta<\/strong>, fechando a edi\u00e7\u00e3o hist\u00f3rica com uma programa\u00e7\u00e3o que re\u00fane sertanejo, pagode, rap, forr\u00f3 e piseiro.<\/p>\n<p style=\"text-align: justify;\"><strong>\u00daltimos ingressos dispon\u00edveis<\/strong><\/p>\n<p style=\"text-align: justify;\">Com o in\u00edcio da festa, os ingressos entram em sua fase final de vendas. A organiza\u00e7\u00e3o refor\u00e7a que os canais oficiais s\u00e3o divididos por datas da programa\u00e7\u00e3o.<\/p>\n<p style=\"text-align: justify;\"><strong>5 de setembro \u2013 BaladAPP<\/strong><\/p>\n<p style=\"text-align: justify;\"><a href=\"https:\/\/baladapp.com.br\/pt-BR\/eventos\/itaqua-rodeio-fest-2026\/9230?utm_source=chatgpt.com\">Comprar ingressos pela BaladAPP<\/a><\/p>\n<p style=\"text-align: justify;\">Os ingressos para a noite de abertura, com Gusttavo Lima, Sorriso Maroto e Matu\u00ea, s\u00e3o vendidos exclusivamente pela BaladAPP.<\/p>\n<p style=\"text-align: justify;\"><strong>6, 11 e 12 de setembro \u2013 Guich\u00ea Web<\/strong><\/p>\n<p style=\"text-align: justify;\"><a href=\"https:\/\/www.guicheweb.com.br\/itaqua-rodeio-fest_54018?utm_source=chatgpt.com\">Comprar ingressos pela Guich\u00ea Web<\/a><\/p>\n<p style=\"text-align: justify;\">As demais noites do Itaqu\u00e1 Rodeio Fest t\u00eam vendas oficiais pela Guich\u00ea Web.<\/p>\n<p style=\"text-align: justify;\">Al\u00e9m da pista e arquibancada, o p\u00fablico pode escolher entre diferentes experi\u00eancias, como <strong>Front Stage, Camarote Presidente Open Bar, Camarote Viva+ e Backstage Experience<\/strong>, todos com estruturas e benef\u00edcios exclusivos.<\/p>\n<p style=\"text-align: justify;\"><strong>Estrutura in\u00e9dita, conforto e seguran\u00e7a<\/strong><\/p>\n<p style=\"text-align: justify;\">Para entregar a maior edi\u00e7\u00e3o da hist\u00f3ria, o Itaqu\u00e1 Rodeio Fest preparou uma opera\u00e7\u00e3o completa de atendimento ao p\u00fablico. A arena contar\u00e1 com monitoramento por c\u00e2meras, atua\u00e7\u00e3o integrada das for\u00e7as de seguran\u00e7a, controle de acessos, equipes especializadas, \u00e1reas de alimenta\u00e7\u00e3o, banheiros distribu\u00eddos por todo o recinto e espa\u00e7os de atendimento.<\/p>\n<p style=\"text-align: justify;\">A festa tamb\u00e9m amplia as a\u00e7\u00f5es de inclus\u00e3o, oferecendo <strong>espa\u00e7o sensorial para pessoas autistas, \u00e1rea PCD e atendimento especializado<\/strong>, garantindo mais acessibilidade e conforto para todos os visitantes.<\/p>\n<p style=\"text-align: justify;\"><strong>PBR leva o rodeio de Itaquaquecetuba ao cen\u00e1rio nacional<\/strong><\/p>\n<p style=\"text-align: justify;\">Al\u00e9m dos grandes shows, a arena receber\u00e1 pela primeira vez <strong>duas etapas do Campeonato Brasileiro da PBR (Professional Bull Riders)<\/strong>, uma das maiores organiza\u00e7\u00f5es de montaria em touros do mundo.<\/p>\n<p style=\"text-align: justify;\">As disputas acontecem nos quatro dias do evento e re\u00fanem competidores de alto n\u00edvel em uma competi\u00e7\u00e3o que coloca Itaquaquecetuba definitivamente no circuito nacional do rodeio profissional.<\/p>\n<p style=\"text-align: justify;\">\n","protected":false},"excerpt":{"rendered":"<p>A partir deste s\u00e1bado, Itaquaquecetuba recebe 13 atra\u00e7\u00f5es nacionais, rodeio PBR, estrutura premium, seguran\u00e7a refor\u00e7ada e quatro dias de uma festa hist\u00f3rica A espera acabou. O Itaqu\u00e1 Rodeio Fest vai come\u00e7ar e Itaquaquecetuba est\u00e1 pronta para viver a maior e melhor edi\u00e7\u00e3o de sua hist\u00f3ria. A partir deste s\u00e1bado (5), a cidade ser\u00e1 palco de [&hellip;]<\/p>\n","protected":false},"author":1,"featured_media":32489,"comment_status":"open","ping_status":"open","sticky":false,"template":"","format":"standard","meta":{"footnotes":""},"categories":[13,6,47],"tags":[],"class_list":["post-32488","post","type-post","status-publish","format-standard","has-post-thumbnail","category-cultura","category-itaqua","category-turismo"],"yoast_head":"<!-- This site is optimized with the Yoast SEO plugin v27.6 - https:\/\/yoast.com\/product\/yoast-seo-wordpress\/ -->\n<title>Vai come\u00e7ar: Itaqu\u00e1 Rodeio Fest abre as portas para a maior e melhor edi\u00e7\u00e3o de sua hist\u00f3ria - Jornal Metr\u00f3pole<\/title>\n<meta name=\"robots\" content=\"index, follow, max-snippet:-1, max-image-preview:large, max-video-preview:-1\" \/>\n<link rel=\"canonical\" href=\"https:\/\/jm-metropole.com.br\/site\/vai-comecar-itaqua-rodeio-fest-abre-as-portas-para-a-maior-e-melhor-edicao-de-sua-historia\/\" \/>\n<meta property=\"og:locale\" content=\"pt_BR\" \/>\n<meta property=\"og:type\" content=\"article\" \/>\n<meta property=\"og:title\" content=\"Vai come\u00e7ar: Itaqu\u00e1 Rodeio Fest abre as portas para a maior e melhor edi\u00e7\u00e3o de sua hist\u00f3ria - Jornal Metr\u00f3pole\" \/>\n<meta property=\"og:description\" content=\"A partir deste s\u00e1bado, Itaquaquecetuba recebe 13 atra\u00e7\u00f5es nacionais, rodeio PBR, estrutura premium, seguran\u00e7a refor\u00e7ada e quatro dias de uma festa hist\u00f3rica A espera acabou. O Itaqu\u00e1 Rodeio Fest vai come\u00e7ar e Itaquaquecetuba est\u00e1 pronta para viver a maior e melhor edi\u00e7\u00e3o de sua hist\u00f3ria. A partir deste s\u00e1bado (5), a cidade ser\u00e1 palco de [&hellip;]\" \/>\n<meta property=\"og:url\" content=\"https:\/\/jm-metropole.com.br\/site\/vai-comecar-itaqua-rodeio-fest-abre-as-portas-para-a-maior-e-melhor-edicao-de-sua-historia\/\" \/>\n<meta property=\"og:site_name\" content=\"Jornal Metr\u00f3pole\" \/>\n<meta property=\"article:publisher\" content=\"https:\/\/www.facebook.com\/jm.metropole\" \/>\n<meta property=\"article:published_time\" content=\"2026-09-04T13:07:13+00:00\" \/>\n<meta property=\"og:image\" content=\"https:\/\/jm-metropole.com.br\/site\/wp-content\/uploads\/2026\/09\/WhatsApp-Image-2026-09-04-at-08.13.50.jpeg\" \/>\n\t<meta property=\"og:image:width\" content=\"1600\" \/>\n\t<meta property=\"og:image:height\" content=\"900\" \/>\n\t<meta property=\"og:image:type\" content=\"image\/jpeg\" \/>\n<meta name=\"author\" content=\"Jornal Metr\u00f3pole\" \/>\n<meta name=\"twitter:card\" content=\"summary_large_image\" \/>\n<meta name=\"twitter:label1\" content=\"Escrito por\" \/>\n\t<meta name=\"twitter:data1\" content=\"Jornal Metr\u00f3pole\" \/>\n\t<meta name=\"twitter:label2\" content=\"Est. tempo de leitura\" \/>\n\t<meta name=\"twitter:data2\" content=\"3 minutos\" \/>\n<script type=\"application\/ld+json\" class=\"yoast-schema-graph\">{\"@context\":\"https:\\\/\\\/schema.org\",\"@graph\":[{\"@type\":\"Article\",\"@id\":\"https:\\\/\\\/jm-metropole.com.br\\\/site\\\/vai-comecar-itaqua-rodeio-fest-abre-as-portas-para-a-maior-e-melhor-edicao-de-sua-historia\\\/#article\",\"isPartOf\":{\"@id\":\"https:\\\/\\\/jm-metropole.com.br\\\/site\\\/vai-comecar-itaqua-rodeio-fest-abre-as-portas-para-a-maior-e-melhor-edicao-de-sua-historia\\\/\"},\"author\":{\"name\":\"Jornal Metr\u00f3pole\",\"@id\":\"https:\\\/\\\/jm-metropole.com.br\\\/site\\\/#\\\/schema\\\/person\\\/a438c77cefcef76c8ddbe3dcc9b238fc\"},\"headline\":\"Vai come\u00e7ar: Itaqu\u00e1 Rodeio Fest abre as portas para a maior e melhor edi\u00e7\u00e3o de sua hist\u00f3ria\",\"datePublished\":\"2026-09-04T13:07:13+00:00\",\"mainEntityOfPage\":{\"@id\":\"https:\\\/\\\/jm-metropole.com.br\\\/site\\\/vai-comecar-itaqua-rodeio-fest-abre-as-portas-para-a-maior-e-melhor-edicao-de-sua-historia\\\/\"},\"wordCount\":532,\"commentCount\":0,\"publisher\":{\"@id\":\"https:\\\/\\\/jm-metropole.com.br\\\/site\\\/#organization\"},\"image\":{\"@id\":\"https:\\\/\\\/jm-metropole.com.br\\\/site\\\/vai-comecar-itaqua-rodeio-fest-abre-as-portas-para-a-maior-e-melhor-edicao-de-sua-historia\\\/#primaryimage\"},\"thumbnailUrl\":\"https:\\\/\\\/jm-metropole.com.br\\\/site\\\/wp-content\\\/uploads\\\/2026\\\/09\\\/WhatsApp-Image-2026-09-04-at-08.13.50.jpeg\",\"articleSection\":[\"Cultura\",\"Itaqu\u00e1\",\"Turismo\"],\"inLanguage\":\"pt-BR\",\"potentialAction\":[{\"@type\":\"CommentAction\",\"name\":\"Comment\",\"target\":[\"https:\\\/\\\/jm-metropole.com.br\\\/site\\\/vai-comecar-itaqua-rodeio-fest-abre-as-portas-para-a-maior-e-melhor-edicao-de-sua-historia\\\/#respond\"]}]},{\"@type\":\"WebPage\",\"@id\":\"https:\\\/\\\/jm-metropole.com.br\\\/site\\\/vai-comecar-itaqua-rodeio-fest-abre-as-portas-para-a-maior-e-melhor-edicao-de-sua-historia\\\/\",\"url\":\"https:\\\/\\\/jm-metropole.com.br\\\/site\\\/vai-comecar-itaqua-rodeio-fest-abre-as-portas-para-a-maior-e-melhor-edicao-de-sua-historia\\\/\",\"name\":\"Vai come\u00e7ar: Itaqu\u00e1 Rodeio Fest abre as portas para a maior e melhor edi\u00e7\u00e3o de sua hist\u00f3ria - Jornal Metr\u00f3pole\",\"isPartOf\":{\"@id\":\"https:\\\/\\\/jm-metropole.com.br\\\/site\\\/#website\"},\"primaryImageOfPage\":{\"@id\":\"https:\\\/\\\/jm-metropole.com.br\\\/site\\\/vai-comecar-itaqua-rodeio-fest-abre-as-portas-para-a-maior-e-melhor-edicao-de-sua-historia\\\/#primaryimage\"},\"image\":{\"@id\":\"https:\\\/\\\/jm-metropole.com.br\\\/site\\\/vai-comecar-itaqua-rodeio-fest-abre-as-portas-para-a-maior-e-melhor-edicao-de-sua-historia\\\/#primaryimage\"},\"thumbnailUrl\":\"https:\\\/\\\/jm-metropole.com.br\\\/site\\\/wp-content\\\/uploads\\\/2026\\\/09\\\/WhatsApp-Image-2026-09-04-at-08.13.50.jpeg\",\"datePublished\":\"2026-09-04T13:07:13+00:00\",\"breadcrumb\":{\"@id\":\"https:\\\/\\\/jm-metropole.com.br\\\/site\\\/vai-comecar-itaqua-rodeio-fest-abre-as-portas-para-a-maior-e-melhor-edicao-de-sua-historia\\\/#breadcrumb\"},\"inLanguage\":\"pt-BR\",\"potentialAction\":[{\"@type\":\"ReadAction\",\"target\":[\"https:\\\/\\\/jm-metropole.com.br\\\/site\\\/vai-comecar-itaqua-rodeio-fest-abre-as-portas-para-a-maior-e-melhor-edicao-de-sua-historia\\\/\"]}]},{\"@type\":\"ImageObject\",\"inLanguage\":\"pt-BR\",\"@id\":\"https:\\\/\\\/jm-metropole.com.br\\\/site\\\/vai-comecar-itaqua-rodeio-fest-abre-as-portas-para-a-maior-e-melhor-edicao-de-sua-historia\\\/#primaryimage\",\"url\":\"https:\\\/\\\/jm-metropole.com.br\\\/site\\\/wp-content\\\/uploads\\\/2026\\\/09\\\/WhatsApp-Image-2026-09-04-at-08.13.50.jpeg\",\"contentUrl\":\"https:\\\/\\\/jm-metropole.com.br\\\/site\\\/wp-content\\\/uploads\\\/2026\\\/09\\\/WhatsApp-Image-2026-09-04-at-08.13.50.jpeg\",\"width\":1600,\"height\":900},{\"@type\":\"BreadcrumbList\",\"@id\":\"https:\\\/\\\/jm-metropole.com.br\\\/site\\\/vai-comecar-itaqua-rodeio-fest-abre-as-portas-para-a-maior-e-melhor-edicao-de-sua-historia\\\/#breadcrumb\",\"itemListElement\":[{\"@type\":\"ListItem\",\"position\":1,\"name\":\"In\u00edcio\",\"item\":\"https:\\\/\\\/jm-metropole.com.br\\\/site\\\/\"},{\"@type\":\"ListItem\",\"position\":2,\"name\":\"Vai come\u00e7ar: Itaqu\u00e1 Rodeio Fest abre as portas para a maior e melhor edi\u00e7\u00e3o de sua hist\u00f3ria\"}]},{\"@type\":\"WebSite\",\"@id\":\"https:\\\/\\\/jm-metropole.com.br\\\/site\\\/#website\",\"url\":\"https:\\\/\\\/jm-metropole.com.br\\\/site\\\/\",\"name\":\"Jornal Metr\u00f3pole\",\"description\":\"Alto Tiet\u00ea e Regi\u00e3o\",\"publisher\":{\"@id\":\"https:\\\/\\\/jm-metropole.com.br\\\/site\\\/#organization\"},\"potentialAction\":[{\"@type\":\"SearchAction\",\"target\":{\"@type\":\"EntryPoint\",\"urlTemplate\":\"https:\\\/\\\/jm-metropole.com.br\\\/site\\\/?s={search_term_string}\"},\"query-input\":{\"@type\":\"PropertyValueSpecification\",\"valueRequired\":true,\"valueName\":\"search_term_string\"}}],\"inLanguage\":\"pt-BR\"},{\"@type\":\"Organization\",\"@id\":\"https:\\\/\\\/jm-metropole.com.br\\\/site\\\/#organization\",\"name\":\"Jornal Metr\u00f3pole\",\"url\":\"https:\\\/\\\/jm-metropole.com.br\\\/site\\\/\",\"logo\":{\"@type\":\"ImageObject\",\"inLanguage\":\"pt-BR\",\"@id\":\"https:\\\/\\\/jm-metropole.com.br\\\/site\\\/#\\\/schema\\\/logo\\\/image\\\/\",\"url\":\"https:\\\/\\\/jm-metropole.com.br\\\/site\\\/wp-content\\\/uploads\\\/2026\\\/05\\\/LOGO-JM-scaled.jpg\",\"contentUrl\":\"https:\\\/\\\/jm-metropole.com.br\\\/site\\\/wp-content\\\/uploads\\\/2026\\\/05\\\/LOGO-JM-scaled.jpg\",\"width\":2560,\"height\":2498,\"caption\":\"Jornal Metr\u00f3pole\"},\"image\":{\"@id\":\"https:\\\/\\\/jm-metropole.com.br\\\/site\\\/#\\\/schema\\\/logo\\\/image\\\/\"},\"sameAs\":[\"https:\\\/\\\/www.facebook.com\\\/jm.metropole\",\"https:\\\/\\\/www.instagram.com\\\/jm.metropole\\\/\"]},{\"@type\":\"Person\",\"@id\":\"https:\\\/\\\/jm-metropole.com.br\\\/site\\\/#\\\/schema\\\/person\\\/a438c77cefcef76c8ddbe3dcc9b238fc\",\"name\":\"Jornal Metr\u00f3pole\",\"sameAs\":[\"https:\\\/\\\/jm-metropole.com.br\\\/site\"],\"url\":\"https:\\\/\\\/jm-metropole.com.br\\\/site\\\/author\\\/admin\\\/\"}]}<\/script>\n<!-- \/ Yoast SEO plugin. -->","yoast_head_json":{"title":"Vai come\u00e7ar: Itaqu\u00e1 Rodeio Fest abre as portas para a maior e melhor edi\u00e7\u00e3o de sua hist\u00f3ria - Jornal Metr\u00f3pole","robots":{"index":"index","follow":"follow","max-snippet":"max-snippet:-1","max-image-preview":"max-image-preview:large","max-video-preview":"max-video-preview:-1"},"canonical":"https:\/\/jm-metropole.com.br\/site\/vai-comecar-itaqua-rodeio-fest-abre-as-portas-para-a-maior-e-melhor-edicao-de-sua-historia\/","og_locale":"pt_BR","og_type":"article","og_title":"Vai come\u00e7ar: Itaqu\u00e1 Rodeio Fest abre as portas para a maior e melhor edi\u00e7\u00e3o de sua hist\u00f3ria - Jornal Metr\u00f3pole","og_description":"A partir deste s\u00e1bado, Itaquaquecetuba recebe 13 atra\u00e7\u00f5es nacionais, rodeio PBR, estrutura premium, seguran\u00e7a refor\u00e7ada e quatro dias de uma festa hist\u00f3rica A espera acabou. O Itaqu\u00e1 Rodeio Fest vai come\u00e7ar e Itaquaquecetuba est\u00e1 pronta para viver a maior e melhor edi\u00e7\u00e3o de sua hist\u00f3ria. A partir deste s\u00e1bado (5), a cidade ser\u00e1 palco de [&hellip;]","og_url":"https:\/\/jm-metropole.com.br\/site\/vai-comecar-itaqua-rodeio-fest-abre-as-portas-para-a-maior-e-melhor-edicao-de-sua-historia\/","og_site_name":"Jornal Metr\u00f3pole","article_publisher":"https:\/\/www.facebook.com\/jm.metropole","article_published_time":"2026-09-04T13:07:13+00:00","og_image":[{"width":1600,"height":900,"url":"https:\/\/jm-metropole.com.br\/site\/wp-content\/uploads\/2026\/09\/WhatsApp-Image-2026-09-04-at-08.13.50.jpeg","type":"image\/jpeg"}],"author":"Jornal Metr\u00f3pole","twitter_card":"summary_large_image","twitter_misc":{"Escrito por":"Jornal Metr\u00f3pole","Est. tempo de leitura":"3 minutos"},"schema":{"@context":"https:\/\/schema.org","@graph":[{"@type":"Article","@id":"https:\/\/jm-metropole.com.br\/site\/vai-comecar-itaqua-rodeio-fest-abre-as-portas-para-a-maior-e-melhor-edicao-de-sua-historia\/#article","isPartOf":{"@id":"https:\/\/jm-metropole.com.br\/site\/vai-comecar-itaqua-rodeio-fest-abre-as-portas-para-a-maior-e-melhor-edicao-de-sua-historia\/"},"author":{"name":"Jornal Metr\u00f3pole","@id":"https:\/\/jm-metropole.com.br\/site\/#\/schema\/person\/a438c77cefcef76c8ddbe3dcc9b238fc"},"headline":"Vai come\u00e7ar: Itaqu\u00e1 Rodeio Fest abre as portas para a maior e melhor edi\u00e7\u00e3o de sua hist\u00f3ria","datePublished":"2026-09-04T13:07:13+00:00","mainEntityOfPage":{"@id":"https:\/\/jm-metropole.com.br\/site\/vai-comecar-itaqua-rodeio-fest-abre-as-portas-para-a-maior-e-melhor-edicao-de-sua-historia\/"},"wordCount":532,"commentCount":0,"publisher":{"@id":"https:\/\/jm-metropole.com.br\/site\/#organization"},"image":{"@id":"https:\/\/jm-metropole.com.br\/site\/vai-comecar-itaqua-rodeio-fest-abre-as-portas-para-a-maior-e-melhor-edicao-de-sua-historia\/#primaryimage"},"thumbnailUrl":"https:\/\/jm-metropole.com.br\/site\/wp-content\/uploads\/2026\/09\/WhatsApp-Image-2026-09-04-at-08.13.50.jpeg","articleSection":["Cultura","Itaqu\u00e1","Turismo"],"inLanguage":"pt-BR","potentialAction":[{"@type":"CommentAction","name":"Comment","target":["https:\/\/jm-metropole.com.br\/site\/vai-comecar-itaqua-rodeio-fest-abre-as-portas-para-a-maior-e-melhor-edicao-de-sua-historia\/#respond"]}]},{"@type":"WebPage","@id":"https:\/\/jm-metropole.com.br\/site\/vai-comecar-itaqua-rodeio-fest-abre-as-portas-para-a-maior-e-melhor-edicao-de-sua-historia\/","url":"https:\/\/jm-metropole.com.br\/site\/vai-comecar-itaqua-rodeio-fest-abre-as-portas-para-a-maior-e-melhor-edicao-de-sua-historia\/","name":"Vai come\u00e7ar: Itaqu\u00e1 Rodeio Fest abre as portas para a maior e melhor edi\u00e7\u00e3o de sua hist\u00f3ria - Jornal Metr\u00f3pole","isPartOf":{"@id":"https:\/\/jm-metropole.com.br\/site\/#website"},"primaryImageOfPage":{"@id":"https:\/\/jm-metropole.com.br\/site\/vai-comecar-itaqua-rodeio-fest-abre-as-portas-para-a-maior-e-melhor-edicao-de-sua-historia\/#primaryimage"},"image":{"@id":"https:\/\/jm-metropole.com.br\/site\/vai-comecar-itaqua-rodeio-fest-abre-as-portas-para-a-maior-e-melhor-edicao-de-sua-historia\/#primaryimage"},"thumbnailUrl":"https:\/\/jm-metropole.com.br\/site\/wp-content\/uploads\/2026\/09\/WhatsApp-Image-2026-09-04-at-08.13.50.jpeg","datePublished":"2026-09-04T13:07:13+00:00","breadcrumb":{"@id":"https:\/\/jm-metropole.com.br\/site\/vai-comecar-itaqua-rodeio-fest-abre-as-portas-para-a-maior-e-melhor-edicao-de-sua-historia\/#breadcrumb"},"inLanguage":"pt-BR","potentialAction":[{"@type":"ReadAction","target":["https:\/\/jm-metropole.com.br\/site\/vai-comecar-itaqua-rodeio-fest-abre-as-portas-para-a-maior-e-melhor-edicao-de-sua-historia\/"]}]},{"@type":"ImageObject","inLanguage":"pt-BR","@id":"https:\/\/jm-metropole.com.br\/site\/vai-comecar-itaqua-rodeio-fest-abre-as-portas-para-a-maior-e-melhor-edicao-de-sua-historia\/#primaryimage","url":"https:\/\/jm-metropole.com.br\/site\/wp-content\/uploads\/2026\/09\/WhatsApp-Image-2026-09-04-at-08.13.50.jpeg","contentUrl":"https:\/\/jm-metropole.com.br\/site\/wp-content\/uploads\/2026\/09\/WhatsApp-Image-2026-09-04-at-08.13.50.jpeg","width":1600,"height":900},{"@type":"BreadcrumbList","@id":"https:\/\/jm-metropole.com.br\/site\/vai-comecar-itaqua-rodeio-fest-abre-as-portas-para-a-maior-e-melhor-edicao-de-sua-historia\/#breadcrumb","itemListElement":[{"@type":"ListItem","position":1,"name":"In\u00edcio","item":"https:\/\/jm-metropole.com.br\/site\/"},{"@type":"ListItem","position":2,"name":"Vai come\u00e7ar: Itaqu\u00e1 Rodeio Fest abre as portas para a maior e melhor edi\u00e7\u00e3o de sua hist\u00f3ria"}]},{"@type":"WebSite","@id":"https:\/\/jm-metropole.com.br\/site\/#website","url":"https:\/\/jm-metropole.com.br\/site\/","name":"Jornal Metr\u00f3pole","description":"Alto Tiet\u00ea e Regi\u00e3o","publisher":{"@id":"https:\/\/jm-metropole.com.br\/site\/#organization"},"potentialAction":[{"@type":"SearchAction","target":{"@type":"EntryPoint","urlTemplate":"https:\/\/jm-metropole.com.br\/site\/?s={search_term_string}"},"query-input":{"@type":"PropertyValueSpecification","valueRequired":true,"valueName":"search_term_string"}}],"inLanguage":"pt-BR"},{"@type":"Organization","@id":"https:\/\/jm-metropole.com.br\/site\/#organization","name":"Jornal Metr\u00f3pole","url":"https:\/\/jm-metropole.com.br\/site\/","logo":{"@type":"ImageObject","inLanguage":"pt-BR","@id":"https:\/\/jm-metropole.com.br\/site\/#\/schema\/logo\/image\/","url":"https:\/\/jm-metropole.com.br\/site\/wp-content\/uploads\/2026\/05\/LOGO-JM-scaled.jpg","contentUrl":"https:\/\/jm-metropole.com.br\/site\/wp-content\/uploads\/2026\/05\/LOGO-JM-scaled.jpg","width":2560,"height":2498,"caption":"Jornal Metr\u00f3pole"},"image":{"@id":"https:\/\/jm-metropole.com.br\/site\/#\/schema\/logo\/image\/"},"sameAs":["https:\/\/www.facebook.com\/jm.metropole","https:\/\/www.instagram.com\/jm.metropole\/"]},{"@type":"Person","@id":"https:\/\/jm-metropole.com.br\/site\/#\/schema\/person\/a438c77cefcef76c8ddbe3dcc9b238fc","name":"Jornal Metr\u00f3pole","sameAs":["https:\/\/jm-metropole.com.br\/site"],"url":"https:\/\/jm-metropole.com.br\/site\/author\/admin\/"}]}},"_links":{"self":[{"href":"https:\/\/jm-metropole.com.br\/site\/wp-json\/wp\/v2\/posts\/32488","targetHints":{"allow":["GET"]}}],"collection":[{"href":"https:\/\/jm-metropole.com.br\/site\/wp-json\/wp\/v2\/posts"}],"about":[{"href":"https:\/\/jm-metropole.com.br\/site\/wp-json\/wp\/v2\/types\/post"}],"author":[{"embeddable":true,"href":"https:\/\/jm-metropole.com.br\/site\/wp-json\/wp\/v2\/users\/1"}],"replies":[{"embeddable":true,"href":"https:\/\/jm-metropole.com.br\/site\/wp-json\/wp\/v2\/comments?post=32488"}],"version-history":[{"count":1,"href":"https:\/\/jm-metropole.com.br\/site\/wp-json\/wp\/v2\/posts\/32488\/revisions"}],"predecessor-version":[{"id":32490,"href":"https:\/\/jm-metropole.com.br\/site\/wp-json\/wp\/v2\/posts\/32488\/revisions\/32490"}],"wp:featuredmedia":[{"embeddable":true,"href":"https:\/\/jm-metropole.com.br\/site\/wp-json\/wp\/v2\/media\/32489"}],"wp:attachment":[{"href":"https:\/\/jm-metropole.com.br\/site\/wp-json\/wp\/v2\/media?parent=32488"}],"wp:term":[{"taxonomy":"category","embeddable":true,"href":"https:\/\/jm-metropole.com.br\/site\/wp-json\/wp\/v2\/categories?post=32488"},{"taxonomy":"post_tag","embeddable":true,"href":"https:\/\/jm-metropole.com.br\/site\/wp-json\/wp\/v2\/tags?post=32488"}],"curies":[{"name":"wp","href":"https:\/\/api.w.org\/{rel}","templated":true}]}}