{"id":32485,"date":"2026-09-03T10:29:00","date_gmt":"2026-09-03T13:29:00","guid":{"rendered":"https:\/\/jm-metropole.com.br\/site\/?p=32485"},"modified":"2026-09-03T10:29:00","modified_gmt":"2026-09-03T13:29:00","slug":"saspe-abre-80-vagas-para-curso-pre-vestibular-com-foco-no-enem-e-em-processos-seletivos","status":"publish","type":"post","link":"https:\/\/jm-metropole.com.br\/site\/saspe-abre-80-vagas-para-curso-pre-vestibular-com-foco-no-enem-e-em-processos-seletivos\/","title":{"rendered":"Saspe abre 80 vagas para curso pr\u00e9-vestibular com foco no Enem e em processos seletivos"},"content":{"rendered":"<p style=\"text-align: justify;\"><em>Inscri\u00e7\u00f5es come\u00e7am em 8 de setembro (ter\u00e7a-feira) e forma\u00e7\u00e3o ter\u00e1 46 horas de aulas com revis\u00e3o de conte\u00fados, reda\u00e7\u00e3o e resolu\u00e7\u00e3o de quest\u00f5es<\/em><\/p>\n<p style=\"text-align: justify;\">O Servi\u00e7o de A\u00e7\u00e3o Social e Projetos Especiais (Saspe) abre, a partir da pr\u00f3xima ter\u00e7a-feira (08\/09), as inscri\u00e7\u00f5es para 80 vagas do curso pr\u00e9-vestibular voltado \u00e0 prepara\u00e7\u00e3o de estudantes para o Exame Nacional do Ensino M\u00e9dio (Enem) e demais processos seletivos de ingresso no ensino superior.<\/p>\n<p style=\"text-align: justify;\">As inscri\u00e7\u00f5es dever\u00e3o ser realizadas presencialmente na sede do Saspe, localizada na rua General Francisco Glic\u00e9rio, 1.334, no centro de Suzano. Podem participar estudantes que estejam cursando o 3\u00ba ano do ensino m\u00e9dio ou que j\u00e1 tenham conclu\u00eddo esta etapa de ensino.<\/p>\n<p style=\"text-align: justify;\">O curso ser\u00e1 realizado entre os dias 28 de setembro e 30 de outubro, sempre das 19 \u00e0s 21 horas, com carga prevista de 46 horas. A proposta \u00e9 oferecer prepara\u00e7\u00e3o complementar aos participantes por meio da revis\u00e3o dos principais conte\u00fados cobrados nos vestibulares, al\u00e9m do desenvolvimento de estrat\u00e9gias para resolu\u00e7\u00e3o de quest\u00f5es e do aprimoramento da produ\u00e7\u00e3o textual.<\/p>\n<p style=\"text-align: justify;\">A aula inaugural est\u00e1 marcada para 28 de setembro, no Cineteatro Wilma Bentivegna (rua Paran\u00e1, 70 &#8211; Centro), e contar\u00e1 com uma atividade especial sobre atualidades, direcionada aos principais temas de interesse para o Enem e outros vestibulares. As demais aulas ser\u00e3o realizadas na sede do Saspe.<\/p>\n<p style=\"text-align: justify;\">Ao longo da forma\u00e7\u00e3o, os estudantes ter\u00e3o conte\u00fados de Matem\u00e1tica, Portugu\u00eas e Literatura, Reda\u00e7\u00e3o, Biologia, Qu\u00edmica, F\u00edsica, Hist\u00f3ria, Geografia, Ingl\u00eas e Espanhol. As atividades ser\u00e3o estruturadas com \u00eanfase na revis\u00e3o dos conhecimentos mais exigidos nas provas, interpreta\u00e7\u00e3o de textos, racioc\u00ednio l\u00f3gico, produ\u00e7\u00e3o textual e resolu\u00e7\u00e3o de exerc\u00edcios.<\/p>\n<p style=\"text-align: justify;\">A iniciativa busca ampliar as oportunidades de acesso ao ensino superior e oferecer aos participantes um espa\u00e7o de prepara\u00e7\u00e3o e fortalecimento dos conhecimentos adquiridos durante a trajet\u00f3ria escolar, especialmente neste per\u00edodo que antecede algumas das principais provas de ingresso em universidades.<\/p>\n<p style=\"text-align: justify;\">Al\u00e9m da revis\u00e3o dos componentes curriculares, a forma\u00e7\u00e3o pretende contribuir para que os estudantes desenvolvam maior familiaridade com o formato das avalia\u00e7\u00f5es, organiza\u00e7\u00e3o durante a realiza\u00e7\u00e3o das provas e capacidade de interpreta\u00e7\u00e3o das diferentes situa\u00e7\u00f5es apresentadas nas quest\u00f5es.<\/p>\n<p style=\"text-align: justify;\">Para a dirigente do Saspe, primeira-dama D\u00e9borah Ishi, a iniciativa refor\u00e7a o compromisso do munic\u00edpio em ampliar as oportunidades de forma\u00e7\u00e3o dos estudantes. \u201cO pr\u00e9-vestibular oferece um apoio importante justamente em um momento decisivo para muitos jovens. Nossa proposta \u00e9 criar condi\u00e7\u00f5es para que eles possam revisar conte\u00fados, se preparar melhor para as provas e chegar ao Enem e aos vestibulares com mais conhecimento e confian\u00e7a. Ampliar o acesso a essa prepara\u00e7\u00e3o tamb\u00e9m significa ampliar as possibilidades de ingresso no ensino superior\u201d, destacou.<\/p>\n<p style=\"text-align: right;\"><em>Cr\u00e9dito das fotos: Divulga\u00e7\u00e3o\/Secop Suzano<\/em><\/p>\n","protected":false},"excerpt":{"rendered":"<p>Inscri\u00e7\u00f5es come\u00e7am em 8 de setembro (ter\u00e7a-feira) e forma\u00e7\u00e3o ter\u00e1 46 horas de aulas com revis\u00e3o de conte\u00fados, reda\u00e7\u00e3o e resolu\u00e7\u00e3o de quest\u00f5es O Servi\u00e7o de A\u00e7\u00e3o Social e Projetos Especiais (Saspe) abre, a partir da pr\u00f3xima ter\u00e7a-feira (08\/09), as inscri\u00e7\u00f5es para 80 vagas do curso pr\u00e9-vestibular voltado \u00e0 prepara\u00e7\u00e3o de estudantes para o Exame [&hellip;]<\/p>\n","protected":false},"author":1,"featured_media":32486,"comment_status":"open","ping_status":"open","sticky":false,"template":"","format":"standard","meta":{"footnotes":""},"categories":[14,9],"tags":[],"class_list":["post-32485","post","type-post","status-publish","format-standard","has-post-thumbnail","category-educacao","category-suzano"],"yoast_head":"<!-- This site is optimized with the Yoast SEO plugin v27.6 - https:\/\/yoast.com\/product\/yoast-seo-wordpress\/ -->\n<title>Saspe abre 80 vagas para curso pr\u00e9-vestibular com foco no Enem e em processos seletivos - Jornal Metr\u00f3pole<\/title>\n<meta name=\"robots\" content=\"index, follow, max-snippet:-1, max-image-preview:large, max-video-preview:-1\" \/>\n<link rel=\"canonical\" href=\"https:\/\/jm-metropole.com.br\/site\/saspe-abre-80-vagas-para-curso-pre-vestibular-com-foco-no-enem-e-em-processos-seletivos\/\" \/>\n<meta property=\"og:locale\" content=\"pt_BR\" \/>\n<meta property=\"og:type\" content=\"article\" \/>\n<meta property=\"og:title\" content=\"Saspe abre 80 vagas para curso pr\u00e9-vestibular com foco no Enem e em processos seletivos - Jornal Metr\u00f3pole\" \/>\n<meta property=\"og:description\" content=\"Inscri\u00e7\u00f5es come\u00e7am em 8 de setembro (ter\u00e7a-feira) e forma\u00e7\u00e3o ter\u00e1 46 horas de aulas com revis\u00e3o de conte\u00fados, reda\u00e7\u00e3o e resolu\u00e7\u00e3o de quest\u00f5es O Servi\u00e7o de A\u00e7\u00e3o Social e Projetos Especiais (Saspe) abre, a partir da pr\u00f3xima ter\u00e7a-feira (08\/09), as inscri\u00e7\u00f5es para 80 vagas do curso pr\u00e9-vestibular voltado \u00e0 prepara\u00e7\u00e3o de estudantes para o Exame [&hellip;]\" \/>\n<meta property=\"og:url\" content=\"https:\/\/jm-metropole.com.br\/site\/saspe-abre-80-vagas-para-curso-pre-vestibular-com-foco-no-enem-e-em-processos-seletivos\/\" \/>\n<meta property=\"og:site_name\" content=\"Jornal Metr\u00f3pole\" \/>\n<meta property=\"article:publisher\" content=\"https:\/\/www.facebook.com\/jm.metropole\" \/>\n<meta property=\"article:published_time\" content=\"2026-09-03T13:29:00+00:00\" \/>\n<meta property=\"og:image\" content=\"https:\/\/jm-metropole.com.br\/site\/wp-content\/uploads\/2026\/09\/WhatsApp-Image-2026-09-02-at-17.19.09.jpeg\" \/>\n\t<meta property=\"og:image:width\" content=\"1600\" \/>\n\t<meta property=\"og:image:height\" content=\"1066\" \/>\n\t<meta property=\"og:image:type\" content=\"image\/jpeg\" \/>\n<meta name=\"author\" content=\"Jornal Metr\u00f3pole\" \/>\n<meta name=\"twitter:card\" content=\"summary_large_image\" \/>\n<meta name=\"twitter:label1\" content=\"Escrito por\" \/>\n\t<meta name=\"twitter:data1\" content=\"Jornal Metr\u00f3pole\" \/>\n\t<meta name=\"twitter:label2\" content=\"Est. tempo de leitura\" \/>\n\t<meta name=\"twitter:data2\" content=\"3 minutos\" \/>\n<script type=\"application\/ld+json\" class=\"yoast-schema-graph\">{\"@context\":\"https:\\\/\\\/schema.org\",\"@graph\":[{\"@type\":\"Article\",\"@id\":\"https:\\\/\\\/jm-metropole.com.br\\\/site\\\/saspe-abre-80-vagas-para-curso-pre-vestibular-com-foco-no-enem-e-em-processos-seletivos\\\/#article\",\"isPartOf\":{\"@id\":\"https:\\\/\\\/jm-metropole.com.br\\\/site\\\/saspe-abre-80-vagas-para-curso-pre-vestibular-com-foco-no-enem-e-em-processos-seletivos\\\/\"},\"author\":{\"name\":\"Jornal Metr\u00f3pole\",\"@id\":\"https:\\\/\\\/jm-metropole.com.br\\\/site\\\/#\\\/schema\\\/person\\\/a438c77cefcef76c8ddbe3dcc9b238fc\"},\"headline\":\"Saspe abre 80 vagas para curso pr\u00e9-vestibular com foco no Enem e em processos seletivos\",\"datePublished\":\"2026-09-03T13:29:00+00:00\",\"mainEntityOfPage\":{\"@id\":\"https:\\\/\\\/jm-metropole.com.br\\\/site\\\/saspe-abre-80-vagas-para-curso-pre-vestibular-com-foco-no-enem-e-em-processos-seletivos\\\/\"},\"wordCount\":505,\"commentCount\":0,\"publisher\":{\"@id\":\"https:\\\/\\\/jm-metropole.com.br\\\/site\\\/#organization\"},\"image\":{\"@id\":\"https:\\\/\\\/jm-metropole.com.br\\\/site\\\/saspe-abre-80-vagas-para-curso-pre-vestibular-com-foco-no-enem-e-em-processos-seletivos\\\/#primaryimage\"},\"thumbnailUrl\":\"https:\\\/\\\/jm-metropole.com.br\\\/site\\\/wp-content\\\/uploads\\\/2026\\\/09\\\/WhatsApp-Image-2026-09-02-at-17.19.09.jpeg\",\"articleSection\":[\"Educa\u00e7\u00e3o\",\"Suzano\"],\"inLanguage\":\"pt-BR\",\"potentialAction\":[{\"@type\":\"CommentAction\",\"name\":\"Comment\",\"target\":[\"https:\\\/\\\/jm-metropole.com.br\\\/site\\\/saspe-abre-80-vagas-para-curso-pre-vestibular-com-foco-no-enem-e-em-processos-seletivos\\\/#respond\"]}]},{\"@type\":\"WebPage\",\"@id\":\"https:\\\/\\\/jm-metropole.com.br\\\/site\\\/saspe-abre-80-vagas-para-curso-pre-vestibular-com-foco-no-enem-e-em-processos-seletivos\\\/\",\"url\":\"https:\\\/\\\/jm-metropole.com.br\\\/site\\\/saspe-abre-80-vagas-para-curso-pre-vestibular-com-foco-no-enem-e-em-processos-seletivos\\\/\",\"name\":\"Saspe abre 80 vagas para curso pr\u00e9-vestibular com foco no Enem e em processos seletivos - Jornal Metr\u00f3pole\",\"isPartOf\":{\"@id\":\"https:\\\/\\\/jm-metropole.com.br\\\/site\\\/#website\"},\"primaryImageOfPage\":{\"@id\":\"https:\\\/\\\/jm-metropole.com.br\\\/site\\\/saspe-abre-80-vagas-para-curso-pre-vestibular-com-foco-no-enem-e-em-processos-seletivos\\\/#primaryimage\"},\"image\":{\"@id\":\"https:\\\/\\\/jm-metropole.com.br\\\/site\\\/saspe-abre-80-vagas-para-curso-pre-vestibular-com-foco-no-enem-e-em-processos-seletivos\\\/#primaryimage\"},\"thumbnailUrl\":\"https:\\\/\\\/jm-metropole.com.br\\\/site\\\/wp-content\\\/uploads\\\/2026\\\/09\\\/WhatsApp-Image-2026-09-02-at-17.19.09.jpeg\",\"datePublished\":\"2026-09-03T13:29:00+00:00\",\"breadcrumb\":{\"@id\":\"https:\\\/\\\/jm-metropole.com.br\\\/site\\\/saspe-abre-80-vagas-para-curso-pre-vestibular-com-foco-no-enem-e-em-processos-seletivos\\\/#breadcrumb\"},\"inLanguage\":\"pt-BR\",\"potentialAction\":[{\"@type\":\"ReadAction\",\"target\":[\"https:\\\/\\\/jm-metropole.com.br\\\/site\\\/saspe-abre-80-vagas-para-curso-pre-vestibular-com-foco-no-enem-e-em-processos-seletivos\\\/\"]}]},{\"@type\":\"ImageObject\",\"inLanguage\":\"pt-BR\",\"@id\":\"https:\\\/\\\/jm-metropole.com.br\\\/site\\\/saspe-abre-80-vagas-para-curso-pre-vestibular-com-foco-no-enem-e-em-processos-seletivos\\\/#primaryimage\",\"url\":\"https:\\\/\\\/jm-metropole.com.br\\\/site\\\/wp-content\\\/uploads\\\/2026\\\/09\\\/WhatsApp-Image-2026-09-02-at-17.19.09.jpeg\",\"contentUrl\":\"https:\\\/\\\/jm-metropole.com.br\\\/site\\\/wp-content\\\/uploads\\\/2026\\\/09\\\/WhatsApp-Image-2026-09-02-at-17.19.09.jpeg\",\"width\":1600,\"height\":1066},{\"@type\":\"BreadcrumbList\",\"@id\":\"https:\\\/\\\/jm-metropole.com.br\\\/site\\\/saspe-abre-80-vagas-para-curso-pre-vestibular-com-foco-no-enem-e-em-processos-seletivos\\\/#breadcrumb\",\"itemListElement\":[{\"@type\":\"ListItem\",\"position\":1,\"name\":\"In\u00edcio\",\"item\":\"https:\\\/\\\/jm-metropole.com.br\\\/site\\\/\"},{\"@type\":\"ListItem\",\"position\":2,\"name\":\"Saspe abre 80 vagas para curso pr\u00e9-vestibular com foco no Enem e em processos seletivos\"}]},{\"@type\":\"WebSite\",\"@id\":\"https:\\\/\\\/jm-metropole.com.br\\\/site\\\/#website\",\"url\":\"https:\\\/\\\/jm-metropole.com.br\\\/site\\\/\",\"name\":\"Jornal Metr\u00f3pole\",\"description\":\"Alto Tiet\u00ea e Regi\u00e3o\",\"publisher\":{\"@id\":\"https:\\\/\\\/jm-metropole.com.br\\\/site\\\/#organization\"},\"potentialAction\":[{\"@type\":\"SearchAction\",\"target\":{\"@type\":\"EntryPoint\",\"urlTemplate\":\"https:\\\/\\\/jm-metropole.com.br\\\/site\\\/?s={search_term_string}\"},\"query-input\":{\"@type\":\"PropertyValueSpecification\",\"valueRequired\":true,\"valueName\":\"search_term_string\"}}],\"inLanguage\":\"pt-BR\"},{\"@type\":\"Organization\",\"@id\":\"https:\\\/\\\/jm-metropole.com.br\\\/site\\\/#organization\",\"name\":\"Jornal Metr\u00f3pole\",\"url\":\"https:\\\/\\\/jm-metropole.com.br\\\/site\\\/\",\"logo\":{\"@type\":\"ImageObject\",\"inLanguage\":\"pt-BR\",\"@id\":\"https:\\\/\\\/jm-metropole.com.br\\\/site\\\/#\\\/schema\\\/logo\\\/image\\\/\",\"url\":\"https:\\\/\\\/jm-metropole.com.br\\\/site\\\/wp-content\\\/uploads\\\/2026\\\/05\\\/LOGO-JM-scaled.jpg\",\"contentUrl\":\"https:\\\/\\\/jm-metropole.com.br\\\/site\\\/wp-content\\\/uploads\\\/2026\\\/05\\\/LOGO-JM-scaled.jpg\",\"width\":2560,\"height\":2498,\"caption\":\"Jornal Metr\u00f3pole\"},\"image\":{\"@id\":\"https:\\\/\\\/jm-metropole.com.br\\\/site\\\/#\\\/schema\\\/logo\\\/image\\\/\"},\"sameAs\":[\"https:\\\/\\\/www.facebook.com\\\/jm.metropole\",\"https:\\\/\\\/www.instagram.com\\\/jm.metropole\\\/\"]},{\"@type\":\"Person\",\"@id\":\"https:\\\/\\\/jm-metropole.com.br\\\/site\\\/#\\\/schema\\\/person\\\/a438c77cefcef76c8ddbe3dcc9b238fc\",\"name\":\"Jornal Metr\u00f3pole\",\"sameAs\":[\"https:\\\/\\\/jm-metropole.com.br\\\/site\"],\"url\":\"https:\\\/\\\/jm-metropole.com.br\\\/site\\\/author\\\/admin\\\/\"}]}<\/script>\n<!-- \/ Yoast SEO plugin. -->","yoast_head_json":{"title":"Saspe abre 80 vagas para curso pr\u00e9-vestibular com foco no Enem e em processos seletivos - Jornal Metr\u00f3pole","robots":{"index":"index","follow":"follow","max-snippet":"max-snippet:-1","max-image-preview":"max-image-preview:large","max-video-preview":"max-video-preview:-1"},"canonical":"https:\/\/jm-metropole.com.br\/site\/saspe-abre-80-vagas-para-curso-pre-vestibular-com-foco-no-enem-e-em-processos-seletivos\/","og_locale":"pt_BR","og_type":"article","og_title":"Saspe abre 80 vagas para curso pr\u00e9-vestibular com foco no Enem e em processos seletivos - Jornal Metr\u00f3pole","og_description":"Inscri\u00e7\u00f5es come\u00e7am em 8 de setembro (ter\u00e7a-feira) e forma\u00e7\u00e3o ter\u00e1 46 horas de aulas com revis\u00e3o de conte\u00fados, reda\u00e7\u00e3o e resolu\u00e7\u00e3o de quest\u00f5es O Servi\u00e7o de A\u00e7\u00e3o Social e Projetos Especiais (Saspe) abre, a partir da pr\u00f3xima ter\u00e7a-feira (08\/09), as inscri\u00e7\u00f5es para 80 vagas do curso pr\u00e9-vestibular voltado \u00e0 prepara\u00e7\u00e3o de estudantes para o Exame [&hellip;]","og_url":"https:\/\/jm-metropole.com.br\/site\/saspe-abre-80-vagas-para-curso-pre-vestibular-com-foco-no-enem-e-em-processos-seletivos\/","og_site_name":"Jornal Metr\u00f3pole","article_publisher":"https:\/\/www.facebook.com\/jm.metropole","article_published_time":"2026-09-03T13:29:00+00:00","og_image":[{"width":1600,"height":1066,"url":"https:\/\/jm-metropole.com.br\/site\/wp-content\/uploads\/2026\/09\/WhatsApp-Image-2026-09-02-at-17.19.09.jpeg","type":"image\/jpeg"}],"author":"Jornal Metr\u00f3pole","twitter_card":"summary_large_image","twitter_misc":{"Escrito por":"Jornal Metr\u00f3pole","Est. tempo de leitura":"3 minutos"},"schema":{"@context":"https:\/\/schema.org","@graph":[{"@type":"Article","@id":"https:\/\/jm-metropole.com.br\/site\/saspe-abre-80-vagas-para-curso-pre-vestibular-com-foco-no-enem-e-em-processos-seletivos\/#article","isPartOf":{"@id":"https:\/\/jm-metropole.com.br\/site\/saspe-abre-80-vagas-para-curso-pre-vestibular-com-foco-no-enem-e-em-processos-seletivos\/"},"author":{"name":"Jornal Metr\u00f3pole","@id":"https:\/\/jm-metropole.com.br\/site\/#\/schema\/person\/a438c77cefcef76c8ddbe3dcc9b238fc"},"headline":"Saspe abre 80 vagas para curso pr\u00e9-vestibular com foco no Enem e em processos seletivos","datePublished":"2026-09-03T13:29:00+00:00","mainEntityOfPage":{"@id":"https:\/\/jm-metropole.com.br\/site\/saspe-abre-80-vagas-para-curso-pre-vestibular-com-foco-no-enem-e-em-processos-seletivos\/"},"wordCount":505,"commentCount":0,"publisher":{"@id":"https:\/\/jm-metropole.com.br\/site\/#organization"},"image":{"@id":"https:\/\/jm-metropole.com.br\/site\/saspe-abre-80-vagas-para-curso-pre-vestibular-com-foco-no-enem-e-em-processos-seletivos\/#primaryimage"},"thumbnailUrl":"https:\/\/jm-metropole.com.br\/site\/wp-content\/uploads\/2026\/09\/WhatsApp-Image-2026-09-02-at-17.19.09.jpeg","articleSection":["Educa\u00e7\u00e3o","Suzano"],"inLanguage":"pt-BR","potentialAction":[{"@type":"CommentAction","name":"Comment","target":["https:\/\/jm-metropole.com.br\/site\/saspe-abre-80-vagas-para-curso-pre-vestibular-com-foco-no-enem-e-em-processos-seletivos\/#respond"]}]},{"@type":"WebPage","@id":"https:\/\/jm-metropole.com.br\/site\/saspe-abre-80-vagas-para-curso-pre-vestibular-com-foco-no-enem-e-em-processos-seletivos\/","url":"https:\/\/jm-metropole.com.br\/site\/saspe-abre-80-vagas-para-curso-pre-vestibular-com-foco-no-enem-e-em-processos-seletivos\/","name":"Saspe abre 80 vagas para curso pr\u00e9-vestibular com foco no Enem e em processos seletivos - Jornal Metr\u00f3pole","isPartOf":{"@id":"https:\/\/jm-metropole.com.br\/site\/#website"},"primaryImageOfPage":{"@id":"https:\/\/jm-metropole.com.br\/site\/saspe-abre-80-vagas-para-curso-pre-vestibular-com-foco-no-enem-e-em-processos-seletivos\/#primaryimage"},"image":{"@id":"https:\/\/jm-metropole.com.br\/site\/saspe-abre-80-vagas-para-curso-pre-vestibular-com-foco-no-enem-e-em-processos-seletivos\/#primaryimage"},"thumbnailUrl":"https:\/\/jm-metropole.com.br\/site\/wp-content\/uploads\/2026\/09\/WhatsApp-Image-2026-09-02-at-17.19.09.jpeg","datePublished":"2026-09-03T13:29:00+00:00","breadcrumb":{"@id":"https:\/\/jm-metropole.com.br\/site\/saspe-abre-80-vagas-para-curso-pre-vestibular-com-foco-no-enem-e-em-processos-seletivos\/#breadcrumb"},"inLanguage":"pt-BR","potentialAction":[{"@type":"ReadAction","target":["https:\/\/jm-metropole.com.br\/site\/saspe-abre-80-vagas-para-curso-pre-vestibular-com-foco-no-enem-e-em-processos-seletivos\/"]}]},{"@type":"ImageObject","inLanguage":"pt-BR","@id":"https:\/\/jm-metropole.com.br\/site\/saspe-abre-80-vagas-para-curso-pre-vestibular-com-foco-no-enem-e-em-processos-seletivos\/#primaryimage","url":"https:\/\/jm-metropole.com.br\/site\/wp-content\/uploads\/2026\/09\/WhatsApp-Image-2026-09-02-at-17.19.09.jpeg","contentUrl":"https:\/\/jm-metropole.com.br\/site\/wp-content\/uploads\/2026\/09\/WhatsApp-Image-2026-09-02-at-17.19.09.jpeg","width":1600,"height":1066},{"@type":"BreadcrumbList","@id":"https:\/\/jm-metropole.com.br\/site\/saspe-abre-80-vagas-para-curso-pre-vestibular-com-foco-no-enem-e-em-processos-seletivos\/#breadcrumb","itemListElement":[{"@type":"ListItem","position":1,"name":"In\u00edcio","item":"https:\/\/jm-metropole.com.br\/site\/"},{"@type":"ListItem","position":2,"name":"Saspe abre 80 vagas para curso pr\u00e9-vestibular com foco no Enem e em processos seletivos"}]},{"@type":"WebSite","@id":"https:\/\/jm-metropole.com.br\/site\/#website","url":"https:\/\/jm-metropole.com.br\/site\/","name":"Jornal Metr\u00f3pole","description":"Alto Tiet\u00ea e Regi\u00e3o","publisher":{"@id":"https:\/\/jm-metropole.com.br\/site\/#organization"},"potentialAction":[{"@type":"SearchAction","target":{"@type":"EntryPoint","urlTemplate":"https:\/\/jm-metropole.com.br\/site\/?s={search_term_string}"},"query-input":{"@type":"PropertyValueSpecification","valueRequired":true,"valueName":"search_term_string"}}],"inLanguage":"pt-BR"},{"@type":"Organization","@id":"https:\/\/jm-metropole.com.br\/site\/#organization","name":"Jornal Metr\u00f3pole","url":"https:\/\/jm-metropole.com.br\/site\/","logo":{"@type":"ImageObject","inLanguage":"pt-BR","@id":"https:\/\/jm-metropole.com.br\/site\/#\/schema\/logo\/image\/","url":"https:\/\/jm-metropole.com.br\/site\/wp-content\/uploads\/2026\/05\/LOGO-JM-scaled.jpg","contentUrl":"https:\/\/jm-metropole.com.br\/site\/wp-content\/uploads\/2026\/05\/LOGO-JM-scaled.jpg","width":2560,"height":2498,"caption":"Jornal Metr\u00f3pole"},"image":{"@id":"https:\/\/jm-metropole.com.br\/site\/#\/schema\/logo\/image\/"},"sameAs":["https:\/\/www.facebook.com\/jm.metropole","https:\/\/www.instagram.com\/jm.metropole\/"]},{"@type":"Person","@id":"https:\/\/jm-metropole.com.br\/site\/#\/schema\/person\/a438c77cefcef76c8ddbe3dcc9b238fc","name":"Jornal Metr\u00f3pole","sameAs":["https:\/\/jm-metropole.com.br\/site"],"url":"https:\/\/jm-metropole.com.br\/site\/author\/admin\/"}]}},"_links":{"self":[{"href":"https:\/\/jm-metropole.com.br\/site\/wp-json\/wp\/v2\/posts\/32485","targetHints":{"allow":["GET"]}}],"collection":[{"href":"https:\/\/jm-metropole.com.br\/site\/wp-json\/wp\/v2\/posts"}],"about":[{"href":"https:\/\/jm-metropole.com.br\/site\/wp-json\/wp\/v2\/types\/post"}],"author":[{"embeddable":true,"href":"https:\/\/jm-metropole.com.br\/site\/wp-json\/wp\/v2\/users\/1"}],"replies":[{"embeddable":true,"href":"https:\/\/jm-metropole.com.br\/site\/wp-json\/wp\/v2\/comments?post=32485"}],"version-history":[{"count":1,"href":"https:\/\/jm-metropole.com.br\/site\/wp-json\/wp\/v2\/posts\/32485\/revisions"}],"predecessor-version":[{"id":32487,"href":"https:\/\/jm-metropole.com.br\/site\/wp-json\/wp\/v2\/posts\/32485\/revisions\/32487"}],"wp:featuredmedia":[{"embeddable":true,"href":"https:\/\/jm-metropole.com.br\/site\/wp-json\/wp\/v2\/media\/32486"}],"wp:attachment":[{"href":"https:\/\/jm-metropole.com.br\/site\/wp-json\/wp\/v2\/media?parent=32485"}],"wp:term":[{"taxonomy":"category","embeddable":true,"href":"https:\/\/jm-metropole.com.br\/site\/wp-json\/wp\/v2\/categories?post=32485"},{"taxonomy":"post_tag","embeddable":true,"href":"https:\/\/jm-metropole.com.br\/site\/wp-json\/wp\/v2\/tags?post=32485"}],"curies":[{"name":"wp","href":"https:\/\/api.w.org\/{rel}","templated":true}]}}