{"id":32482,"date":"2026-09-02T16:35:04","date_gmt":"2026-09-02T19:35:04","guid":{"rendered":"https:\/\/jm-metropole.com.br\/site\/?p=32482"},"modified":"2026-09-02T16:35:04","modified_gmt":"2026-09-02T19:35:04","slug":"primeiro-mes-da-estacao-ecoenergia-arrecada-mais-de-700-kg-de-reciclaveis-em-aruja","status":"publish","type":"post","link":"https:\/\/jm-metropole.com.br\/site\/primeiro-mes-da-estacao-ecoenergia-arrecada-mais-de-700-kg-de-reciclaveis-em-aruja\/","title":{"rendered":"PRIMEIRO M\u00caS DA &#8220;ESTA\u00c7\u00c3O ECOENERGIA&#8221; ARRECADA MAIS DE 700 KG DE RECICL\u00c1VEIS EM ARUJ\u00c1"},"content":{"rendered":"<p dir=\"ltr\" style=\"text-align: justify;\">Balan\u00e7o divulgado pelo Fundo Social de Solidariedade mostra 724 kg de materiais coletados em quatro retiradas ao longo de agosto<\/p>\n<p dir=\"ltr\" style=\"text-align: justify;\">O Fundo Social de Solidariedade de Aruj\u00e1, em parceria com a Neoenergia Elektro e a Cooperativa de Catadores de Aruj\u00e1 (CORA), divulgou o primeiro balan\u00e7o oficial do projeto do terminal de autoatendimento da &#8220;Esta\u00e7\u00e3o EcoEnergia&#8221;, instalado no Supermercado Styllus Center, na \u00e1rea central da cidade. Durante o m\u00eas de agosto, a iniciativa arrecadou um total de 724 kg de materiais recicl\u00e1veis p\u00f3s-consumo, distribu\u00eddos em 15 sacos coletados. A a\u00e7\u00e3o, pioneira no Alto Tiet\u00ea, foi lan\u00e7ada em 30 de julho e permite que os moradores depositem res\u00edduos limpos, como garrafas PET, latas de alum\u00ednio, embalagens de vidro e caixas longa vida, recebendo cr\u00e9ditos que abatem diretamente o valor da fatura de energia el\u00e9trica.<\/p>\n<p dir=\"ltr\" style=\"text-align: justify;\"><img loading=\"lazy\" decoding=\"async\" class=\"size-medium wp-image-32445 alignright\" src=\"https:\/\/jm-metropole.com.br\/site\/wp-content\/uploads\/2026\/09\/WhatsApp-Image-2026-09-02-at-13.27.51-1-300x169.jpeg\" alt=\"\" width=\"300\" height=\"169\" srcset=\"https:\/\/jm-metropole.com.br\/site\/wp-content\/uploads\/2026\/09\/WhatsApp-Image-2026-09-02-at-13.27.51-1-300x169.jpeg 300w, https:\/\/jm-metropole.com.br\/site\/wp-content\/uploads\/2026\/09\/WhatsApp-Image-2026-09-02-at-13.27.51-1-1024x576.jpeg 1024w, https:\/\/jm-metropole.com.br\/site\/wp-content\/uploads\/2026\/09\/WhatsApp-Image-2026-09-02-at-13.27.51-1-768x432.jpeg 768w, https:\/\/jm-metropole.com.br\/site\/wp-content\/uploads\/2026\/09\/WhatsApp-Image-2026-09-02-at-13.27.51-1-1536x864.jpeg 1536w, https:\/\/jm-metropole.com.br\/site\/wp-content\/uploads\/2026\/09\/WhatsApp-Image-2026-09-02-at-13.27.51-1-150x84.jpeg 150w, https:\/\/jm-metropole.com.br\/site\/wp-content\/uploads\/2026\/09\/WhatsApp-Image-2026-09-02-at-13.27.51-1-600x338.jpeg 600w, https:\/\/jm-metropole.com.br\/site\/wp-content\/uploads\/2026\/09\/WhatsApp-Image-2026-09-02-at-13.27.51-1-696x392.jpeg 696w, https:\/\/jm-metropole.com.br\/site\/wp-content\/uploads\/2026\/09\/WhatsApp-Image-2026-09-02-at-13.27.51-1-1392x783.jpeg 1392w, https:\/\/jm-metropole.com.br\/site\/wp-content\/uploads\/2026\/09\/WhatsApp-Image-2026-09-02-at-13.27.51-1-1068x601.jpeg 1068w, https:\/\/jm-metropole.com.br\/site\/wp-content\/uploads\/2026\/09\/WhatsApp-Image-2026-09-02-at-13.27.51-1-747x420.jpeg 747w, https:\/\/jm-metropole.com.br\/site\/wp-content\/uploads\/2026\/09\/WhatsApp-Image-2026-09-02-at-13.27.51-1-1493x840.jpeg 1493w, https:\/\/jm-metropole.com.br\/site\/wp-content\/uploads\/2026\/09\/WhatsApp-Image-2026-09-02-at-13.27.51-1.jpeg 1600w\" sizes=\"auto, (max-width: 300px) 100vw, 300px\" \/>De acordo com a CORA, os recolhimentos ocorreram de forma cont\u00ednua ao longo do m\u00eas. A primeira retirada levou 124,6 kg (dois sacos) para a cooperativa. Na sequ\u00eancia, a primeira coleta oficial, em 5 de agosto, registrou 35 kg (um saco), seguida pela segunda coleta, em 10 de agosto, com 170 kg (dois sacos), a terceira, em 17 de agosto, com 157,5 kg (cinco sacos), e a quarta, em 25 de agosto, com 237 kg (cinco sacos), consolidando o total de 724 kg encaminhados para a reciclagem.<\/p>\n<p dir=\"ltr\" style=\"text-align: justify;\">Al\u00e9m da redu\u00e7\u00e3o nos custos com energia el\u00e9trica para a popula\u00e7\u00e3o, todo o material arrecadado \u00e9 destinado integralmente \u00e0 CORA, fortalecendo a cadeia da coleta seletiva no munic\u00edpio e apoiando a gera\u00e7\u00e3o de emprego e renda para 21 fam\u00edlias cooperadas.<\/p>\n<p dir=\"ltr\" style=\"text-align: justify;\">A presidente em exerc\u00edcio do Fundo Social de Solidariedade de Aruj\u00e1, Monalisa Ventura, destacou o sucesso da ades\u00e3o e o impacto socioambiental positivo da iniciativa, celebrando que a popula\u00e7\u00e3o &#8220;abra\u00e7ou&#8221; o projeto e ressaltando que o novo equipamento veio para somar aos programas ambientais da cidade, incentivando o descarte correto e trazendo al\u00edvio financeiro no or\u00e7amento das fam\u00edlias.<\/p>\n<p dir=\"ltr\" style=\"text-align: justify;\">Para participar e continuar gerando cr\u00e9ditos na conta de luz, os moradores podem utilizar o terminal interativo, diariamente, no Supermercado Styllus Center, na Rua Major Benjamin Franco, 555, no Centro. O processo \u00e9 simples: basta realizar um cadastro r\u00e1pido na tela do equipamento e depositar as embalagens, sendo poss\u00edvel cadastrar at\u00e9 25 itens por dia para a gera\u00e7\u00e3o de descontos na fatura.<\/p>\n<p dir=\"ltr\" style=\"text-align: justify;\">Os itens devem estar obrigatoriamente higienizados, secos e inteiros, com o c\u00f3digo de barras perfeitamente leg\u00edvel para a valida\u00e7\u00e3o pelo sistema \u2014 o que exige manter os r\u00f3tulos nas garrafas PET e n\u00e3o amassar as latas de alum\u00ednio. Entregas que excedam a cota di\u00e1ria de 25 unidades continuam sendo integralmente encaminhadas para a reciclagem, embora n\u00e3o gerem cr\u00e9ditos adicionais para aquela mesma data.<\/p>\n","protected":false},"excerpt":{"rendered":"<p>Balan\u00e7o divulgado pelo Fundo Social de Solidariedade mostra 724 kg de materiais coletados em quatro retiradas ao longo de agosto O Fundo Social de Solidariedade de Aruj\u00e1, em parceria com a Neoenergia Elektro e a Cooperativa de Catadores de Aruj\u00e1 (CORA), divulgou o primeiro balan\u00e7o oficial do projeto do terminal de autoatendimento da &#8220;Esta\u00e7\u00e3o EcoEnergia&#8221;, [&hellip;]<\/p>\n","protected":false},"author":1,"featured_media":32446,"comment_status":"open","ping_status":"open","sticky":false,"template":"","format":"standard","meta":{"footnotes":""},"categories":[4,32],"tags":[],"class_list":["post-32482","post","type-post","status-publish","format-standard","has-post-thumbnail","category-aruja","category-meio-ambiente"],"yoast_head":"<!-- This site is optimized with the Yoast SEO plugin v27.6 - https:\/\/yoast.com\/product\/yoast-seo-wordpress\/ -->\n<title>PRIMEIRO M\u00caS DA &quot;ESTA\u00c7\u00c3O ECOENERGIA&quot; ARRECADA MAIS DE 700 KG DE RECICL\u00c1VEIS EM ARUJ\u00c1 - Jornal Metr\u00f3pole<\/title>\n<meta name=\"robots\" content=\"index, follow, max-snippet:-1, max-image-preview:large, max-video-preview:-1\" \/>\n<link rel=\"canonical\" href=\"https:\/\/jm-metropole.com.br\/site\/primeiro-mes-da-estacao-ecoenergia-arrecada-mais-de-700-kg-de-reciclaveis-em-aruja\/\" \/>\n<meta property=\"og:locale\" content=\"pt_BR\" \/>\n<meta property=\"og:type\" content=\"article\" \/>\n<meta property=\"og:title\" content=\"PRIMEIRO M\u00caS DA &quot;ESTA\u00c7\u00c3O ECOENERGIA&quot; ARRECADA MAIS DE 700 KG DE RECICL\u00c1VEIS EM ARUJ\u00c1 - Jornal Metr\u00f3pole\" \/>\n<meta property=\"og:description\" content=\"Balan\u00e7o divulgado pelo Fundo Social de Solidariedade mostra 724 kg de materiais coletados em quatro retiradas ao longo de agosto O Fundo Social de Solidariedade de Aruj\u00e1, em parceria com a Neoenergia Elektro e a Cooperativa de Catadores de Aruj\u00e1 (CORA), divulgou o primeiro balan\u00e7o oficial do projeto do terminal de autoatendimento da &#8220;Esta\u00e7\u00e3o EcoEnergia&#8221;, [&hellip;]\" \/>\n<meta property=\"og:url\" content=\"https:\/\/jm-metropole.com.br\/site\/primeiro-mes-da-estacao-ecoenergia-arrecada-mais-de-700-kg-de-reciclaveis-em-aruja\/\" \/>\n<meta property=\"og:site_name\" content=\"Jornal Metr\u00f3pole\" \/>\n<meta property=\"article:publisher\" content=\"https:\/\/www.facebook.com\/jm.metropole\" \/>\n<meta property=\"article:published_time\" content=\"2026-09-02T19:35:04+00:00\" \/>\n<meta property=\"og:image\" content=\"https:\/\/jm-metropole.com.br\/site\/wp-content\/uploads\/2026\/09\/WhatsApp-Image-2026-09-02-at-13.27.51.jpeg\" \/>\n\t<meta property=\"og:image:width\" content=\"1600\" \/>\n\t<meta property=\"og:image:height\" content=\"1067\" \/>\n\t<meta property=\"og:image:type\" content=\"image\/jpeg\" \/>\n<meta name=\"author\" content=\"Jornal Metr\u00f3pole\" \/>\n<meta name=\"twitter:card\" content=\"summary_large_image\" \/>\n<meta name=\"twitter:label1\" content=\"Escrito por\" \/>\n\t<meta name=\"twitter:data1\" content=\"Jornal Metr\u00f3pole\" \/>\n\t<meta name=\"twitter:label2\" content=\"Est. tempo de leitura\" \/>\n\t<meta name=\"twitter:data2\" content=\"3 minutos\" \/>\n<script type=\"application\/ld+json\" class=\"yoast-schema-graph\">{\"@context\":\"https:\\\/\\\/schema.org\",\"@graph\":[{\"@type\":\"Article\",\"@id\":\"https:\\\/\\\/jm-metropole.com.br\\\/site\\\/primeiro-mes-da-estacao-ecoenergia-arrecada-mais-de-700-kg-de-reciclaveis-em-aruja\\\/#article\",\"isPartOf\":{\"@id\":\"https:\\\/\\\/jm-metropole.com.br\\\/site\\\/primeiro-mes-da-estacao-ecoenergia-arrecada-mais-de-700-kg-de-reciclaveis-em-aruja\\\/\"},\"author\":{\"name\":\"Jornal Metr\u00f3pole\",\"@id\":\"https:\\\/\\\/jm-metropole.com.br\\\/site\\\/#\\\/schema\\\/person\\\/a438c77cefcef76c8ddbe3dcc9b238fc\"},\"headline\":\"PRIMEIRO M\u00caS DA &#8220;ESTA\u00c7\u00c3O ECOENERGIA&#8221; ARRECADA MAIS DE 700 KG DE RECICL\u00c1VEIS EM ARUJ\u00c1\",\"datePublished\":\"2026-09-02T19:35:04+00:00\",\"mainEntityOfPage\":{\"@id\":\"https:\\\/\\\/jm-metropole.com.br\\\/site\\\/primeiro-mes-da-estacao-ecoenergia-arrecada-mais-de-700-kg-de-reciclaveis-em-aruja\\\/\"},\"wordCount\":479,\"commentCount\":0,\"publisher\":{\"@id\":\"https:\\\/\\\/jm-metropole.com.br\\\/site\\\/#organization\"},\"image\":{\"@id\":\"https:\\\/\\\/jm-metropole.com.br\\\/site\\\/primeiro-mes-da-estacao-ecoenergia-arrecada-mais-de-700-kg-de-reciclaveis-em-aruja\\\/#primaryimage\"},\"thumbnailUrl\":\"https:\\\/\\\/jm-metropole.com.br\\\/site\\\/wp-content\\\/uploads\\\/2026\\\/09\\\/WhatsApp-Image-2026-09-02-at-13.27.51.jpeg\",\"articleSection\":[\"Aruj\u00e1\",\"Meio Ambiente\"],\"inLanguage\":\"pt-BR\",\"potentialAction\":[{\"@type\":\"CommentAction\",\"name\":\"Comment\",\"target\":[\"https:\\\/\\\/jm-metropole.com.br\\\/site\\\/primeiro-mes-da-estacao-ecoenergia-arrecada-mais-de-700-kg-de-reciclaveis-em-aruja\\\/#respond\"]}]},{\"@type\":\"WebPage\",\"@id\":\"https:\\\/\\\/jm-metropole.com.br\\\/site\\\/primeiro-mes-da-estacao-ecoenergia-arrecada-mais-de-700-kg-de-reciclaveis-em-aruja\\\/\",\"url\":\"https:\\\/\\\/jm-metropole.com.br\\\/site\\\/primeiro-mes-da-estacao-ecoenergia-arrecada-mais-de-700-kg-de-reciclaveis-em-aruja\\\/\",\"name\":\"PRIMEIRO M\u00caS DA \\\"ESTA\u00c7\u00c3O ECOENERGIA\\\" ARRECADA MAIS DE 700 KG DE RECICL\u00c1VEIS EM ARUJ\u00c1 - Jornal Metr\u00f3pole\",\"isPartOf\":{\"@id\":\"https:\\\/\\\/jm-metropole.com.br\\\/site\\\/#website\"},\"primaryImageOfPage\":{\"@id\":\"https:\\\/\\\/jm-metropole.com.br\\\/site\\\/primeiro-mes-da-estacao-ecoenergia-arrecada-mais-de-700-kg-de-reciclaveis-em-aruja\\\/#primaryimage\"},\"image\":{\"@id\":\"https:\\\/\\\/jm-metropole.com.br\\\/site\\\/primeiro-mes-da-estacao-ecoenergia-arrecada-mais-de-700-kg-de-reciclaveis-em-aruja\\\/#primaryimage\"},\"thumbnailUrl\":\"https:\\\/\\\/jm-metropole.com.br\\\/site\\\/wp-content\\\/uploads\\\/2026\\\/09\\\/WhatsApp-Image-2026-09-02-at-13.27.51.jpeg\",\"datePublished\":\"2026-09-02T19:35:04+00:00\",\"breadcrumb\":{\"@id\":\"https:\\\/\\\/jm-metropole.com.br\\\/site\\\/primeiro-mes-da-estacao-ecoenergia-arrecada-mais-de-700-kg-de-reciclaveis-em-aruja\\\/#breadcrumb\"},\"inLanguage\":\"pt-BR\",\"potentialAction\":[{\"@type\":\"ReadAction\",\"target\":[\"https:\\\/\\\/jm-metropole.com.br\\\/site\\\/primeiro-mes-da-estacao-ecoenergia-arrecada-mais-de-700-kg-de-reciclaveis-em-aruja\\\/\"]}]},{\"@type\":\"ImageObject\",\"inLanguage\":\"pt-BR\",\"@id\":\"https:\\\/\\\/jm-metropole.com.br\\\/site\\\/primeiro-mes-da-estacao-ecoenergia-arrecada-mais-de-700-kg-de-reciclaveis-em-aruja\\\/#primaryimage\",\"url\":\"https:\\\/\\\/jm-metropole.com.br\\\/site\\\/wp-content\\\/uploads\\\/2026\\\/09\\\/WhatsApp-Image-2026-09-02-at-13.27.51.jpeg\",\"contentUrl\":\"https:\\\/\\\/jm-metropole.com.br\\\/site\\\/wp-content\\\/uploads\\\/2026\\\/09\\\/WhatsApp-Image-2026-09-02-at-13.27.51.jpeg\",\"width\":1600,\"height\":1067},{\"@type\":\"BreadcrumbList\",\"@id\":\"https:\\\/\\\/jm-metropole.com.br\\\/site\\\/primeiro-mes-da-estacao-ecoenergia-arrecada-mais-de-700-kg-de-reciclaveis-em-aruja\\\/#breadcrumb\",\"itemListElement\":[{\"@type\":\"ListItem\",\"position\":1,\"name\":\"In\u00edcio\",\"item\":\"https:\\\/\\\/jm-metropole.com.br\\\/site\\\/\"},{\"@type\":\"ListItem\",\"position\":2,\"name\":\"PRIMEIRO M\u00caS DA &#8220;ESTA\u00c7\u00c3O ECOENERGIA&#8221; ARRECADA MAIS DE 700 KG DE RECICL\u00c1VEIS EM ARUJ\u00c1\"}]},{\"@type\":\"WebSite\",\"@id\":\"https:\\\/\\\/jm-metropole.com.br\\\/site\\\/#website\",\"url\":\"https:\\\/\\\/jm-metropole.com.br\\\/site\\\/\",\"name\":\"Jornal Metr\u00f3pole\",\"description\":\"Alto Tiet\u00ea e Regi\u00e3o\",\"publisher\":{\"@id\":\"https:\\\/\\\/jm-metropole.com.br\\\/site\\\/#organization\"},\"potentialAction\":[{\"@type\":\"SearchAction\",\"target\":{\"@type\":\"EntryPoint\",\"urlTemplate\":\"https:\\\/\\\/jm-metropole.com.br\\\/site\\\/?s={search_term_string}\"},\"query-input\":{\"@type\":\"PropertyValueSpecification\",\"valueRequired\":true,\"valueName\":\"search_term_string\"}}],\"inLanguage\":\"pt-BR\"},{\"@type\":\"Organization\",\"@id\":\"https:\\\/\\\/jm-metropole.com.br\\\/site\\\/#organization\",\"name\":\"Jornal Metr\u00f3pole\",\"url\":\"https:\\\/\\\/jm-metropole.com.br\\\/site\\\/\",\"logo\":{\"@type\":\"ImageObject\",\"inLanguage\":\"pt-BR\",\"@id\":\"https:\\\/\\\/jm-metropole.com.br\\\/site\\\/#\\\/schema\\\/logo\\\/image\\\/\",\"url\":\"https:\\\/\\\/jm-metropole.com.br\\\/site\\\/wp-content\\\/uploads\\\/2026\\\/05\\\/LOGO-JM-scaled.jpg\",\"contentUrl\":\"https:\\\/\\\/jm-metropole.com.br\\\/site\\\/wp-content\\\/uploads\\\/2026\\\/05\\\/LOGO-JM-scaled.jpg\",\"width\":2560,\"height\":2498,\"caption\":\"Jornal Metr\u00f3pole\"},\"image\":{\"@id\":\"https:\\\/\\\/jm-metropole.com.br\\\/site\\\/#\\\/schema\\\/logo\\\/image\\\/\"},\"sameAs\":[\"https:\\\/\\\/www.facebook.com\\\/jm.metropole\",\"https:\\\/\\\/www.instagram.com\\\/jm.metropole\\\/\"]},{\"@type\":\"Person\",\"@id\":\"https:\\\/\\\/jm-metropole.com.br\\\/site\\\/#\\\/schema\\\/person\\\/a438c77cefcef76c8ddbe3dcc9b238fc\",\"name\":\"Jornal Metr\u00f3pole\",\"sameAs\":[\"https:\\\/\\\/jm-metropole.com.br\\\/site\"],\"url\":\"https:\\\/\\\/jm-metropole.com.br\\\/site\\\/author\\\/admin\\\/\"}]}<\/script>\n<!-- \/ Yoast SEO plugin. -->","yoast_head_json":{"title":"PRIMEIRO M\u00caS DA \"ESTA\u00c7\u00c3O ECOENERGIA\" ARRECADA MAIS DE 700 KG DE RECICL\u00c1VEIS EM ARUJ\u00c1 - Jornal Metr\u00f3pole","robots":{"index":"index","follow":"follow","max-snippet":"max-snippet:-1","max-image-preview":"max-image-preview:large","max-video-preview":"max-video-preview:-1"},"canonical":"https:\/\/jm-metropole.com.br\/site\/primeiro-mes-da-estacao-ecoenergia-arrecada-mais-de-700-kg-de-reciclaveis-em-aruja\/","og_locale":"pt_BR","og_type":"article","og_title":"PRIMEIRO M\u00caS DA \"ESTA\u00c7\u00c3O ECOENERGIA\" ARRECADA MAIS DE 700 KG DE RECICL\u00c1VEIS EM ARUJ\u00c1 - Jornal Metr\u00f3pole","og_description":"Balan\u00e7o divulgado pelo Fundo Social de Solidariedade mostra 724 kg de materiais coletados em quatro retiradas ao longo de agosto O Fundo Social de Solidariedade de Aruj\u00e1, em parceria com a Neoenergia Elektro e a Cooperativa de Catadores de Aruj\u00e1 (CORA), divulgou o primeiro balan\u00e7o oficial do projeto do terminal de autoatendimento da &#8220;Esta\u00e7\u00e3o EcoEnergia&#8221;, [&hellip;]","og_url":"https:\/\/jm-metropole.com.br\/site\/primeiro-mes-da-estacao-ecoenergia-arrecada-mais-de-700-kg-de-reciclaveis-em-aruja\/","og_site_name":"Jornal Metr\u00f3pole","article_publisher":"https:\/\/www.facebook.com\/jm.metropole","article_published_time":"2026-09-02T19:35:04+00:00","og_image":[{"width":1600,"height":1067,"url":"https:\/\/jm-metropole.com.br\/site\/wp-content\/uploads\/2026\/09\/WhatsApp-Image-2026-09-02-at-13.27.51.jpeg","type":"image\/jpeg"}],"author":"Jornal Metr\u00f3pole","twitter_card":"summary_large_image","twitter_misc":{"Escrito por":"Jornal Metr\u00f3pole","Est. tempo de leitura":"3 minutos"},"schema":{"@context":"https:\/\/schema.org","@graph":[{"@type":"Article","@id":"https:\/\/jm-metropole.com.br\/site\/primeiro-mes-da-estacao-ecoenergia-arrecada-mais-de-700-kg-de-reciclaveis-em-aruja\/#article","isPartOf":{"@id":"https:\/\/jm-metropole.com.br\/site\/primeiro-mes-da-estacao-ecoenergia-arrecada-mais-de-700-kg-de-reciclaveis-em-aruja\/"},"author":{"name":"Jornal Metr\u00f3pole","@id":"https:\/\/jm-metropole.com.br\/site\/#\/schema\/person\/a438c77cefcef76c8ddbe3dcc9b238fc"},"headline":"PRIMEIRO M\u00caS DA &#8220;ESTA\u00c7\u00c3O ECOENERGIA&#8221; ARRECADA MAIS DE 700 KG DE RECICL\u00c1VEIS EM ARUJ\u00c1","datePublished":"2026-09-02T19:35:04+00:00","mainEntityOfPage":{"@id":"https:\/\/jm-metropole.com.br\/site\/primeiro-mes-da-estacao-ecoenergia-arrecada-mais-de-700-kg-de-reciclaveis-em-aruja\/"},"wordCount":479,"commentCount":0,"publisher":{"@id":"https:\/\/jm-metropole.com.br\/site\/#organization"},"image":{"@id":"https:\/\/jm-metropole.com.br\/site\/primeiro-mes-da-estacao-ecoenergia-arrecada-mais-de-700-kg-de-reciclaveis-em-aruja\/#primaryimage"},"thumbnailUrl":"https:\/\/jm-metropole.com.br\/site\/wp-content\/uploads\/2026\/09\/WhatsApp-Image-2026-09-02-at-13.27.51.jpeg","articleSection":["Aruj\u00e1","Meio Ambiente"],"inLanguage":"pt-BR","potentialAction":[{"@type":"CommentAction","name":"Comment","target":["https:\/\/jm-metropole.com.br\/site\/primeiro-mes-da-estacao-ecoenergia-arrecada-mais-de-700-kg-de-reciclaveis-em-aruja\/#respond"]}]},{"@type":"WebPage","@id":"https:\/\/jm-metropole.com.br\/site\/primeiro-mes-da-estacao-ecoenergia-arrecada-mais-de-700-kg-de-reciclaveis-em-aruja\/","url":"https:\/\/jm-metropole.com.br\/site\/primeiro-mes-da-estacao-ecoenergia-arrecada-mais-de-700-kg-de-reciclaveis-em-aruja\/","name":"PRIMEIRO M\u00caS DA \"ESTA\u00c7\u00c3O ECOENERGIA\" ARRECADA MAIS DE 700 KG DE RECICL\u00c1VEIS EM ARUJ\u00c1 - Jornal Metr\u00f3pole","isPartOf":{"@id":"https:\/\/jm-metropole.com.br\/site\/#website"},"primaryImageOfPage":{"@id":"https:\/\/jm-metropole.com.br\/site\/primeiro-mes-da-estacao-ecoenergia-arrecada-mais-de-700-kg-de-reciclaveis-em-aruja\/#primaryimage"},"image":{"@id":"https:\/\/jm-metropole.com.br\/site\/primeiro-mes-da-estacao-ecoenergia-arrecada-mais-de-700-kg-de-reciclaveis-em-aruja\/#primaryimage"},"thumbnailUrl":"https:\/\/jm-metropole.com.br\/site\/wp-content\/uploads\/2026\/09\/WhatsApp-Image-2026-09-02-at-13.27.51.jpeg","datePublished":"2026-09-02T19:35:04+00:00","breadcrumb":{"@id":"https:\/\/jm-metropole.com.br\/site\/primeiro-mes-da-estacao-ecoenergia-arrecada-mais-de-700-kg-de-reciclaveis-em-aruja\/#breadcrumb"},"inLanguage":"pt-BR","potentialAction":[{"@type":"ReadAction","target":["https:\/\/jm-metropole.com.br\/site\/primeiro-mes-da-estacao-ecoenergia-arrecada-mais-de-700-kg-de-reciclaveis-em-aruja\/"]}]},{"@type":"ImageObject","inLanguage":"pt-BR","@id":"https:\/\/jm-metropole.com.br\/site\/primeiro-mes-da-estacao-ecoenergia-arrecada-mais-de-700-kg-de-reciclaveis-em-aruja\/#primaryimage","url":"https:\/\/jm-metropole.com.br\/site\/wp-content\/uploads\/2026\/09\/WhatsApp-Image-2026-09-02-at-13.27.51.jpeg","contentUrl":"https:\/\/jm-metropole.com.br\/site\/wp-content\/uploads\/2026\/09\/WhatsApp-Image-2026-09-02-at-13.27.51.jpeg","width":1600,"height":1067},{"@type":"BreadcrumbList","@id":"https:\/\/jm-metropole.com.br\/site\/primeiro-mes-da-estacao-ecoenergia-arrecada-mais-de-700-kg-de-reciclaveis-em-aruja\/#breadcrumb","itemListElement":[{"@type":"ListItem","position":1,"name":"In\u00edcio","item":"https:\/\/jm-metropole.com.br\/site\/"},{"@type":"ListItem","position":2,"name":"PRIMEIRO M\u00caS DA &#8220;ESTA\u00c7\u00c3O ECOENERGIA&#8221; ARRECADA MAIS DE 700 KG DE RECICL\u00c1VEIS EM ARUJ\u00c1"}]},{"@type":"WebSite","@id":"https:\/\/jm-metropole.com.br\/site\/#website","url":"https:\/\/jm-metropole.com.br\/site\/","name":"Jornal Metr\u00f3pole","description":"Alto Tiet\u00ea e Regi\u00e3o","publisher":{"@id":"https:\/\/jm-metropole.com.br\/site\/#organization"},"potentialAction":[{"@type":"SearchAction","target":{"@type":"EntryPoint","urlTemplate":"https:\/\/jm-metropole.com.br\/site\/?s={search_term_string}"},"query-input":{"@type":"PropertyValueSpecification","valueRequired":true,"valueName":"search_term_string"}}],"inLanguage":"pt-BR"},{"@type":"Organization","@id":"https:\/\/jm-metropole.com.br\/site\/#organization","name":"Jornal Metr\u00f3pole","url":"https:\/\/jm-metropole.com.br\/site\/","logo":{"@type":"ImageObject","inLanguage":"pt-BR","@id":"https:\/\/jm-metropole.com.br\/site\/#\/schema\/logo\/image\/","url":"https:\/\/jm-metropole.com.br\/site\/wp-content\/uploads\/2026\/05\/LOGO-JM-scaled.jpg","contentUrl":"https:\/\/jm-metropole.com.br\/site\/wp-content\/uploads\/2026\/05\/LOGO-JM-scaled.jpg","width":2560,"height":2498,"caption":"Jornal Metr\u00f3pole"},"image":{"@id":"https:\/\/jm-metropole.com.br\/site\/#\/schema\/logo\/image\/"},"sameAs":["https:\/\/www.facebook.com\/jm.metropole","https:\/\/www.instagram.com\/jm.metropole\/"]},{"@type":"Person","@id":"https:\/\/jm-metropole.com.br\/site\/#\/schema\/person\/a438c77cefcef76c8ddbe3dcc9b238fc","name":"Jornal Metr\u00f3pole","sameAs":["https:\/\/jm-metropole.com.br\/site"],"url":"https:\/\/jm-metropole.com.br\/site\/author\/admin\/"}]}},"_links":{"self":[{"href":"https:\/\/jm-metropole.com.br\/site\/wp-json\/wp\/v2\/posts\/32482","targetHints":{"allow":["GET"]}}],"collection":[{"href":"https:\/\/jm-metropole.com.br\/site\/wp-json\/wp\/v2\/posts"}],"about":[{"href":"https:\/\/jm-metropole.com.br\/site\/wp-json\/wp\/v2\/types\/post"}],"author":[{"embeddable":true,"href":"https:\/\/jm-metropole.com.br\/site\/wp-json\/wp\/v2\/users\/1"}],"replies":[{"embeddable":true,"href":"https:\/\/jm-metropole.com.br\/site\/wp-json\/wp\/v2\/comments?post=32482"}],"version-history":[{"count":1,"href":"https:\/\/jm-metropole.com.br\/site\/wp-json\/wp\/v2\/posts\/32482\/revisions"}],"predecessor-version":[{"id":32483,"href":"https:\/\/jm-metropole.com.br\/site\/wp-json\/wp\/v2\/posts\/32482\/revisions\/32483"}],"wp:featuredmedia":[{"embeddable":true,"href":"https:\/\/jm-metropole.com.br\/site\/wp-json\/wp\/v2\/media\/32446"}],"wp:attachment":[{"href":"https:\/\/jm-metropole.com.br\/site\/wp-json\/wp\/v2\/media?parent=32482"}],"wp:term":[{"taxonomy":"category","embeddable":true,"href":"https:\/\/jm-metropole.com.br\/site\/wp-json\/wp\/v2\/categories?post=32482"},{"taxonomy":"post_tag","embeddable":true,"href":"https:\/\/jm-metropole.com.br\/site\/wp-json\/wp\/v2\/tags?post=32482"}],"curies":[{"name":"wp","href":"https:\/\/api.w.org\/{rel}","templated":true}]}}