{"id":32476,"date":"2026-09-02T16:18:38","date_gmt":"2026-09-02T19:18:38","guid":{"rendered":"https:\/\/jm-metropole.com.br\/site\/?p=32476"},"modified":"2026-09-02T16:18:38","modified_gmt":"2026-09-02T19:18:38","slug":"prefeitura-de-guararema-anuncia-programacao-do-aniversario-de-127-anos","status":"publish","type":"post","link":"https:\/\/jm-metropole.com.br\/site\/prefeitura-de-guararema-anuncia-programacao-do-aniversario-de-127-anos\/","title":{"rendered":"PREFEITURA DE GUARAREMA ANUNCIA PROGRAMA\u00c7\u00c3O DO ANIVERS\u00c1RIO DE 127 ANOS"},"content":{"rendered":"<p style=\"text-align: justify;\">Agenda tem atra\u00e7\u00f5es culturais, programa\u00e7\u00e3o esportiva, atividades para crian\u00e7as, lazer e iniciativas que valorizam a hist\u00f3ria e os talentos da cidade<\/p>\n<p style=\"text-align: justify;\">Guararema comemora 127 anos em setembro com programa\u00e7\u00e3o recheada de cultura, esporte, turismo e atividades para crian\u00e7as e fam\u00edlias durante todo o m\u00eas. Destaque para o 1\u00ba Passeio Cicl\u00edstico, o 6\u00ba Festival de Flores e Licores, competi\u00e7\u00f5es esportivas, exposi\u00e7\u00f5es, encontro de carros cl\u00e1ssicos, shows do Dia de Celebra\u00e7\u00e3o a Jesus Cristo e mais. A programa\u00e7\u00e3o integra as comemora\u00e7\u00f5es do anivers\u00e1rio, celebrado em 19 de setembro, sob o lema &#8220;Guararema 127 anos: Feita de hist\u00f3ria, impulsionada pelo futuro&#8221;.<\/p>\n<p style=\"text-align: justify;\">A programa\u00e7\u00e3o come\u00e7a \u00e0s 8h deste s\u00e1bado (5), com o Torneio de Beach Tennis, no Complexo Esportivo &#8220;Paulo Geanetti Machado&#8221;, no Centro. Tamb\u00e9m no s\u00e1bado, a partir das 20h, ocorre o concerto inaugural da Orquestra Sinf\u00f4nica de Guararema, no Cine Guararema, com retirada de ingressos na bilheteria a partir de duas horas antes.<\/p>\n<p style=\"text-align: justify;\">Entre os destaques est\u00e1 o 6\u00ba Festival de Flores e Licores, de 11 a 13 de setembro, no Parque de Lazer &#8220;Professora Deocl\u00e9sia de Almeida Mello&#8221;, com entrada gratuita e espa\u00e7o gastron\u00f4mico, venda de flores, licores e produtos artesanais, al\u00e9m de shows com m\u00fasica ao vivo. O evento ser\u00e1 acompanhado pela Feira Trama, Cor &amp; Arte, nos dias 12 e 13, no Museu Esta\u00e7\u00e3o Ferrovi\u00e1ria Guararema.<\/p>\n<p style=\"text-align: justify;\"><img loading=\"lazy\" decoding=\"async\" class=\"alignright size-medium wp-image-32453\" src=\"https:\/\/jm-metropole.com.br\/site\/wp-content\/uploads\/2026\/09\/WhatsApp-Image-2026-09-02-at-13.22.08-300x200.jpeg\" alt=\"\" width=\"300\" height=\"200\" srcset=\"https:\/\/jm-metropole.com.br\/site\/wp-content\/uploads\/2026\/09\/WhatsApp-Image-2026-09-02-at-13.22.08-300x200.jpeg 300w, https:\/\/jm-metropole.com.br\/site\/wp-content\/uploads\/2026\/09\/WhatsApp-Image-2026-09-02-at-13.22.08-1024x683.jpeg 1024w, https:\/\/jm-metropole.com.br\/site\/wp-content\/uploads\/2026\/09\/WhatsApp-Image-2026-09-02-at-13.22.08-768x512.jpeg 768w, https:\/\/jm-metropole.com.br\/site\/wp-content\/uploads\/2026\/09\/WhatsApp-Image-2026-09-02-at-13.22.08-1536x1024.jpeg 1536w, https:\/\/jm-metropole.com.br\/site\/wp-content\/uploads\/2026\/09\/WhatsApp-Image-2026-09-02-at-13.22.08-150x100.jpeg 150w, https:\/\/jm-metropole.com.br\/site\/wp-content\/uploads\/2026\/09\/WhatsApp-Image-2026-09-02-at-13.22.08-600x400.jpeg 600w, https:\/\/jm-metropole.com.br\/site\/wp-content\/uploads\/2026\/09\/WhatsApp-Image-2026-09-02-at-13.22.08-696x464.jpeg 696w, https:\/\/jm-metropole.com.br\/site\/wp-content\/uploads\/2026\/09\/WhatsApp-Image-2026-09-02-at-13.22.08-1392x928.jpeg 1392w, https:\/\/jm-metropole.com.br\/site\/wp-content\/uploads\/2026\/09\/WhatsApp-Image-2026-09-02-at-13.22.08-1068x712.jpeg 1068w, https:\/\/jm-metropole.com.br\/site\/wp-content\/uploads\/2026\/09\/WhatsApp-Image-2026-09-02-at-13.22.08-630x420.jpeg 630w, https:\/\/jm-metropole.com.br\/site\/wp-content\/uploads\/2026\/09\/WhatsApp-Image-2026-09-02-at-13.22.08-1260x840.jpeg 1260w, https:\/\/jm-metropole.com.br\/site\/wp-content\/uploads\/2026\/09\/WhatsApp-Image-2026-09-02-at-13.22.08.jpeg 1600w\" sizes=\"auto, (max-width: 300px) 100vw, 300px\" \/>No dia 11, \u00e0s 20h, o Gin\u00e1sio de Esportes &#8220;L\u00e1zaro Germano&#8221; recebe a partida entre Guararema Futsal e Wimpro, pelo Campeonato Paulista de Futsal Sub-20. No dia 12, o mesmo local sedia o Campeonato Municipal de T\u00eanis de Mesa. Ainda no dia 12, a Esta\u00e7\u00e3o Liter\u00e1ria &#8220;Professora Maria de Lourdes \u00c9vora Camargo&#8221; recebe o evento Encruzilhadas: Ci\u00eancia, Arte e Exist\u00eancia Humana, e o Recanto do Am\u00e9rico, no Pau D&#8217;Alho, sedia a 17\u00aa edi\u00e7\u00e3o do Dia de Celebra\u00e7\u00e3o a Jesus Cristo, com show do cantor Marquinhos Gomes.<\/p>\n<p style=\"text-align: justify;\">A programa\u00e7\u00e3o cultural conta ainda com a exposi\u00e7\u00e3o fotogr\u00e1fica &#8220;Conflu\u00eancia: Olhares sobre Nossa Terra&#8221;, em cartaz de 17 de setembro a 3 de outubro na Esta\u00e7\u00e3o Liter\u00e1ria, reunindo o olhar de tr\u00eas fot\u00f3grafos sobre a cidade.<\/p>\n<p style=\"text-align: justify;\">No pr\u00f3prio dia do anivers\u00e1rio, 19 de setembro, a programa\u00e7\u00e3o come\u00e7a \u00e0s 8h30 com a largada do 1\u00ba Passeio Cicl\u00edstico de Guararema, atividade solid\u00e1ria que exige a entrega de um cobertor novo para o Fundo Social de Solidariedade \u2014 as inscri\u00e7\u00f5es v\u00e3o at\u00e9 4 de setembro, e os 200 primeiros inscritos ganham camiseta. \u00c0s 11h, ocorre a inaugura\u00e7\u00e3o do monumento &#8220;Her\u00f3is da Nossa Terra&#8221;, na Pra\u00e7a dos Expedicion\u00e1rios, em homenagem aos &#8220;pracinhas&#8221; da cidade.<\/p>\n<p style=\"text-align: justify;\">A agenda segue no dia 20, domingo, com o 16\u00ba Guararema Classic Cars &#8220;Maestro Fernando Tancredi&#8221;, o evento Rua de Lazer com brinquedos infl\u00e1veis no Est\u00e1dio Municipal &#8220;Jos\u00e9 Luiz Gon\u00e7alves da Silva&#8221;, e o Torneio Interno de Gin\u00e1stica R\u00edtmica. No dia 24, o Gin\u00e1sio Municipal recebe jogo de v\u00f4lei entre Suzano e Itaquaquecetuba pelo Campeonato Paulista, e no dia 25, uma partida de futsal entre Guararema Futsal e Magnus Futsal. Tamb\u00e9m no dia 24, das 15h \u00e0s 17h, a Esta\u00e7\u00e3o Liter\u00e1ria recebe o projeto &#8220;Vozes que Inspiram&#8221;, com talentos de pessoas com defici\u00eancia da cidade. A programa\u00e7\u00e3o esportiva se encerra no dia 26, com a Corinthians Run \u2013 Etapa Guararema, no Complexo Esportivo.<\/p>\n<p style=\"text-align: justify;\">A programa\u00e7\u00e3o completa pode ser acompanhada no site oficial da Prefeitura de Guararema e nas redes sociais @prefeituradeguararema.<\/p>\n","protected":false},"excerpt":{"rendered":"<p>Agenda tem atra\u00e7\u00f5es culturais, programa\u00e7\u00e3o esportiva, atividades para crian\u00e7as, lazer e iniciativas que valorizam a hist\u00f3ria e os talentos da cidade Guararema comemora 127 anos em setembro com programa\u00e7\u00e3o recheada de cultura, esporte, turismo e atividades para crian\u00e7as e fam\u00edlias durante todo o m\u00eas. Destaque para o 1\u00ba Passeio Cicl\u00edstico, o 6\u00ba Festival de Flores [&hellip;]<\/p>\n","protected":false},"author":1,"featured_media":32455,"comment_status":"open","ping_status":"open","sticky":false,"template":"","format":"standard","meta":{"footnotes":""},"categories":[2,13,3,47],"tags":[],"class_list":["post-32476","post","type-post","status-publish","format-standard","has-post-thumbnail","category-cidades","category-cultura","category-guarulhos","category-turismo"],"yoast_head":"<!-- This site is optimized with the Yoast SEO plugin v27.6 - https:\/\/yoast.com\/product\/yoast-seo-wordpress\/ -->\n<title>PREFEITURA DE GUARAREMA ANUNCIA PROGRAMA\u00c7\u00c3O DO ANIVERS\u00c1RIO DE 127 ANOS - Jornal Metr\u00f3pole<\/title>\n<meta name=\"robots\" content=\"index, follow, max-snippet:-1, max-image-preview:large, max-video-preview:-1\" \/>\n<link rel=\"canonical\" href=\"https:\/\/jm-metropole.com.br\/site\/prefeitura-de-guararema-anuncia-programacao-do-aniversario-de-127-anos\/\" \/>\n<meta property=\"og:locale\" content=\"pt_BR\" \/>\n<meta property=\"og:type\" content=\"article\" \/>\n<meta property=\"og:title\" content=\"PREFEITURA DE GUARAREMA ANUNCIA PROGRAMA\u00c7\u00c3O DO ANIVERS\u00c1RIO DE 127 ANOS - Jornal Metr\u00f3pole\" \/>\n<meta property=\"og:description\" content=\"Agenda tem atra\u00e7\u00f5es culturais, programa\u00e7\u00e3o esportiva, atividades para crian\u00e7as, lazer e iniciativas que valorizam a hist\u00f3ria e os talentos da cidade Guararema comemora 127 anos em setembro com programa\u00e7\u00e3o recheada de cultura, esporte, turismo e atividades para crian\u00e7as e fam\u00edlias durante todo o m\u00eas. Destaque para o 1\u00ba Passeio Cicl\u00edstico, o 6\u00ba Festival de Flores [&hellip;]\" \/>\n<meta property=\"og:url\" content=\"https:\/\/jm-metropole.com.br\/site\/prefeitura-de-guararema-anuncia-programacao-do-aniversario-de-127-anos\/\" \/>\n<meta property=\"og:site_name\" content=\"Jornal Metr\u00f3pole\" \/>\n<meta property=\"article:publisher\" content=\"https:\/\/www.facebook.com\/jm.metropole\" \/>\n<meta property=\"article:published_time\" content=\"2026-09-02T19:18:38+00:00\" \/>\n<meta property=\"og:image\" content=\"https:\/\/jm-metropole.com.br\/site\/wp-content\/uploads\/2026\/09\/WhatsApp-Image-2026-09-02-at-13.22.07.jpeg\" \/>\n\t<meta property=\"og:image:width\" content=\"1600\" \/>\n\t<meta property=\"og:image:height\" content=\"1066\" \/>\n\t<meta property=\"og:image:type\" content=\"image\/jpeg\" \/>\n<meta name=\"author\" content=\"Jornal Metr\u00f3pole\" \/>\n<meta name=\"twitter:card\" content=\"summary_large_image\" \/>\n<meta name=\"twitter:label1\" content=\"Escrito por\" \/>\n\t<meta name=\"twitter:data1\" content=\"Jornal Metr\u00f3pole\" \/>\n\t<meta name=\"twitter:label2\" content=\"Est. tempo de leitura\" \/>\n\t<meta name=\"twitter:data2\" content=\"4 minutos\" \/>\n<script type=\"application\/ld+json\" class=\"yoast-schema-graph\">{\"@context\":\"https:\\\/\\\/schema.org\",\"@graph\":[{\"@type\":\"Article\",\"@id\":\"https:\\\/\\\/jm-metropole.com.br\\\/site\\\/prefeitura-de-guararema-anuncia-programacao-do-aniversario-de-127-anos\\\/#article\",\"isPartOf\":{\"@id\":\"https:\\\/\\\/jm-metropole.com.br\\\/site\\\/prefeitura-de-guararema-anuncia-programacao-do-aniversario-de-127-anos\\\/\"},\"author\":{\"name\":\"Jornal Metr\u00f3pole\",\"@id\":\"https:\\\/\\\/jm-metropole.com.br\\\/site\\\/#\\\/schema\\\/person\\\/a438c77cefcef76c8ddbe3dcc9b238fc\"},\"headline\":\"PREFEITURA DE GUARAREMA ANUNCIA PROGRAMA\u00c7\u00c3O DO ANIVERS\u00c1RIO DE 127 ANOS\",\"datePublished\":\"2026-09-02T19:18:38+00:00\",\"mainEntityOfPage\":{\"@id\":\"https:\\\/\\\/jm-metropole.com.br\\\/site\\\/prefeitura-de-guararema-anuncia-programacao-do-aniversario-de-127-anos\\\/\"},\"wordCount\":600,\"commentCount\":0,\"publisher\":{\"@id\":\"https:\\\/\\\/jm-metropole.com.br\\\/site\\\/#organization\"},\"image\":{\"@id\":\"https:\\\/\\\/jm-metropole.com.br\\\/site\\\/prefeitura-de-guararema-anuncia-programacao-do-aniversario-de-127-anos\\\/#primaryimage\"},\"thumbnailUrl\":\"https:\\\/\\\/jm-metropole.com.br\\\/site\\\/wp-content\\\/uploads\\\/2026\\\/09\\\/WhatsApp-Image-2026-09-02-at-13.22.07.jpeg\",\"articleSection\":[\"Cidades\",\"Cultura\",\"Guarulhos\",\"Turismo\"],\"inLanguage\":\"pt-BR\",\"potentialAction\":[{\"@type\":\"CommentAction\",\"name\":\"Comment\",\"target\":[\"https:\\\/\\\/jm-metropole.com.br\\\/site\\\/prefeitura-de-guararema-anuncia-programacao-do-aniversario-de-127-anos\\\/#respond\"]}]},{\"@type\":\"WebPage\",\"@id\":\"https:\\\/\\\/jm-metropole.com.br\\\/site\\\/prefeitura-de-guararema-anuncia-programacao-do-aniversario-de-127-anos\\\/\",\"url\":\"https:\\\/\\\/jm-metropole.com.br\\\/site\\\/prefeitura-de-guararema-anuncia-programacao-do-aniversario-de-127-anos\\\/\",\"name\":\"PREFEITURA DE GUARAREMA ANUNCIA PROGRAMA\u00c7\u00c3O DO ANIVERS\u00c1RIO DE 127 ANOS - Jornal Metr\u00f3pole\",\"isPartOf\":{\"@id\":\"https:\\\/\\\/jm-metropole.com.br\\\/site\\\/#website\"},\"primaryImageOfPage\":{\"@id\":\"https:\\\/\\\/jm-metropole.com.br\\\/site\\\/prefeitura-de-guararema-anuncia-programacao-do-aniversario-de-127-anos\\\/#primaryimage\"},\"image\":{\"@id\":\"https:\\\/\\\/jm-metropole.com.br\\\/site\\\/prefeitura-de-guararema-anuncia-programacao-do-aniversario-de-127-anos\\\/#primaryimage\"},\"thumbnailUrl\":\"https:\\\/\\\/jm-metropole.com.br\\\/site\\\/wp-content\\\/uploads\\\/2026\\\/09\\\/WhatsApp-Image-2026-09-02-at-13.22.07.jpeg\",\"datePublished\":\"2026-09-02T19:18:38+00:00\",\"breadcrumb\":{\"@id\":\"https:\\\/\\\/jm-metropole.com.br\\\/site\\\/prefeitura-de-guararema-anuncia-programacao-do-aniversario-de-127-anos\\\/#breadcrumb\"},\"inLanguage\":\"pt-BR\",\"potentialAction\":[{\"@type\":\"ReadAction\",\"target\":[\"https:\\\/\\\/jm-metropole.com.br\\\/site\\\/prefeitura-de-guararema-anuncia-programacao-do-aniversario-de-127-anos\\\/\"]}]},{\"@type\":\"ImageObject\",\"inLanguage\":\"pt-BR\",\"@id\":\"https:\\\/\\\/jm-metropole.com.br\\\/site\\\/prefeitura-de-guararema-anuncia-programacao-do-aniversario-de-127-anos\\\/#primaryimage\",\"url\":\"https:\\\/\\\/jm-metropole.com.br\\\/site\\\/wp-content\\\/uploads\\\/2026\\\/09\\\/WhatsApp-Image-2026-09-02-at-13.22.07.jpeg\",\"contentUrl\":\"https:\\\/\\\/jm-metropole.com.br\\\/site\\\/wp-content\\\/uploads\\\/2026\\\/09\\\/WhatsApp-Image-2026-09-02-at-13.22.07.jpeg\",\"width\":1600,\"height\":1066},{\"@type\":\"BreadcrumbList\",\"@id\":\"https:\\\/\\\/jm-metropole.com.br\\\/site\\\/prefeitura-de-guararema-anuncia-programacao-do-aniversario-de-127-anos\\\/#breadcrumb\",\"itemListElement\":[{\"@type\":\"ListItem\",\"position\":1,\"name\":\"In\u00edcio\",\"item\":\"https:\\\/\\\/jm-metropole.com.br\\\/site\\\/\"},{\"@type\":\"ListItem\",\"position\":2,\"name\":\"PREFEITURA DE GUARAREMA ANUNCIA PROGRAMA\u00c7\u00c3O DO ANIVERS\u00c1RIO DE 127 ANOS\"}]},{\"@type\":\"WebSite\",\"@id\":\"https:\\\/\\\/jm-metropole.com.br\\\/site\\\/#website\",\"url\":\"https:\\\/\\\/jm-metropole.com.br\\\/site\\\/\",\"name\":\"Jornal Metr\u00f3pole\",\"description\":\"Alto Tiet\u00ea e Regi\u00e3o\",\"publisher\":{\"@id\":\"https:\\\/\\\/jm-metropole.com.br\\\/site\\\/#organization\"},\"potentialAction\":[{\"@type\":\"SearchAction\",\"target\":{\"@type\":\"EntryPoint\",\"urlTemplate\":\"https:\\\/\\\/jm-metropole.com.br\\\/site\\\/?s={search_term_string}\"},\"query-input\":{\"@type\":\"PropertyValueSpecification\",\"valueRequired\":true,\"valueName\":\"search_term_string\"}}],\"inLanguage\":\"pt-BR\"},{\"@type\":\"Organization\",\"@id\":\"https:\\\/\\\/jm-metropole.com.br\\\/site\\\/#organization\",\"name\":\"Jornal Metr\u00f3pole\",\"url\":\"https:\\\/\\\/jm-metropole.com.br\\\/site\\\/\",\"logo\":{\"@type\":\"ImageObject\",\"inLanguage\":\"pt-BR\",\"@id\":\"https:\\\/\\\/jm-metropole.com.br\\\/site\\\/#\\\/schema\\\/logo\\\/image\\\/\",\"url\":\"https:\\\/\\\/jm-metropole.com.br\\\/site\\\/wp-content\\\/uploads\\\/2026\\\/05\\\/LOGO-JM-scaled.jpg\",\"contentUrl\":\"https:\\\/\\\/jm-metropole.com.br\\\/site\\\/wp-content\\\/uploads\\\/2026\\\/05\\\/LOGO-JM-scaled.jpg\",\"width\":2560,\"height\":2498,\"caption\":\"Jornal Metr\u00f3pole\"},\"image\":{\"@id\":\"https:\\\/\\\/jm-metropole.com.br\\\/site\\\/#\\\/schema\\\/logo\\\/image\\\/\"},\"sameAs\":[\"https:\\\/\\\/www.facebook.com\\\/jm.metropole\",\"https:\\\/\\\/www.instagram.com\\\/jm.metropole\\\/\"]},{\"@type\":\"Person\",\"@id\":\"https:\\\/\\\/jm-metropole.com.br\\\/site\\\/#\\\/schema\\\/person\\\/a438c77cefcef76c8ddbe3dcc9b238fc\",\"name\":\"Jornal Metr\u00f3pole\",\"sameAs\":[\"https:\\\/\\\/jm-metropole.com.br\\\/site\"],\"url\":\"https:\\\/\\\/jm-metropole.com.br\\\/site\\\/author\\\/admin\\\/\"}]}<\/script>\n<!-- \/ Yoast SEO plugin. -->","yoast_head_json":{"title":"PREFEITURA DE GUARAREMA ANUNCIA PROGRAMA\u00c7\u00c3O DO ANIVERS\u00c1RIO DE 127 ANOS - Jornal Metr\u00f3pole","robots":{"index":"index","follow":"follow","max-snippet":"max-snippet:-1","max-image-preview":"max-image-preview:large","max-video-preview":"max-video-preview:-1"},"canonical":"https:\/\/jm-metropole.com.br\/site\/prefeitura-de-guararema-anuncia-programacao-do-aniversario-de-127-anos\/","og_locale":"pt_BR","og_type":"article","og_title":"PREFEITURA DE GUARAREMA ANUNCIA PROGRAMA\u00c7\u00c3O DO ANIVERS\u00c1RIO DE 127 ANOS - Jornal Metr\u00f3pole","og_description":"Agenda tem atra\u00e7\u00f5es culturais, programa\u00e7\u00e3o esportiva, atividades para crian\u00e7as, lazer e iniciativas que valorizam a hist\u00f3ria e os talentos da cidade Guararema comemora 127 anos em setembro com programa\u00e7\u00e3o recheada de cultura, esporte, turismo e atividades para crian\u00e7as e fam\u00edlias durante todo o m\u00eas. Destaque para o 1\u00ba Passeio Cicl\u00edstico, o 6\u00ba Festival de Flores [&hellip;]","og_url":"https:\/\/jm-metropole.com.br\/site\/prefeitura-de-guararema-anuncia-programacao-do-aniversario-de-127-anos\/","og_site_name":"Jornal Metr\u00f3pole","article_publisher":"https:\/\/www.facebook.com\/jm.metropole","article_published_time":"2026-09-02T19:18:38+00:00","og_image":[{"width":1600,"height":1066,"url":"https:\/\/jm-metropole.com.br\/site\/wp-content\/uploads\/2026\/09\/WhatsApp-Image-2026-09-02-at-13.22.07.jpeg","type":"image\/jpeg"}],"author":"Jornal Metr\u00f3pole","twitter_card":"summary_large_image","twitter_misc":{"Escrito por":"Jornal Metr\u00f3pole","Est. tempo de leitura":"4 minutos"},"schema":{"@context":"https:\/\/schema.org","@graph":[{"@type":"Article","@id":"https:\/\/jm-metropole.com.br\/site\/prefeitura-de-guararema-anuncia-programacao-do-aniversario-de-127-anos\/#article","isPartOf":{"@id":"https:\/\/jm-metropole.com.br\/site\/prefeitura-de-guararema-anuncia-programacao-do-aniversario-de-127-anos\/"},"author":{"name":"Jornal Metr\u00f3pole","@id":"https:\/\/jm-metropole.com.br\/site\/#\/schema\/person\/a438c77cefcef76c8ddbe3dcc9b238fc"},"headline":"PREFEITURA DE GUARAREMA ANUNCIA PROGRAMA\u00c7\u00c3O DO ANIVERS\u00c1RIO DE 127 ANOS","datePublished":"2026-09-02T19:18:38+00:00","mainEntityOfPage":{"@id":"https:\/\/jm-metropole.com.br\/site\/prefeitura-de-guararema-anuncia-programacao-do-aniversario-de-127-anos\/"},"wordCount":600,"commentCount":0,"publisher":{"@id":"https:\/\/jm-metropole.com.br\/site\/#organization"},"image":{"@id":"https:\/\/jm-metropole.com.br\/site\/prefeitura-de-guararema-anuncia-programacao-do-aniversario-de-127-anos\/#primaryimage"},"thumbnailUrl":"https:\/\/jm-metropole.com.br\/site\/wp-content\/uploads\/2026\/09\/WhatsApp-Image-2026-09-02-at-13.22.07.jpeg","articleSection":["Cidades","Cultura","Guarulhos","Turismo"],"inLanguage":"pt-BR","potentialAction":[{"@type":"CommentAction","name":"Comment","target":["https:\/\/jm-metropole.com.br\/site\/prefeitura-de-guararema-anuncia-programacao-do-aniversario-de-127-anos\/#respond"]}]},{"@type":"WebPage","@id":"https:\/\/jm-metropole.com.br\/site\/prefeitura-de-guararema-anuncia-programacao-do-aniversario-de-127-anos\/","url":"https:\/\/jm-metropole.com.br\/site\/prefeitura-de-guararema-anuncia-programacao-do-aniversario-de-127-anos\/","name":"PREFEITURA DE GUARAREMA ANUNCIA PROGRAMA\u00c7\u00c3O DO ANIVERS\u00c1RIO DE 127 ANOS - Jornal Metr\u00f3pole","isPartOf":{"@id":"https:\/\/jm-metropole.com.br\/site\/#website"},"primaryImageOfPage":{"@id":"https:\/\/jm-metropole.com.br\/site\/prefeitura-de-guararema-anuncia-programacao-do-aniversario-de-127-anos\/#primaryimage"},"image":{"@id":"https:\/\/jm-metropole.com.br\/site\/prefeitura-de-guararema-anuncia-programacao-do-aniversario-de-127-anos\/#primaryimage"},"thumbnailUrl":"https:\/\/jm-metropole.com.br\/site\/wp-content\/uploads\/2026\/09\/WhatsApp-Image-2026-09-02-at-13.22.07.jpeg","datePublished":"2026-09-02T19:18:38+00:00","breadcrumb":{"@id":"https:\/\/jm-metropole.com.br\/site\/prefeitura-de-guararema-anuncia-programacao-do-aniversario-de-127-anos\/#breadcrumb"},"inLanguage":"pt-BR","potentialAction":[{"@type":"ReadAction","target":["https:\/\/jm-metropole.com.br\/site\/prefeitura-de-guararema-anuncia-programacao-do-aniversario-de-127-anos\/"]}]},{"@type":"ImageObject","inLanguage":"pt-BR","@id":"https:\/\/jm-metropole.com.br\/site\/prefeitura-de-guararema-anuncia-programacao-do-aniversario-de-127-anos\/#primaryimage","url":"https:\/\/jm-metropole.com.br\/site\/wp-content\/uploads\/2026\/09\/WhatsApp-Image-2026-09-02-at-13.22.07.jpeg","contentUrl":"https:\/\/jm-metropole.com.br\/site\/wp-content\/uploads\/2026\/09\/WhatsApp-Image-2026-09-02-at-13.22.07.jpeg","width":1600,"height":1066},{"@type":"BreadcrumbList","@id":"https:\/\/jm-metropole.com.br\/site\/prefeitura-de-guararema-anuncia-programacao-do-aniversario-de-127-anos\/#breadcrumb","itemListElement":[{"@type":"ListItem","position":1,"name":"In\u00edcio","item":"https:\/\/jm-metropole.com.br\/site\/"},{"@type":"ListItem","position":2,"name":"PREFEITURA DE GUARAREMA ANUNCIA PROGRAMA\u00c7\u00c3O DO ANIVERS\u00c1RIO DE 127 ANOS"}]},{"@type":"WebSite","@id":"https:\/\/jm-metropole.com.br\/site\/#website","url":"https:\/\/jm-metropole.com.br\/site\/","name":"Jornal Metr\u00f3pole","description":"Alto Tiet\u00ea e Regi\u00e3o","publisher":{"@id":"https:\/\/jm-metropole.com.br\/site\/#organization"},"potentialAction":[{"@type":"SearchAction","target":{"@type":"EntryPoint","urlTemplate":"https:\/\/jm-metropole.com.br\/site\/?s={search_term_string}"},"query-input":{"@type":"PropertyValueSpecification","valueRequired":true,"valueName":"search_term_string"}}],"inLanguage":"pt-BR"},{"@type":"Organization","@id":"https:\/\/jm-metropole.com.br\/site\/#organization","name":"Jornal Metr\u00f3pole","url":"https:\/\/jm-metropole.com.br\/site\/","logo":{"@type":"ImageObject","inLanguage":"pt-BR","@id":"https:\/\/jm-metropole.com.br\/site\/#\/schema\/logo\/image\/","url":"https:\/\/jm-metropole.com.br\/site\/wp-content\/uploads\/2026\/05\/LOGO-JM-scaled.jpg","contentUrl":"https:\/\/jm-metropole.com.br\/site\/wp-content\/uploads\/2026\/05\/LOGO-JM-scaled.jpg","width":2560,"height":2498,"caption":"Jornal Metr\u00f3pole"},"image":{"@id":"https:\/\/jm-metropole.com.br\/site\/#\/schema\/logo\/image\/"},"sameAs":["https:\/\/www.facebook.com\/jm.metropole","https:\/\/www.instagram.com\/jm.metropole\/"]},{"@type":"Person","@id":"https:\/\/jm-metropole.com.br\/site\/#\/schema\/person\/a438c77cefcef76c8ddbe3dcc9b238fc","name":"Jornal Metr\u00f3pole","sameAs":["https:\/\/jm-metropole.com.br\/site"],"url":"https:\/\/jm-metropole.com.br\/site\/author\/admin\/"}]}},"_links":{"self":[{"href":"https:\/\/jm-metropole.com.br\/site\/wp-json\/wp\/v2\/posts\/32476","targetHints":{"allow":["GET"]}}],"collection":[{"href":"https:\/\/jm-metropole.com.br\/site\/wp-json\/wp\/v2\/posts"}],"about":[{"href":"https:\/\/jm-metropole.com.br\/site\/wp-json\/wp\/v2\/types\/post"}],"author":[{"embeddable":true,"href":"https:\/\/jm-metropole.com.br\/site\/wp-json\/wp\/v2\/users\/1"}],"replies":[{"embeddable":true,"href":"https:\/\/jm-metropole.com.br\/site\/wp-json\/wp\/v2\/comments?post=32476"}],"version-history":[{"count":1,"href":"https:\/\/jm-metropole.com.br\/site\/wp-json\/wp\/v2\/posts\/32476\/revisions"}],"predecessor-version":[{"id":32477,"href":"https:\/\/jm-metropole.com.br\/site\/wp-json\/wp\/v2\/posts\/32476\/revisions\/32477"}],"wp:featuredmedia":[{"embeddable":true,"href":"https:\/\/jm-metropole.com.br\/site\/wp-json\/wp\/v2\/media\/32455"}],"wp:attachment":[{"href":"https:\/\/jm-metropole.com.br\/site\/wp-json\/wp\/v2\/media?parent=32476"}],"wp:term":[{"taxonomy":"category","embeddable":true,"href":"https:\/\/jm-metropole.com.br\/site\/wp-json\/wp\/v2\/categories?post=32476"},{"taxonomy":"post_tag","embeddable":true,"href":"https:\/\/jm-metropole.com.br\/site\/wp-json\/wp\/v2\/tags?post=32476"}],"curies":[{"name":"wp","href":"https:\/\/api.w.org\/{rel}","templated":true}]}}