{"id":32470,"date":"2026-09-02T15:59:30","date_gmt":"2026-09-02T18:59:30","guid":{"rendered":"https:\/\/jm-metropole.com.br\/site\/?p=32470"},"modified":"2026-09-02T15:59:30","modified_gmt":"2026-09-02T18:59:30","slug":"mudancas-nos-locais-de-votacao-em-aruja-justica-eleitoral-anuncia-novas-secoes-e-transferencia-de-eleitores","status":"publish","type":"post","link":"https:\/\/jm-metropole.com.br\/site\/mudancas-nos-locais-de-votacao-em-aruja-justica-eleitoral-anuncia-novas-secoes-e-transferencia-de-eleitores\/","title":{"rendered":"MUDAN\u00c7AS NOS LOCAIS DE VOTA\u00c7\u00c3O EM ARUJ\u00c1: JUSTI\u00c7A ELEITORAL ANUNCIA NOVAS SE\u00c7\u00d5ES E TRANSFER\u00caNCIA DE ELEITORES"},"content":{"rendered":"<p style=\"text-align: justify;\">335\u00aa Zona Eleitoral amplia a rede de locais de vota\u00e7\u00e3o e desativa se\u00e7\u00f5es na E.E. Benedito Manoel dos Santos<\/p>\n<p style=\"text-align: justify;\">A 335\u00aa Zona Eleitoral de Aruj\u00e1 comunicou oficialmente a altera\u00e7\u00e3o e amplia\u00e7\u00e3o dos locais de vota\u00e7\u00e3o no munic\u00edpio para as Elei\u00e7\u00f5es de 2026. As mudan\u00e7as t\u00eam como objetivo otimizar a infraestrutura de atendimento ao eleitorado e garantir o pleno exerc\u00edcio da cidadania no dia do pleito.<\/p>\n<p style=\"text-align: justify;\">A partir de outubro deste ano, quatro novas unidades escolares passar\u00e3o a integrar a rede oficial de vota\u00e7\u00e3o na cidade: E.M. &#8220;Paulo Freire&#8221;, E.M. &#8220;Prof.\u00aa Julia Mitie Mine&#8221;, ETEC &#8220;Prof.\u00aa Luzia Maria Machado&#8221; e Col\u00e9gio Sion Aruj\u00e1.<\/p>\n<p style=\"text-align: justify;\">Al\u00e9m da inclus\u00e3o dos novos endere\u00e7os, a Justi\u00e7a Eleitoral informa a desativa\u00e7\u00e3o de algumas se\u00e7\u00f5es, anteriormente estabelecidas na E.E. &#8220;Benedito Manoel dos Santos&#8221; (se\u00e7\u00f5es 87, 93, 105 e 115). Em raz\u00e3o dessa mudan\u00e7a, todos os eleitores cadastrados para votar nessas se\u00e7\u00f5es ser\u00e3o realocados para o Col\u00e9gio Sion Aruj\u00e1.<\/p>\n<p style=\"text-align: justify;\">D\u00favidas e informa\u00e7\u00f5es adicionais podem ser obtidas diretamente com a Justi\u00e7a Eleitoral de Aruj\u00e1, localizada na Rua Albino Rodrigues Neves, 301, no Center Ville, ou pelo telefone (11) 4653-2006, WhatsApp (11) 94997-2001 ou pelo e-mail ze335@tre-sp.jus.br.<\/p>\n","protected":false},"excerpt":{"rendered":"<p>335\u00aa Zona Eleitoral amplia a rede de locais de vota\u00e7\u00e3o e desativa se\u00e7\u00f5es na E.E. Benedito Manoel dos Santos A 335\u00aa Zona Eleitoral de Aruj\u00e1 comunicou oficialmente a altera\u00e7\u00e3o e amplia\u00e7\u00e3o dos locais de vota\u00e7\u00e3o no munic\u00edpio para as Elei\u00e7\u00f5es de 2026. As mudan\u00e7as t\u00eam como objetivo otimizar a infraestrutura de atendimento ao eleitorado e [&hellip;]<\/p>\n","protected":false},"author":1,"featured_media":32447,"comment_status":"open","ping_status":"open","sticky":false,"template":"","format":"standard","meta":{"footnotes":""},"categories":[4,550],"tags":[],"class_list":["post-32470","post","type-post","status-publish","format-standard","has-post-thumbnail","category-aruja","category-eleicoes-2026"],"yoast_head":"<!-- This site is optimized with the Yoast SEO plugin v27.6 - https:\/\/yoast.com\/product\/yoast-seo-wordpress\/ -->\n<title>MUDAN\u00c7AS NOS LOCAIS DE VOTA\u00c7\u00c3O EM ARUJ\u00c1: JUSTI\u00c7A ELEITORAL ANUNCIA NOVAS SE\u00c7\u00d5ES E TRANSFER\u00caNCIA DE ELEITORES - Jornal Metr\u00f3pole<\/title>\n<meta name=\"robots\" content=\"index, follow, max-snippet:-1, max-image-preview:large, max-video-preview:-1\" \/>\n<link rel=\"canonical\" href=\"https:\/\/jm-metropole.com.br\/site\/mudancas-nos-locais-de-votacao-em-aruja-justica-eleitoral-anuncia-novas-secoes-e-transferencia-de-eleitores\/\" \/>\n<meta property=\"og:locale\" content=\"pt_BR\" \/>\n<meta property=\"og:type\" content=\"article\" \/>\n<meta property=\"og:title\" content=\"MUDAN\u00c7AS NOS LOCAIS DE VOTA\u00c7\u00c3O EM ARUJ\u00c1: JUSTI\u00c7A ELEITORAL ANUNCIA NOVAS SE\u00c7\u00d5ES E TRANSFER\u00caNCIA DE ELEITORES - Jornal Metr\u00f3pole\" \/>\n<meta property=\"og:description\" content=\"335\u00aa Zona Eleitoral amplia a rede de locais de vota\u00e7\u00e3o e desativa se\u00e7\u00f5es na E.E. Benedito Manoel dos Santos A 335\u00aa Zona Eleitoral de Aruj\u00e1 comunicou oficialmente a altera\u00e7\u00e3o e amplia\u00e7\u00e3o dos locais de vota\u00e7\u00e3o no munic\u00edpio para as Elei\u00e7\u00f5es de 2026. As mudan\u00e7as t\u00eam como objetivo otimizar a infraestrutura de atendimento ao eleitorado e [&hellip;]\" \/>\n<meta property=\"og:url\" content=\"https:\/\/jm-metropole.com.br\/site\/mudancas-nos-locais-de-votacao-em-aruja-justica-eleitoral-anuncia-novas-secoes-e-transferencia-de-eleitores\/\" \/>\n<meta property=\"og:site_name\" content=\"Jornal Metr\u00f3pole\" \/>\n<meta property=\"article:publisher\" content=\"https:\/\/www.facebook.com\/jm.metropole\" \/>\n<meta property=\"article:published_time\" content=\"2026-09-02T18:59:30+00:00\" \/>\n<meta property=\"og:image\" content=\"https:\/\/jm-metropole.com.br\/site\/wp-content\/uploads\/2026\/09\/WhatsApp-Image-2026-09-02-at-13.27.50-e1788375269797.jpeg\" \/>\n\t<meta property=\"og:image:width\" content=\"960\" \/>\n\t<meta property=\"og:image:height\" content=\"670\" \/>\n\t<meta property=\"og:image:type\" content=\"image\/jpeg\" \/>\n<meta name=\"author\" content=\"Jornal Metr\u00f3pole\" \/>\n<meta name=\"twitter:card\" content=\"summary_large_image\" \/>\n<meta name=\"twitter:label1\" content=\"Escrito por\" \/>\n\t<meta name=\"twitter:data1\" content=\"Jornal Metr\u00f3pole\" \/>\n\t<meta name=\"twitter:label2\" content=\"Est. tempo de leitura\" \/>\n\t<meta name=\"twitter:data2\" content=\"2 minutos\" \/>\n<script type=\"application\/ld+json\" class=\"yoast-schema-graph\">{\"@context\":\"https:\\\/\\\/schema.org\",\"@graph\":[{\"@type\":\"Article\",\"@id\":\"https:\\\/\\\/jm-metropole.com.br\\\/site\\\/mudancas-nos-locais-de-votacao-em-aruja-justica-eleitoral-anuncia-novas-secoes-e-transferencia-de-eleitores\\\/#article\",\"isPartOf\":{\"@id\":\"https:\\\/\\\/jm-metropole.com.br\\\/site\\\/mudancas-nos-locais-de-votacao-em-aruja-justica-eleitoral-anuncia-novas-secoes-e-transferencia-de-eleitores\\\/\"},\"author\":{\"name\":\"Jornal Metr\u00f3pole\",\"@id\":\"https:\\\/\\\/jm-metropole.com.br\\\/site\\\/#\\\/schema\\\/person\\\/a438c77cefcef76c8ddbe3dcc9b238fc\"},\"headline\":\"MUDAN\u00c7AS NOS LOCAIS DE VOTA\u00c7\u00c3O EM ARUJ\u00c1: JUSTI\u00c7A ELEITORAL ANUNCIA NOVAS SE\u00c7\u00d5ES E TRANSFER\u00caNCIA DE ELEITORES\",\"datePublished\":\"2026-09-02T18:59:30+00:00\",\"mainEntityOfPage\":{\"@id\":\"https:\\\/\\\/jm-metropole.com.br\\\/site\\\/mudancas-nos-locais-de-votacao-em-aruja-justica-eleitoral-anuncia-novas-secoes-e-transferencia-de-eleitores\\\/\"},\"wordCount\":232,\"commentCount\":0,\"publisher\":{\"@id\":\"https:\\\/\\\/jm-metropole.com.br\\\/site\\\/#organization\"},\"image\":{\"@id\":\"https:\\\/\\\/jm-metropole.com.br\\\/site\\\/mudancas-nos-locais-de-votacao-em-aruja-justica-eleitoral-anuncia-novas-secoes-e-transferencia-de-eleitores\\\/#primaryimage\"},\"thumbnailUrl\":\"https:\\\/\\\/jm-metropole.com.br\\\/site\\\/wp-content\\\/uploads\\\/2026\\\/09\\\/WhatsApp-Image-2026-09-02-at-13.27.50-e1788375269797.jpeg\",\"articleSection\":[\"Aruj\u00e1\",\"Elei\u00e7\u00f5es 2026\"],\"inLanguage\":\"pt-BR\",\"potentialAction\":[{\"@type\":\"CommentAction\",\"name\":\"Comment\",\"target\":[\"https:\\\/\\\/jm-metropole.com.br\\\/site\\\/mudancas-nos-locais-de-votacao-em-aruja-justica-eleitoral-anuncia-novas-secoes-e-transferencia-de-eleitores\\\/#respond\"]}]},{\"@type\":\"WebPage\",\"@id\":\"https:\\\/\\\/jm-metropole.com.br\\\/site\\\/mudancas-nos-locais-de-votacao-em-aruja-justica-eleitoral-anuncia-novas-secoes-e-transferencia-de-eleitores\\\/\",\"url\":\"https:\\\/\\\/jm-metropole.com.br\\\/site\\\/mudancas-nos-locais-de-votacao-em-aruja-justica-eleitoral-anuncia-novas-secoes-e-transferencia-de-eleitores\\\/\",\"name\":\"MUDAN\u00c7AS NOS LOCAIS DE VOTA\u00c7\u00c3O EM ARUJ\u00c1: JUSTI\u00c7A ELEITORAL ANUNCIA NOVAS SE\u00c7\u00d5ES E TRANSFER\u00caNCIA DE ELEITORES - Jornal Metr\u00f3pole\",\"isPartOf\":{\"@id\":\"https:\\\/\\\/jm-metropole.com.br\\\/site\\\/#website\"},\"primaryImageOfPage\":{\"@id\":\"https:\\\/\\\/jm-metropole.com.br\\\/site\\\/mudancas-nos-locais-de-votacao-em-aruja-justica-eleitoral-anuncia-novas-secoes-e-transferencia-de-eleitores\\\/#primaryimage\"},\"image\":{\"@id\":\"https:\\\/\\\/jm-metropole.com.br\\\/site\\\/mudancas-nos-locais-de-votacao-em-aruja-justica-eleitoral-anuncia-novas-secoes-e-transferencia-de-eleitores\\\/#primaryimage\"},\"thumbnailUrl\":\"https:\\\/\\\/jm-metropole.com.br\\\/site\\\/wp-content\\\/uploads\\\/2026\\\/09\\\/WhatsApp-Image-2026-09-02-at-13.27.50-e1788375269797.jpeg\",\"datePublished\":\"2026-09-02T18:59:30+00:00\",\"breadcrumb\":{\"@id\":\"https:\\\/\\\/jm-metropole.com.br\\\/site\\\/mudancas-nos-locais-de-votacao-em-aruja-justica-eleitoral-anuncia-novas-secoes-e-transferencia-de-eleitores\\\/#breadcrumb\"},\"inLanguage\":\"pt-BR\",\"potentialAction\":[{\"@type\":\"ReadAction\",\"target\":[\"https:\\\/\\\/jm-metropole.com.br\\\/site\\\/mudancas-nos-locais-de-votacao-em-aruja-justica-eleitoral-anuncia-novas-secoes-e-transferencia-de-eleitores\\\/\"]}]},{\"@type\":\"ImageObject\",\"inLanguage\":\"pt-BR\",\"@id\":\"https:\\\/\\\/jm-metropole.com.br\\\/site\\\/mudancas-nos-locais-de-votacao-em-aruja-justica-eleitoral-anuncia-novas-secoes-e-transferencia-de-eleitores\\\/#primaryimage\",\"url\":\"https:\\\/\\\/jm-metropole.com.br\\\/site\\\/wp-content\\\/uploads\\\/2026\\\/09\\\/WhatsApp-Image-2026-09-02-at-13.27.50-e1788375269797.jpeg\",\"contentUrl\":\"https:\\\/\\\/jm-metropole.com.br\\\/site\\\/wp-content\\\/uploads\\\/2026\\\/09\\\/WhatsApp-Image-2026-09-02-at-13.27.50-e1788375269797.jpeg\",\"width\":960,\"height\":670},{\"@type\":\"BreadcrumbList\",\"@id\":\"https:\\\/\\\/jm-metropole.com.br\\\/site\\\/mudancas-nos-locais-de-votacao-em-aruja-justica-eleitoral-anuncia-novas-secoes-e-transferencia-de-eleitores\\\/#breadcrumb\",\"itemListElement\":[{\"@type\":\"ListItem\",\"position\":1,\"name\":\"In\u00edcio\",\"item\":\"https:\\\/\\\/jm-metropole.com.br\\\/site\\\/\"},{\"@type\":\"ListItem\",\"position\":2,\"name\":\"MUDAN\u00c7AS NOS LOCAIS DE VOTA\u00c7\u00c3O EM ARUJ\u00c1: JUSTI\u00c7A ELEITORAL ANUNCIA NOVAS SE\u00c7\u00d5ES E TRANSFER\u00caNCIA DE ELEITORES\"}]},{\"@type\":\"WebSite\",\"@id\":\"https:\\\/\\\/jm-metropole.com.br\\\/site\\\/#website\",\"url\":\"https:\\\/\\\/jm-metropole.com.br\\\/site\\\/\",\"name\":\"Jornal Metr\u00f3pole\",\"description\":\"Alto Tiet\u00ea e Regi\u00e3o\",\"publisher\":{\"@id\":\"https:\\\/\\\/jm-metropole.com.br\\\/site\\\/#organization\"},\"potentialAction\":[{\"@type\":\"SearchAction\",\"target\":{\"@type\":\"EntryPoint\",\"urlTemplate\":\"https:\\\/\\\/jm-metropole.com.br\\\/site\\\/?s={search_term_string}\"},\"query-input\":{\"@type\":\"PropertyValueSpecification\",\"valueRequired\":true,\"valueName\":\"search_term_string\"}}],\"inLanguage\":\"pt-BR\"},{\"@type\":\"Organization\",\"@id\":\"https:\\\/\\\/jm-metropole.com.br\\\/site\\\/#organization\",\"name\":\"Jornal Metr\u00f3pole\",\"url\":\"https:\\\/\\\/jm-metropole.com.br\\\/site\\\/\",\"logo\":{\"@type\":\"ImageObject\",\"inLanguage\":\"pt-BR\",\"@id\":\"https:\\\/\\\/jm-metropole.com.br\\\/site\\\/#\\\/schema\\\/logo\\\/image\\\/\",\"url\":\"https:\\\/\\\/jm-metropole.com.br\\\/site\\\/wp-content\\\/uploads\\\/2026\\\/05\\\/LOGO-JM-scaled.jpg\",\"contentUrl\":\"https:\\\/\\\/jm-metropole.com.br\\\/site\\\/wp-content\\\/uploads\\\/2026\\\/05\\\/LOGO-JM-scaled.jpg\",\"width\":2560,\"height\":2498,\"caption\":\"Jornal Metr\u00f3pole\"},\"image\":{\"@id\":\"https:\\\/\\\/jm-metropole.com.br\\\/site\\\/#\\\/schema\\\/logo\\\/image\\\/\"},\"sameAs\":[\"https:\\\/\\\/www.facebook.com\\\/jm.metropole\",\"https:\\\/\\\/www.instagram.com\\\/jm.metropole\\\/\"]},{\"@type\":\"Person\",\"@id\":\"https:\\\/\\\/jm-metropole.com.br\\\/site\\\/#\\\/schema\\\/person\\\/a438c77cefcef76c8ddbe3dcc9b238fc\",\"name\":\"Jornal Metr\u00f3pole\",\"sameAs\":[\"https:\\\/\\\/jm-metropole.com.br\\\/site\"],\"url\":\"https:\\\/\\\/jm-metropole.com.br\\\/site\\\/author\\\/admin\\\/\"}]}<\/script>\n<!-- \/ Yoast SEO plugin. -->","yoast_head_json":{"title":"MUDAN\u00c7AS NOS LOCAIS DE VOTA\u00c7\u00c3O EM ARUJ\u00c1: JUSTI\u00c7A ELEITORAL ANUNCIA NOVAS SE\u00c7\u00d5ES E TRANSFER\u00caNCIA DE ELEITORES - Jornal Metr\u00f3pole","robots":{"index":"index","follow":"follow","max-snippet":"max-snippet:-1","max-image-preview":"max-image-preview:large","max-video-preview":"max-video-preview:-1"},"canonical":"https:\/\/jm-metropole.com.br\/site\/mudancas-nos-locais-de-votacao-em-aruja-justica-eleitoral-anuncia-novas-secoes-e-transferencia-de-eleitores\/","og_locale":"pt_BR","og_type":"article","og_title":"MUDAN\u00c7AS NOS LOCAIS DE VOTA\u00c7\u00c3O EM ARUJ\u00c1: JUSTI\u00c7A ELEITORAL ANUNCIA NOVAS SE\u00c7\u00d5ES E TRANSFER\u00caNCIA DE ELEITORES - Jornal Metr\u00f3pole","og_description":"335\u00aa Zona Eleitoral amplia a rede de locais de vota\u00e7\u00e3o e desativa se\u00e7\u00f5es na E.E. Benedito Manoel dos Santos A 335\u00aa Zona Eleitoral de Aruj\u00e1 comunicou oficialmente a altera\u00e7\u00e3o e amplia\u00e7\u00e3o dos locais de vota\u00e7\u00e3o no munic\u00edpio para as Elei\u00e7\u00f5es de 2026. As mudan\u00e7as t\u00eam como objetivo otimizar a infraestrutura de atendimento ao eleitorado e [&hellip;]","og_url":"https:\/\/jm-metropole.com.br\/site\/mudancas-nos-locais-de-votacao-em-aruja-justica-eleitoral-anuncia-novas-secoes-e-transferencia-de-eleitores\/","og_site_name":"Jornal Metr\u00f3pole","article_publisher":"https:\/\/www.facebook.com\/jm.metropole","article_published_time":"2026-09-02T18:59:30+00:00","og_image":[{"width":960,"height":670,"url":"https:\/\/jm-metropole.com.br\/site\/wp-content\/uploads\/2026\/09\/WhatsApp-Image-2026-09-02-at-13.27.50-e1788375269797.jpeg","type":"image\/jpeg"}],"author":"Jornal Metr\u00f3pole","twitter_card":"summary_large_image","twitter_misc":{"Escrito por":"Jornal Metr\u00f3pole","Est. tempo de leitura":"2 minutos"},"schema":{"@context":"https:\/\/schema.org","@graph":[{"@type":"Article","@id":"https:\/\/jm-metropole.com.br\/site\/mudancas-nos-locais-de-votacao-em-aruja-justica-eleitoral-anuncia-novas-secoes-e-transferencia-de-eleitores\/#article","isPartOf":{"@id":"https:\/\/jm-metropole.com.br\/site\/mudancas-nos-locais-de-votacao-em-aruja-justica-eleitoral-anuncia-novas-secoes-e-transferencia-de-eleitores\/"},"author":{"name":"Jornal Metr\u00f3pole","@id":"https:\/\/jm-metropole.com.br\/site\/#\/schema\/person\/a438c77cefcef76c8ddbe3dcc9b238fc"},"headline":"MUDAN\u00c7AS NOS LOCAIS DE VOTA\u00c7\u00c3O EM ARUJ\u00c1: JUSTI\u00c7A ELEITORAL ANUNCIA NOVAS SE\u00c7\u00d5ES E TRANSFER\u00caNCIA DE ELEITORES","datePublished":"2026-09-02T18:59:30+00:00","mainEntityOfPage":{"@id":"https:\/\/jm-metropole.com.br\/site\/mudancas-nos-locais-de-votacao-em-aruja-justica-eleitoral-anuncia-novas-secoes-e-transferencia-de-eleitores\/"},"wordCount":232,"commentCount":0,"publisher":{"@id":"https:\/\/jm-metropole.com.br\/site\/#organization"},"image":{"@id":"https:\/\/jm-metropole.com.br\/site\/mudancas-nos-locais-de-votacao-em-aruja-justica-eleitoral-anuncia-novas-secoes-e-transferencia-de-eleitores\/#primaryimage"},"thumbnailUrl":"https:\/\/jm-metropole.com.br\/site\/wp-content\/uploads\/2026\/09\/WhatsApp-Image-2026-09-02-at-13.27.50-e1788375269797.jpeg","articleSection":["Aruj\u00e1","Elei\u00e7\u00f5es 2026"],"inLanguage":"pt-BR","potentialAction":[{"@type":"CommentAction","name":"Comment","target":["https:\/\/jm-metropole.com.br\/site\/mudancas-nos-locais-de-votacao-em-aruja-justica-eleitoral-anuncia-novas-secoes-e-transferencia-de-eleitores\/#respond"]}]},{"@type":"WebPage","@id":"https:\/\/jm-metropole.com.br\/site\/mudancas-nos-locais-de-votacao-em-aruja-justica-eleitoral-anuncia-novas-secoes-e-transferencia-de-eleitores\/","url":"https:\/\/jm-metropole.com.br\/site\/mudancas-nos-locais-de-votacao-em-aruja-justica-eleitoral-anuncia-novas-secoes-e-transferencia-de-eleitores\/","name":"MUDAN\u00c7AS NOS LOCAIS DE VOTA\u00c7\u00c3O EM ARUJ\u00c1: JUSTI\u00c7A ELEITORAL ANUNCIA NOVAS SE\u00c7\u00d5ES E TRANSFER\u00caNCIA DE ELEITORES - Jornal Metr\u00f3pole","isPartOf":{"@id":"https:\/\/jm-metropole.com.br\/site\/#website"},"primaryImageOfPage":{"@id":"https:\/\/jm-metropole.com.br\/site\/mudancas-nos-locais-de-votacao-em-aruja-justica-eleitoral-anuncia-novas-secoes-e-transferencia-de-eleitores\/#primaryimage"},"image":{"@id":"https:\/\/jm-metropole.com.br\/site\/mudancas-nos-locais-de-votacao-em-aruja-justica-eleitoral-anuncia-novas-secoes-e-transferencia-de-eleitores\/#primaryimage"},"thumbnailUrl":"https:\/\/jm-metropole.com.br\/site\/wp-content\/uploads\/2026\/09\/WhatsApp-Image-2026-09-02-at-13.27.50-e1788375269797.jpeg","datePublished":"2026-09-02T18:59:30+00:00","breadcrumb":{"@id":"https:\/\/jm-metropole.com.br\/site\/mudancas-nos-locais-de-votacao-em-aruja-justica-eleitoral-anuncia-novas-secoes-e-transferencia-de-eleitores\/#breadcrumb"},"inLanguage":"pt-BR","potentialAction":[{"@type":"ReadAction","target":["https:\/\/jm-metropole.com.br\/site\/mudancas-nos-locais-de-votacao-em-aruja-justica-eleitoral-anuncia-novas-secoes-e-transferencia-de-eleitores\/"]}]},{"@type":"ImageObject","inLanguage":"pt-BR","@id":"https:\/\/jm-metropole.com.br\/site\/mudancas-nos-locais-de-votacao-em-aruja-justica-eleitoral-anuncia-novas-secoes-e-transferencia-de-eleitores\/#primaryimage","url":"https:\/\/jm-metropole.com.br\/site\/wp-content\/uploads\/2026\/09\/WhatsApp-Image-2026-09-02-at-13.27.50-e1788375269797.jpeg","contentUrl":"https:\/\/jm-metropole.com.br\/site\/wp-content\/uploads\/2026\/09\/WhatsApp-Image-2026-09-02-at-13.27.50-e1788375269797.jpeg","width":960,"height":670},{"@type":"BreadcrumbList","@id":"https:\/\/jm-metropole.com.br\/site\/mudancas-nos-locais-de-votacao-em-aruja-justica-eleitoral-anuncia-novas-secoes-e-transferencia-de-eleitores\/#breadcrumb","itemListElement":[{"@type":"ListItem","position":1,"name":"In\u00edcio","item":"https:\/\/jm-metropole.com.br\/site\/"},{"@type":"ListItem","position":2,"name":"MUDAN\u00c7AS NOS LOCAIS DE VOTA\u00c7\u00c3O EM ARUJ\u00c1: JUSTI\u00c7A ELEITORAL ANUNCIA NOVAS SE\u00c7\u00d5ES E TRANSFER\u00caNCIA DE ELEITORES"}]},{"@type":"WebSite","@id":"https:\/\/jm-metropole.com.br\/site\/#website","url":"https:\/\/jm-metropole.com.br\/site\/","name":"Jornal Metr\u00f3pole","description":"Alto Tiet\u00ea e Regi\u00e3o","publisher":{"@id":"https:\/\/jm-metropole.com.br\/site\/#organization"},"potentialAction":[{"@type":"SearchAction","target":{"@type":"EntryPoint","urlTemplate":"https:\/\/jm-metropole.com.br\/site\/?s={search_term_string}"},"query-input":{"@type":"PropertyValueSpecification","valueRequired":true,"valueName":"search_term_string"}}],"inLanguage":"pt-BR"},{"@type":"Organization","@id":"https:\/\/jm-metropole.com.br\/site\/#organization","name":"Jornal Metr\u00f3pole","url":"https:\/\/jm-metropole.com.br\/site\/","logo":{"@type":"ImageObject","inLanguage":"pt-BR","@id":"https:\/\/jm-metropole.com.br\/site\/#\/schema\/logo\/image\/","url":"https:\/\/jm-metropole.com.br\/site\/wp-content\/uploads\/2026\/05\/LOGO-JM-scaled.jpg","contentUrl":"https:\/\/jm-metropole.com.br\/site\/wp-content\/uploads\/2026\/05\/LOGO-JM-scaled.jpg","width":2560,"height":2498,"caption":"Jornal Metr\u00f3pole"},"image":{"@id":"https:\/\/jm-metropole.com.br\/site\/#\/schema\/logo\/image\/"},"sameAs":["https:\/\/www.facebook.com\/jm.metropole","https:\/\/www.instagram.com\/jm.metropole\/"]},{"@type":"Person","@id":"https:\/\/jm-metropole.com.br\/site\/#\/schema\/person\/a438c77cefcef76c8ddbe3dcc9b238fc","name":"Jornal Metr\u00f3pole","sameAs":["https:\/\/jm-metropole.com.br\/site"],"url":"https:\/\/jm-metropole.com.br\/site\/author\/admin\/"}]}},"_links":{"self":[{"href":"https:\/\/jm-metropole.com.br\/site\/wp-json\/wp\/v2\/posts\/32470","targetHints":{"allow":["GET"]}}],"collection":[{"href":"https:\/\/jm-metropole.com.br\/site\/wp-json\/wp\/v2\/posts"}],"about":[{"href":"https:\/\/jm-metropole.com.br\/site\/wp-json\/wp\/v2\/types\/post"}],"author":[{"embeddable":true,"href":"https:\/\/jm-metropole.com.br\/site\/wp-json\/wp\/v2\/users\/1"}],"replies":[{"embeddable":true,"href":"https:\/\/jm-metropole.com.br\/site\/wp-json\/wp\/v2\/comments?post=32470"}],"version-history":[{"count":1,"href":"https:\/\/jm-metropole.com.br\/site\/wp-json\/wp\/v2\/posts\/32470\/revisions"}],"predecessor-version":[{"id":32471,"href":"https:\/\/jm-metropole.com.br\/site\/wp-json\/wp\/v2\/posts\/32470\/revisions\/32471"}],"wp:featuredmedia":[{"embeddable":true,"href":"https:\/\/jm-metropole.com.br\/site\/wp-json\/wp\/v2\/media\/32447"}],"wp:attachment":[{"href":"https:\/\/jm-metropole.com.br\/site\/wp-json\/wp\/v2\/media?parent=32470"}],"wp:term":[{"taxonomy":"category","embeddable":true,"href":"https:\/\/jm-metropole.com.br\/site\/wp-json\/wp\/v2\/categories?post=32470"},{"taxonomy":"post_tag","embeddable":true,"href":"https:\/\/jm-metropole.com.br\/site\/wp-json\/wp\/v2\/tags?post=32470"}],"curies":[{"name":"wp","href":"https:\/\/api.w.org\/{rel}","templated":true}]}}