{"id":32466,"date":"2026-09-02T15:41:13","date_gmt":"2026-09-02T18:41:13","guid":{"rendered":"https:\/\/jm-metropole.com.br\/site\/?p=32466"},"modified":"2026-09-02T15:44:49","modified_gmt":"2026-09-02T18:44:49","slug":"festa-viva-itaqua-promete-lazer-cultura-e-servicos-para-toda-a-familia-no-dia-8-de-setembro","status":"publish","type":"post","link":"https:\/\/jm-metropole.com.br\/site\/festa-viva-itaqua-promete-lazer-cultura-e-servicos-para-toda-a-familia-no-dia-8-de-setembro\/","title":{"rendered":"FESTA VIVA ITAQU\u00c1 PROMETE LAZER, CULTURA E SERVI\u00c7OS PARA TODA A FAM\u00cdLIA NO DIA 8 DE SETEMBRO"},"content":{"rendered":"<p style=\"text-align: justify;\">Evento acontece no anivers\u00e1rio da cidade, das 10h \u00e0s 17h, no parque ecol\u00f3gico<\/p>\n<p style=\"text-align: justify;\">Itaquaquecetuba vai comemorar seus 466 anos com uma programa\u00e7\u00e3o especial para toda a fam\u00edlia. Na pr\u00f3xima ter\u00e7a-feira (8), o Parque Ecol\u00f3gico M\u00e1rio do Canto ser\u00e1 palco da Festa Viva Itaqu\u00e1, evento que reunir\u00e1, das 10h \u00e0s 17h, servi\u00e7os p\u00fablicos, atividades de lazer, cultura, esporte, sa\u00fade, cidadania e educa\u00e7\u00e3o ambiental.<\/p>\n<p style=\"text-align: justify;\">&#8220;Celebrar os 466 anos de Itaqu\u00e1 \u00e9 reconhecer a hist\u00f3ria que constru\u00edmos e olhar para o futuro. Queremos que essa comemora\u00e7\u00e3o esteja conectada \u00e0 vida das pessoas, oferecendo servi\u00e7os, informa\u00e7\u00e3o, lazer e oportunidades em um ambiente pensado para toda a fam\u00edlia&#8221;, afirmou o prefeito Eduardo Boigues.<\/p>\n<p style=\"text-align: justify;\">Um dos momentos de maior simbolismo da festa ser\u00e1 o plantio de 466 mudas, uma para cada ano de hist\u00f3ria do munic\u00edpio, integrando a programa\u00e7\u00e3o de educa\u00e7\u00e3o ambiental voltada \u00e0 preserva\u00e7\u00e3o da biodiversidade e da Mata Atl\u00e2ntica.<\/p>\n<p style=\"text-align: justify;\">O p\u00fablico tamb\u00e9m poder\u00e1 aproveitar para colocar servi\u00e7os em dia, com multivacina\u00e7\u00e3o, atendimentos sobre cadastro habitacional e regulariza\u00e7\u00e3o fundi\u00e1ria, al\u00e9m da van Atende+ Cidadania e Sa\u00fade, com orienta\u00e7\u00f5es e encaminhamentos sociais. A programa\u00e7\u00e3o ter\u00e1 ainda um espa\u00e7o dedicado \u00e0 campanha &#8220;Todos por Elas&#8221;, de enfrentamento \u00e0 viol\u00eancia contra as mulheres, e o Itaqu\u00e1 Mais Emprego, com cadastro de curr\u00edculos para quem busca coloca\u00e7\u00e3o no mercado de trabalho, al\u00e9m de palestra sobre alimenta\u00e7\u00e3o e nutri\u00e7\u00e3o.<\/p>\n<p style=\"text-align: justify;\">Para a crian\u00e7ada, a Escola de Tr\u00e2nsito montar\u00e1 um percurso educativo sobre seguran\u00e7a no tr\u00e2nsito, com bicicletas dispon\u00edveis para quem n\u00e3o tiver a pr\u00f3pria \u2014 o uso de capacete ser\u00e1 obrigat\u00f3rio. O parque tamb\u00e9m disponibilizar\u00e1 atividades como slackline, gira-gira acess\u00edvel, parede de escalada, tirolesa, balan\u00e7os, trampolim, quadras esportivas e lago.<\/p>\n<p style=\"text-align: justify;\">A programa\u00e7\u00e3o esportiva concentra as atividades no per\u00edodo da tarde: das 13h \u00e0s 13h45, aul\u00e3o de ritmos na concha ac\u00fastica; das 13h \u00e0s 15h, futsal na quadra externa; e das 14h \u00e0s 17h, futv\u00f4lei, beach tennis e v\u00f4lei de areia nas quadras de areia, em parceria com o V\u00f4lei Mania. O evento contar\u00e1 ainda com troca e doa\u00e7\u00e3o de livros pela Bancada Liter\u00e1ria, atra\u00e7\u00f5es musicais e o tradicional bolo de anivers\u00e1rio dos 466 anos.<\/p>\n<p style=\"text-align: justify;\">Para o secret\u00e1rio de Governo e vice-prefeito, Rog\u00e9rio Tarento, a proposta \u00e9 fazer do anivers\u00e1rio uma experi\u00eancia que v\u00e1 al\u00e9m da comemora\u00e7\u00e3o. &#8220;Uma cidade \u00e9 formada por pessoas, hist\u00f3rias e as oportunidades que conseguimos criar para quem vive aqui. Reunimos servi\u00e7os, esporte, cultura, sa\u00fade, lazer e a\u00e7\u00f5es de cidadania para que as fam\u00edlias aproveitem, conhe\u00e7am o que a prefeitura oferece e celebrem o orgulho de viver em Itaqu\u00e1.&#8221;<\/p>\n<p style=\"text-align: justify;\">Servi\u00e7o: Festa Viva Itaqu\u00e1, em 8 de setembro, das 10h \u00e0s 17h, no Parque Ecol\u00f3gico M\u00e1rio do Canto, na rua Cabr\u00e1lia Paulista, 100, Esta\u00e7\u00e3o.<\/p>\n<p style=\"text-align: right;\"><em>Fotos: Matheus Cruz<\/em><\/p>\n","protected":false},"excerpt":{"rendered":"<p>Evento acontece no anivers\u00e1rio da cidade, das 10h \u00e0s 17h, no parque ecol\u00f3gico Itaquaquecetuba vai comemorar seus 466 anos com uma programa\u00e7\u00e3o especial para toda a fam\u00edlia. Na pr\u00f3xima ter\u00e7a-feira (8), o Parque Ecol\u00f3gico M\u00e1rio do Canto ser\u00e1 palco da Festa Viva Itaqu\u00e1, evento que reunir\u00e1, das 10h \u00e0s 17h, servi\u00e7os p\u00fablicos, atividades de lazer, [&hellip;]<\/p>\n","protected":false},"author":1,"featured_media":32450,"comment_status":"open","ping_status":"open","sticky":false,"template":"","format":"standard","meta":{"footnotes":""},"categories":[2,13,6,47],"tags":[],"class_list":["post-32466","post","type-post","status-publish","format-standard","has-post-thumbnail","category-cidades","category-cultura","category-itaqua","category-turismo"],"yoast_head":"<!-- This site is optimized with the Yoast SEO plugin v27.6 - https:\/\/yoast.com\/product\/yoast-seo-wordpress\/ -->\n<title>FESTA VIVA ITAQU\u00c1 PROMETE LAZER, CULTURA E SERVI\u00c7OS PARA TODA A FAM\u00cdLIA NO DIA 8 DE SETEMBRO - Jornal Metr\u00f3pole<\/title>\n<meta name=\"robots\" content=\"index, follow, max-snippet:-1, max-image-preview:large, max-video-preview:-1\" \/>\n<link rel=\"canonical\" href=\"https:\/\/jm-metropole.com.br\/site\/festa-viva-itaqua-promete-lazer-cultura-e-servicos-para-toda-a-familia-no-dia-8-de-setembro\/\" \/>\n<meta property=\"og:locale\" content=\"pt_BR\" \/>\n<meta property=\"og:type\" content=\"article\" \/>\n<meta property=\"og:title\" content=\"FESTA VIVA ITAQU\u00c1 PROMETE LAZER, CULTURA E SERVI\u00c7OS PARA TODA A FAM\u00cdLIA NO DIA 8 DE SETEMBRO - Jornal Metr\u00f3pole\" \/>\n<meta property=\"og:description\" content=\"Evento acontece no anivers\u00e1rio da cidade, das 10h \u00e0s 17h, no parque ecol\u00f3gico Itaquaquecetuba vai comemorar seus 466 anos com uma programa\u00e7\u00e3o especial para toda a fam\u00edlia. Na pr\u00f3xima ter\u00e7a-feira (8), o Parque Ecol\u00f3gico M\u00e1rio do Canto ser\u00e1 palco da Festa Viva Itaqu\u00e1, evento que reunir\u00e1, das 10h \u00e0s 17h, servi\u00e7os p\u00fablicos, atividades de lazer, [&hellip;]\" \/>\n<meta property=\"og:url\" content=\"https:\/\/jm-metropole.com.br\/site\/festa-viva-itaqua-promete-lazer-cultura-e-servicos-para-toda-a-familia-no-dia-8-de-setembro\/\" \/>\n<meta property=\"og:site_name\" content=\"Jornal Metr\u00f3pole\" \/>\n<meta property=\"article:publisher\" content=\"https:\/\/www.facebook.com\/jm.metropole\" \/>\n<meta property=\"article:published_time\" content=\"2026-09-02T18:41:13+00:00\" \/>\n<meta property=\"article:modified_time\" content=\"2026-09-02T18:44:49+00:00\" \/>\n<meta property=\"og:image\" content=\"https:\/\/jm-metropole.com.br\/site\/wp-content\/uploads\/2026\/09\/WhatsApp-Image-2026-09-02-at-13.25.18.jpeg\" \/>\n\t<meta property=\"og:image:width\" content=\"1280\" \/>\n\t<meta property=\"og:image:height\" content=\"854\" \/>\n\t<meta property=\"og:image:type\" content=\"image\/jpeg\" \/>\n<meta name=\"author\" content=\"Jornal Metr\u00f3pole\" \/>\n<meta name=\"twitter:card\" content=\"summary_large_image\" \/>\n<meta name=\"twitter:label1\" content=\"Escrito por\" \/>\n\t<meta name=\"twitter:data1\" content=\"Jornal Metr\u00f3pole\" \/>\n\t<meta name=\"twitter:label2\" content=\"Est. tempo de leitura\" \/>\n\t<meta name=\"twitter:data2\" content=\"3 minutos\" \/>\n<script type=\"application\/ld+json\" class=\"yoast-schema-graph\">{\"@context\":\"https:\\\/\\\/schema.org\",\"@graph\":[{\"@type\":\"Article\",\"@id\":\"https:\\\/\\\/jm-metropole.com.br\\\/site\\\/festa-viva-itaqua-promete-lazer-cultura-e-servicos-para-toda-a-familia-no-dia-8-de-setembro\\\/#article\",\"isPartOf\":{\"@id\":\"https:\\\/\\\/jm-metropole.com.br\\\/site\\\/festa-viva-itaqua-promete-lazer-cultura-e-servicos-para-toda-a-familia-no-dia-8-de-setembro\\\/\"},\"author\":{\"name\":\"Jornal Metr\u00f3pole\",\"@id\":\"https:\\\/\\\/jm-metropole.com.br\\\/site\\\/#\\\/schema\\\/person\\\/a438c77cefcef76c8ddbe3dcc9b238fc\"},\"headline\":\"FESTA VIVA ITAQU\u00c1 PROMETE LAZER, CULTURA E SERVI\u00c7OS PARA TODA A FAM\u00cdLIA NO DIA 8 DE SETEMBRO\",\"datePublished\":\"2026-09-02T18:41:13+00:00\",\"dateModified\":\"2026-09-02T18:44:49+00:00\",\"mainEntityOfPage\":{\"@id\":\"https:\\\/\\\/jm-metropole.com.br\\\/site\\\/festa-viva-itaqua-promete-lazer-cultura-e-servicos-para-toda-a-familia-no-dia-8-de-setembro\\\/\"},\"wordCount\":521,\"commentCount\":0,\"publisher\":{\"@id\":\"https:\\\/\\\/jm-metropole.com.br\\\/site\\\/#organization\"},\"image\":{\"@id\":\"https:\\\/\\\/jm-metropole.com.br\\\/site\\\/festa-viva-itaqua-promete-lazer-cultura-e-servicos-para-toda-a-familia-no-dia-8-de-setembro\\\/#primaryimage\"},\"thumbnailUrl\":\"https:\\\/\\\/jm-metropole.com.br\\\/site\\\/wp-content\\\/uploads\\\/2026\\\/09\\\/WhatsApp-Image-2026-09-02-at-13.25.18.jpeg\",\"articleSection\":[\"Cidades\",\"Cultura\",\"Itaqu\u00e1\",\"Turismo\"],\"inLanguage\":\"pt-BR\",\"potentialAction\":[{\"@type\":\"CommentAction\",\"name\":\"Comment\",\"target\":[\"https:\\\/\\\/jm-metropole.com.br\\\/site\\\/festa-viva-itaqua-promete-lazer-cultura-e-servicos-para-toda-a-familia-no-dia-8-de-setembro\\\/#respond\"]}]},{\"@type\":\"WebPage\",\"@id\":\"https:\\\/\\\/jm-metropole.com.br\\\/site\\\/festa-viva-itaqua-promete-lazer-cultura-e-servicos-para-toda-a-familia-no-dia-8-de-setembro\\\/\",\"url\":\"https:\\\/\\\/jm-metropole.com.br\\\/site\\\/festa-viva-itaqua-promete-lazer-cultura-e-servicos-para-toda-a-familia-no-dia-8-de-setembro\\\/\",\"name\":\"FESTA VIVA ITAQU\u00c1 PROMETE LAZER, CULTURA E SERVI\u00c7OS PARA TODA A FAM\u00cdLIA NO DIA 8 DE SETEMBRO - Jornal Metr\u00f3pole\",\"isPartOf\":{\"@id\":\"https:\\\/\\\/jm-metropole.com.br\\\/site\\\/#website\"},\"primaryImageOfPage\":{\"@id\":\"https:\\\/\\\/jm-metropole.com.br\\\/site\\\/festa-viva-itaqua-promete-lazer-cultura-e-servicos-para-toda-a-familia-no-dia-8-de-setembro\\\/#primaryimage\"},\"image\":{\"@id\":\"https:\\\/\\\/jm-metropole.com.br\\\/site\\\/festa-viva-itaqua-promete-lazer-cultura-e-servicos-para-toda-a-familia-no-dia-8-de-setembro\\\/#primaryimage\"},\"thumbnailUrl\":\"https:\\\/\\\/jm-metropole.com.br\\\/site\\\/wp-content\\\/uploads\\\/2026\\\/09\\\/WhatsApp-Image-2026-09-02-at-13.25.18.jpeg\",\"datePublished\":\"2026-09-02T18:41:13+00:00\",\"dateModified\":\"2026-09-02T18:44:49+00:00\",\"breadcrumb\":{\"@id\":\"https:\\\/\\\/jm-metropole.com.br\\\/site\\\/festa-viva-itaqua-promete-lazer-cultura-e-servicos-para-toda-a-familia-no-dia-8-de-setembro\\\/#breadcrumb\"},\"inLanguage\":\"pt-BR\",\"potentialAction\":[{\"@type\":\"ReadAction\",\"target\":[\"https:\\\/\\\/jm-metropole.com.br\\\/site\\\/festa-viva-itaqua-promete-lazer-cultura-e-servicos-para-toda-a-familia-no-dia-8-de-setembro\\\/\"]}]},{\"@type\":\"ImageObject\",\"inLanguage\":\"pt-BR\",\"@id\":\"https:\\\/\\\/jm-metropole.com.br\\\/site\\\/festa-viva-itaqua-promete-lazer-cultura-e-servicos-para-toda-a-familia-no-dia-8-de-setembro\\\/#primaryimage\",\"url\":\"https:\\\/\\\/jm-metropole.com.br\\\/site\\\/wp-content\\\/uploads\\\/2026\\\/09\\\/WhatsApp-Image-2026-09-02-at-13.25.18.jpeg\",\"contentUrl\":\"https:\\\/\\\/jm-metropole.com.br\\\/site\\\/wp-content\\\/uploads\\\/2026\\\/09\\\/WhatsApp-Image-2026-09-02-at-13.25.18.jpeg\",\"width\":1280,\"height\":854},{\"@type\":\"BreadcrumbList\",\"@id\":\"https:\\\/\\\/jm-metropole.com.br\\\/site\\\/festa-viva-itaqua-promete-lazer-cultura-e-servicos-para-toda-a-familia-no-dia-8-de-setembro\\\/#breadcrumb\",\"itemListElement\":[{\"@type\":\"ListItem\",\"position\":1,\"name\":\"In\u00edcio\",\"item\":\"https:\\\/\\\/jm-metropole.com.br\\\/site\\\/\"},{\"@type\":\"ListItem\",\"position\":2,\"name\":\"FESTA VIVA ITAQU\u00c1 PROMETE LAZER, CULTURA E SERVI\u00c7OS PARA TODA A FAM\u00cdLIA NO DIA 8 DE SETEMBRO\"}]},{\"@type\":\"WebSite\",\"@id\":\"https:\\\/\\\/jm-metropole.com.br\\\/site\\\/#website\",\"url\":\"https:\\\/\\\/jm-metropole.com.br\\\/site\\\/\",\"name\":\"Jornal Metr\u00f3pole\",\"description\":\"Alto Tiet\u00ea e Regi\u00e3o\",\"publisher\":{\"@id\":\"https:\\\/\\\/jm-metropole.com.br\\\/site\\\/#organization\"},\"potentialAction\":[{\"@type\":\"SearchAction\",\"target\":{\"@type\":\"EntryPoint\",\"urlTemplate\":\"https:\\\/\\\/jm-metropole.com.br\\\/site\\\/?s={search_term_string}\"},\"query-input\":{\"@type\":\"PropertyValueSpecification\",\"valueRequired\":true,\"valueName\":\"search_term_string\"}}],\"inLanguage\":\"pt-BR\"},{\"@type\":\"Organization\",\"@id\":\"https:\\\/\\\/jm-metropole.com.br\\\/site\\\/#organization\",\"name\":\"Jornal Metr\u00f3pole\",\"url\":\"https:\\\/\\\/jm-metropole.com.br\\\/site\\\/\",\"logo\":{\"@type\":\"ImageObject\",\"inLanguage\":\"pt-BR\",\"@id\":\"https:\\\/\\\/jm-metropole.com.br\\\/site\\\/#\\\/schema\\\/logo\\\/image\\\/\",\"url\":\"https:\\\/\\\/jm-metropole.com.br\\\/site\\\/wp-content\\\/uploads\\\/2026\\\/05\\\/LOGO-JM-scaled.jpg\",\"contentUrl\":\"https:\\\/\\\/jm-metropole.com.br\\\/site\\\/wp-content\\\/uploads\\\/2026\\\/05\\\/LOGO-JM-scaled.jpg\",\"width\":2560,\"height\":2498,\"caption\":\"Jornal Metr\u00f3pole\"},\"image\":{\"@id\":\"https:\\\/\\\/jm-metropole.com.br\\\/site\\\/#\\\/schema\\\/logo\\\/image\\\/\"},\"sameAs\":[\"https:\\\/\\\/www.facebook.com\\\/jm.metropole\",\"https:\\\/\\\/www.instagram.com\\\/jm.metropole\\\/\"]},{\"@type\":\"Person\",\"@id\":\"https:\\\/\\\/jm-metropole.com.br\\\/site\\\/#\\\/schema\\\/person\\\/a438c77cefcef76c8ddbe3dcc9b238fc\",\"name\":\"Jornal Metr\u00f3pole\",\"sameAs\":[\"https:\\\/\\\/jm-metropole.com.br\\\/site\"],\"url\":\"https:\\\/\\\/jm-metropole.com.br\\\/site\\\/author\\\/admin\\\/\"}]}<\/script>\n<!-- \/ Yoast SEO plugin. -->","yoast_head_json":{"title":"FESTA VIVA ITAQU\u00c1 PROMETE LAZER, CULTURA E SERVI\u00c7OS PARA TODA A FAM\u00cdLIA NO DIA 8 DE SETEMBRO - Jornal Metr\u00f3pole","robots":{"index":"index","follow":"follow","max-snippet":"max-snippet:-1","max-image-preview":"max-image-preview:large","max-video-preview":"max-video-preview:-1"},"canonical":"https:\/\/jm-metropole.com.br\/site\/festa-viva-itaqua-promete-lazer-cultura-e-servicos-para-toda-a-familia-no-dia-8-de-setembro\/","og_locale":"pt_BR","og_type":"article","og_title":"FESTA VIVA ITAQU\u00c1 PROMETE LAZER, CULTURA E SERVI\u00c7OS PARA TODA A FAM\u00cdLIA NO DIA 8 DE SETEMBRO - Jornal Metr\u00f3pole","og_description":"Evento acontece no anivers\u00e1rio da cidade, das 10h \u00e0s 17h, no parque ecol\u00f3gico Itaquaquecetuba vai comemorar seus 466 anos com uma programa\u00e7\u00e3o especial para toda a fam\u00edlia. Na pr\u00f3xima ter\u00e7a-feira (8), o Parque Ecol\u00f3gico M\u00e1rio do Canto ser\u00e1 palco da Festa Viva Itaqu\u00e1, evento que reunir\u00e1, das 10h \u00e0s 17h, servi\u00e7os p\u00fablicos, atividades de lazer, [&hellip;]","og_url":"https:\/\/jm-metropole.com.br\/site\/festa-viva-itaqua-promete-lazer-cultura-e-servicos-para-toda-a-familia-no-dia-8-de-setembro\/","og_site_name":"Jornal Metr\u00f3pole","article_publisher":"https:\/\/www.facebook.com\/jm.metropole","article_published_time":"2026-09-02T18:41:13+00:00","article_modified_time":"2026-09-02T18:44:49+00:00","og_image":[{"width":1280,"height":854,"url":"https:\/\/jm-metropole.com.br\/site\/wp-content\/uploads\/2026\/09\/WhatsApp-Image-2026-09-02-at-13.25.18.jpeg","type":"image\/jpeg"}],"author":"Jornal Metr\u00f3pole","twitter_card":"summary_large_image","twitter_misc":{"Escrito por":"Jornal Metr\u00f3pole","Est. tempo de leitura":"3 minutos"},"schema":{"@context":"https:\/\/schema.org","@graph":[{"@type":"Article","@id":"https:\/\/jm-metropole.com.br\/site\/festa-viva-itaqua-promete-lazer-cultura-e-servicos-para-toda-a-familia-no-dia-8-de-setembro\/#article","isPartOf":{"@id":"https:\/\/jm-metropole.com.br\/site\/festa-viva-itaqua-promete-lazer-cultura-e-servicos-para-toda-a-familia-no-dia-8-de-setembro\/"},"author":{"name":"Jornal Metr\u00f3pole","@id":"https:\/\/jm-metropole.com.br\/site\/#\/schema\/person\/a438c77cefcef76c8ddbe3dcc9b238fc"},"headline":"FESTA VIVA ITAQU\u00c1 PROMETE LAZER, CULTURA E SERVI\u00c7OS PARA TODA A FAM\u00cdLIA NO DIA 8 DE SETEMBRO","datePublished":"2026-09-02T18:41:13+00:00","dateModified":"2026-09-02T18:44:49+00:00","mainEntityOfPage":{"@id":"https:\/\/jm-metropole.com.br\/site\/festa-viva-itaqua-promete-lazer-cultura-e-servicos-para-toda-a-familia-no-dia-8-de-setembro\/"},"wordCount":521,"commentCount":0,"publisher":{"@id":"https:\/\/jm-metropole.com.br\/site\/#organization"},"image":{"@id":"https:\/\/jm-metropole.com.br\/site\/festa-viva-itaqua-promete-lazer-cultura-e-servicos-para-toda-a-familia-no-dia-8-de-setembro\/#primaryimage"},"thumbnailUrl":"https:\/\/jm-metropole.com.br\/site\/wp-content\/uploads\/2026\/09\/WhatsApp-Image-2026-09-02-at-13.25.18.jpeg","articleSection":["Cidades","Cultura","Itaqu\u00e1","Turismo"],"inLanguage":"pt-BR","potentialAction":[{"@type":"CommentAction","name":"Comment","target":["https:\/\/jm-metropole.com.br\/site\/festa-viva-itaqua-promete-lazer-cultura-e-servicos-para-toda-a-familia-no-dia-8-de-setembro\/#respond"]}]},{"@type":"WebPage","@id":"https:\/\/jm-metropole.com.br\/site\/festa-viva-itaqua-promete-lazer-cultura-e-servicos-para-toda-a-familia-no-dia-8-de-setembro\/","url":"https:\/\/jm-metropole.com.br\/site\/festa-viva-itaqua-promete-lazer-cultura-e-servicos-para-toda-a-familia-no-dia-8-de-setembro\/","name":"FESTA VIVA ITAQU\u00c1 PROMETE LAZER, CULTURA E SERVI\u00c7OS PARA TODA A FAM\u00cdLIA NO DIA 8 DE SETEMBRO - Jornal Metr\u00f3pole","isPartOf":{"@id":"https:\/\/jm-metropole.com.br\/site\/#website"},"primaryImageOfPage":{"@id":"https:\/\/jm-metropole.com.br\/site\/festa-viva-itaqua-promete-lazer-cultura-e-servicos-para-toda-a-familia-no-dia-8-de-setembro\/#primaryimage"},"image":{"@id":"https:\/\/jm-metropole.com.br\/site\/festa-viva-itaqua-promete-lazer-cultura-e-servicos-para-toda-a-familia-no-dia-8-de-setembro\/#primaryimage"},"thumbnailUrl":"https:\/\/jm-metropole.com.br\/site\/wp-content\/uploads\/2026\/09\/WhatsApp-Image-2026-09-02-at-13.25.18.jpeg","datePublished":"2026-09-02T18:41:13+00:00","dateModified":"2026-09-02T18:44:49+00:00","breadcrumb":{"@id":"https:\/\/jm-metropole.com.br\/site\/festa-viva-itaqua-promete-lazer-cultura-e-servicos-para-toda-a-familia-no-dia-8-de-setembro\/#breadcrumb"},"inLanguage":"pt-BR","potentialAction":[{"@type":"ReadAction","target":["https:\/\/jm-metropole.com.br\/site\/festa-viva-itaqua-promete-lazer-cultura-e-servicos-para-toda-a-familia-no-dia-8-de-setembro\/"]}]},{"@type":"ImageObject","inLanguage":"pt-BR","@id":"https:\/\/jm-metropole.com.br\/site\/festa-viva-itaqua-promete-lazer-cultura-e-servicos-para-toda-a-familia-no-dia-8-de-setembro\/#primaryimage","url":"https:\/\/jm-metropole.com.br\/site\/wp-content\/uploads\/2026\/09\/WhatsApp-Image-2026-09-02-at-13.25.18.jpeg","contentUrl":"https:\/\/jm-metropole.com.br\/site\/wp-content\/uploads\/2026\/09\/WhatsApp-Image-2026-09-02-at-13.25.18.jpeg","width":1280,"height":854},{"@type":"BreadcrumbList","@id":"https:\/\/jm-metropole.com.br\/site\/festa-viva-itaqua-promete-lazer-cultura-e-servicos-para-toda-a-familia-no-dia-8-de-setembro\/#breadcrumb","itemListElement":[{"@type":"ListItem","position":1,"name":"In\u00edcio","item":"https:\/\/jm-metropole.com.br\/site\/"},{"@type":"ListItem","position":2,"name":"FESTA VIVA ITAQU\u00c1 PROMETE LAZER, CULTURA E SERVI\u00c7OS PARA TODA A FAM\u00cdLIA NO DIA 8 DE SETEMBRO"}]},{"@type":"WebSite","@id":"https:\/\/jm-metropole.com.br\/site\/#website","url":"https:\/\/jm-metropole.com.br\/site\/","name":"Jornal Metr\u00f3pole","description":"Alto Tiet\u00ea e Regi\u00e3o","publisher":{"@id":"https:\/\/jm-metropole.com.br\/site\/#organization"},"potentialAction":[{"@type":"SearchAction","target":{"@type":"EntryPoint","urlTemplate":"https:\/\/jm-metropole.com.br\/site\/?s={search_term_string}"},"query-input":{"@type":"PropertyValueSpecification","valueRequired":true,"valueName":"search_term_string"}}],"inLanguage":"pt-BR"},{"@type":"Organization","@id":"https:\/\/jm-metropole.com.br\/site\/#organization","name":"Jornal Metr\u00f3pole","url":"https:\/\/jm-metropole.com.br\/site\/","logo":{"@type":"ImageObject","inLanguage":"pt-BR","@id":"https:\/\/jm-metropole.com.br\/site\/#\/schema\/logo\/image\/","url":"https:\/\/jm-metropole.com.br\/site\/wp-content\/uploads\/2026\/05\/LOGO-JM-scaled.jpg","contentUrl":"https:\/\/jm-metropole.com.br\/site\/wp-content\/uploads\/2026\/05\/LOGO-JM-scaled.jpg","width":2560,"height":2498,"caption":"Jornal Metr\u00f3pole"},"image":{"@id":"https:\/\/jm-metropole.com.br\/site\/#\/schema\/logo\/image\/"},"sameAs":["https:\/\/www.facebook.com\/jm.metropole","https:\/\/www.instagram.com\/jm.metropole\/"]},{"@type":"Person","@id":"https:\/\/jm-metropole.com.br\/site\/#\/schema\/person\/a438c77cefcef76c8ddbe3dcc9b238fc","name":"Jornal Metr\u00f3pole","sameAs":["https:\/\/jm-metropole.com.br\/site"],"url":"https:\/\/jm-metropole.com.br\/site\/author\/admin\/"}]}},"_links":{"self":[{"href":"https:\/\/jm-metropole.com.br\/site\/wp-json\/wp\/v2\/posts\/32466","targetHints":{"allow":["GET"]}}],"collection":[{"href":"https:\/\/jm-metropole.com.br\/site\/wp-json\/wp\/v2\/posts"}],"about":[{"href":"https:\/\/jm-metropole.com.br\/site\/wp-json\/wp\/v2\/types\/post"}],"author":[{"embeddable":true,"href":"https:\/\/jm-metropole.com.br\/site\/wp-json\/wp\/v2\/users\/1"}],"replies":[{"embeddable":true,"href":"https:\/\/jm-metropole.com.br\/site\/wp-json\/wp\/v2\/comments?post=32466"}],"version-history":[{"count":1,"href":"https:\/\/jm-metropole.com.br\/site\/wp-json\/wp\/v2\/posts\/32466\/revisions"}],"predecessor-version":[{"id":32467,"href":"https:\/\/jm-metropole.com.br\/site\/wp-json\/wp\/v2\/posts\/32466\/revisions\/32467"}],"wp:featuredmedia":[{"embeddable":true,"href":"https:\/\/jm-metropole.com.br\/site\/wp-json\/wp\/v2\/media\/32450"}],"wp:attachment":[{"href":"https:\/\/jm-metropole.com.br\/site\/wp-json\/wp\/v2\/media?parent=32466"}],"wp:term":[{"taxonomy":"category","embeddable":true,"href":"https:\/\/jm-metropole.com.br\/site\/wp-json\/wp\/v2\/categories?post=32466"},{"taxonomy":"post_tag","embeddable":true,"href":"https:\/\/jm-metropole.com.br\/site\/wp-json\/wp\/v2\/tags?post=32466"}],"curies":[{"name":"wp","href":"https:\/\/api.w.org\/{rel}","templated":true}]}}