{"id":32464,"date":"2026-09-02T15:33:25","date_gmt":"2026-09-02T18:33:25","guid":{"rendered":"https:\/\/jm-metropole.com.br\/site\/?p=32464"},"modified":"2026-09-02T15:33:25","modified_gmt":"2026-09-02T18:33:25","slug":"prefeitura-de-suzano-assina-convenio-com-associacao-dos-municipios-de-interesse-turistico","status":"publish","type":"post","link":"https:\/\/jm-metropole.com.br\/site\/prefeitura-de-suzano-assina-convenio-com-associacao-dos-municipios-de-interesse-turistico\/","title":{"rendered":"PREFEITURA DE SUZANO ASSINA CONV\u00caNIO COM ASSOCIA\u00c7\u00c3O DOS MUNIC\u00cdPIOS DE INTERESSE TUR\u00cdSTICO"},"content":{"rendered":"<p style=\"text-align: justify;\">Ades\u00e3o ocorreu durante reuni\u00e3o nesta ter\u00e7a-feira (1\u00ba) entre o prefeito Pedro Ishi, o secret\u00e1rio Mauro Vaz e o presidente da entidade<\/p>\n<p style=\"text-align: justify;\">O prefeito de Suzano, Pedro Ishi, assinou nesta ter\u00e7a-feira (1\u00ba) um conv\u00eanio com a Associa\u00e7\u00e3o das Prefeituras dos Munic\u00edpios de Interesse Tur\u00edstico do Estado de S\u00e3o Paulo (Amitesp) para dar prosseguimento ao trabalho que projeta o impulsionamento do setor no munic\u00edpio, integrando esfor\u00e7os que j\u00e1 promovem a atualiza\u00e7\u00e3o do Plano Diretor de Turismo, por meio de parceria com a Universidade de S\u00e3o Paulo (USP) firmada no ano passado.<\/p>\n<p style=\"text-align: justify;\">A ades\u00e3o formal ocorreu durante reuni\u00e3o no Pa\u00e7o Municipal Prefeito Firmino Jos\u00e9 da Costa, no centro, com a presen\u00e7a do presidente da entidade e prefeito de Santa Clara D&#8217;Oeste, Jos\u00e9 Bas\u00edlio de Faria; do secret\u00e1rio municipal de Desenvolvimento Econ\u00f4mico e Gera\u00e7\u00e3o de Emprego, Mauro Vaz; do coordenador de Turismo da pasta, Arrones Dainez J\u00fanior; e de representantes do Conselho Municipal de Turismo (Comtur), o presidente Paulo Kenzo e a vice Carol Galindo.<\/p>\n<p style=\"text-align: justify;\">Com o v\u00ednculo, Suzano passa a contar com a expertise da Amitesp para desenvolver a gest\u00e3o p\u00fablica voltada \u00e0 promo\u00e7\u00e3o do turismo, com foco em aprimorar a experi\u00eancia dos visitantes e a qualidade do atendimento, a partir da consolida\u00e7\u00e3o de atrativos municipais, identifica\u00e7\u00e3o de roteiros e prepara\u00e7\u00e3o das equipes do setor. A associa\u00e7\u00e3o, criada em 2016, assessora cidades reconhecidas como Munic\u00edpios de Interesse Tur\u00edstico (MITs), defendendo seus interesses junto a \u00f3rg\u00e3os superiores em todas as esferas de poder. Suzano recebeu esse t\u00edtulo h\u00e1 um ano, ap\u00f3s demonstrar seu potencial perante a Assembleia Legislativa do Estado de S\u00e3o Paulo (Alesp).<\/p>\n<p style=\"text-align: justify;\">No \u00faltimo dia 28 de julho, a cidade organizou a 2\u00aa audi\u00eancia p\u00fablica sobre a atualiza\u00e7\u00e3o do Plano Diretor de Turismo, que j\u00e1 conta com o diagn\u00f3stico de profissionais e estudantes da USP sobre as caracter\u00edsticas do munic\u00edpio e as diretrizes que poder\u00e3o viabilizar a atividade tur\u00edstica. O plano deve consolidar mecanismos para a proje\u00e7\u00e3o da cidade a partir de eixos como governan\u00e7a institucional, infraestrutura e mobilidade, equipamentos e servi\u00e7os tur\u00edsticos, atrativos, demanda e promo\u00e7\u00e3o tur\u00edstica.<\/p>\n<p style=\"text-align: justify;\">Entre os pontos que poder\u00e3o integrar futuras rotas tur\u00edsticas est\u00e3o a Capela Nossa Senhora da Piedade, conhecida como Igreja hist\u00f3rica do Baruel; o parque aqu\u00e1tico Magic City; os pesqueiros; o Parque Municipal Max Feffer; o Viveiro Municipal Tomoe Uemura; o Parque Municipal de Conserva\u00e7\u00e3o Ambiental Professora Bianca Carla Nunes da Silva; o Parque do Mirante; as pra\u00e7as Cidade das Flores, Sol Nascente e dos Expedicion\u00e1rios; os templos budistas; o Templo Hare Krishna; a Igreja Matriz de S\u00e3o Sebasti\u00e3o; o Casar\u00e3o da Mem\u00f3ria Ant\u00f4nio Marques Figueira; o Blue Beach Thermas Park; e os haras da regi\u00e3o.<\/p>\n<p style=\"text-align: justify;\">O secret\u00e1rio Mauro Vaz destacou que Suzano est\u00e1 se preparando para atingir um novo patamar no segmento. &#8220;Nossa cidade est\u00e1 em crescimento e precisamos desenvolver todas essas a\u00e7\u00f5es para aproveitar as oportunidades que o setor proporciona para a economia. J\u00e1 somos conhecidos pela ind\u00fastria, pelo com\u00e9rcio, pela agricultura e pelo artesanato, mas agora tamb\u00e9m queremos ser conhecidos pelo turismo&#8221;, afirmou.<\/p>\n<p style=\"text-align: justify;\">O prefeito Pedro Ishi refor\u00e7ou o compromisso da gest\u00e3o com o setor. &#8220;Estamos tendo o acompanhamento de t\u00e9cnicos que garantir\u00e3o o suporte que precisamos para chegar onde queremos, refor\u00e7ando nossa parceria com outros munic\u00edpios, por meio da Amitesp, mantendo o di\u00e1logo constante com a academia, junto \u00e0 USP, e com a sociedade civil, a partir do Comtur&#8221;, declarou.<\/p>\n","protected":false},"excerpt":{"rendered":"<p>Ades\u00e3o ocorreu durante reuni\u00e3o nesta ter\u00e7a-feira (1\u00ba) entre o prefeito Pedro Ishi, o secret\u00e1rio Mauro Vaz e o presidente da entidade O prefeito de Suzano, Pedro Ishi, assinou nesta ter\u00e7a-feira (1\u00ba) um conv\u00eanio com a Associa\u00e7\u00e3o das Prefeituras dos Munic\u00edpios de Interesse Tur\u00edstico do Estado de S\u00e3o Paulo (Amitesp) para dar prosseguimento ao trabalho que [&hellip;]<\/p>\n","protected":false},"author":1,"featured_media":32456,"comment_status":"open","ping_status":"open","sticky":false,"template":"","format":"standard","meta":{"footnotes":""},"categories":[2,9,47],"tags":[],"class_list":["post-32464","post","type-post","status-publish","format-standard","has-post-thumbnail","category-cidades","category-suzano","category-turismo"],"yoast_head":"<!-- This site is optimized with the Yoast SEO plugin v27.6 - https:\/\/yoast.com\/product\/yoast-seo-wordpress\/ -->\n<title>PREFEITURA DE SUZANO ASSINA CONV\u00caNIO COM ASSOCIA\u00c7\u00c3O DOS MUNIC\u00cdPIOS DE INTERESSE TUR\u00cdSTICO - Jornal Metr\u00f3pole<\/title>\n<meta name=\"robots\" content=\"index, follow, max-snippet:-1, max-image-preview:large, max-video-preview:-1\" \/>\n<link rel=\"canonical\" href=\"https:\/\/jm-metropole.com.br\/site\/prefeitura-de-suzano-assina-convenio-com-associacao-dos-municipios-de-interesse-turistico\/\" \/>\n<meta property=\"og:locale\" content=\"pt_BR\" \/>\n<meta property=\"og:type\" content=\"article\" \/>\n<meta property=\"og:title\" content=\"PREFEITURA DE SUZANO ASSINA CONV\u00caNIO COM ASSOCIA\u00c7\u00c3O DOS MUNIC\u00cdPIOS DE INTERESSE TUR\u00cdSTICO - Jornal Metr\u00f3pole\" \/>\n<meta property=\"og:description\" content=\"Ades\u00e3o ocorreu durante reuni\u00e3o nesta ter\u00e7a-feira (1\u00ba) entre o prefeito Pedro Ishi, o secret\u00e1rio Mauro Vaz e o presidente da entidade O prefeito de Suzano, Pedro Ishi, assinou nesta ter\u00e7a-feira (1\u00ba) um conv\u00eanio com a Associa\u00e7\u00e3o das Prefeituras dos Munic\u00edpios de Interesse Tur\u00edstico do Estado de S\u00e3o Paulo (Amitesp) para dar prosseguimento ao trabalho que [&hellip;]\" \/>\n<meta property=\"og:url\" content=\"https:\/\/jm-metropole.com.br\/site\/prefeitura-de-suzano-assina-convenio-com-associacao-dos-municipios-de-interesse-turistico\/\" \/>\n<meta property=\"og:site_name\" content=\"Jornal Metr\u00f3pole\" \/>\n<meta property=\"article:publisher\" content=\"https:\/\/www.facebook.com\/jm.metropole\" \/>\n<meta property=\"article:published_time\" content=\"2026-09-02T18:33:25+00:00\" \/>\n<meta property=\"og:image\" content=\"https:\/\/jm-metropole.com.br\/site\/wp-content\/uploads\/2026\/09\/WhatsApp-Image-2026-09-02-at-13.18.11.jpeg\" \/>\n\t<meta property=\"og:image:width\" content=\"1560\" \/>\n\t<meta property=\"og:image:height\" content=\"1040\" \/>\n\t<meta property=\"og:image:type\" content=\"image\/jpeg\" \/>\n<meta name=\"author\" content=\"Jornal Metr\u00f3pole\" \/>\n<meta name=\"twitter:card\" content=\"summary_large_image\" \/>\n<meta name=\"twitter:label1\" content=\"Escrito por\" \/>\n\t<meta name=\"twitter:data1\" content=\"Jornal Metr\u00f3pole\" \/>\n\t<meta name=\"twitter:label2\" content=\"Est. tempo de leitura\" \/>\n\t<meta name=\"twitter:data2\" content=\"4 minutos\" \/>\n<script type=\"application\/ld+json\" class=\"yoast-schema-graph\">{\"@context\":\"https:\\\/\\\/schema.org\",\"@graph\":[{\"@type\":\"Article\",\"@id\":\"https:\\\/\\\/jm-metropole.com.br\\\/site\\\/prefeitura-de-suzano-assina-convenio-com-associacao-dos-municipios-de-interesse-turistico\\\/#article\",\"isPartOf\":{\"@id\":\"https:\\\/\\\/jm-metropole.com.br\\\/site\\\/prefeitura-de-suzano-assina-convenio-com-associacao-dos-municipios-de-interesse-turistico\\\/\"},\"author\":{\"name\":\"Jornal Metr\u00f3pole\",\"@id\":\"https:\\\/\\\/jm-metropole.com.br\\\/site\\\/#\\\/schema\\\/person\\\/a438c77cefcef76c8ddbe3dcc9b238fc\"},\"headline\":\"PREFEITURA DE SUZANO ASSINA CONV\u00caNIO COM ASSOCIA\u00c7\u00c3O DOS MUNIC\u00cdPIOS DE INTERESSE TUR\u00cdSTICO\",\"datePublished\":\"2026-09-02T18:33:25+00:00\",\"mainEntityOfPage\":{\"@id\":\"https:\\\/\\\/jm-metropole.com.br\\\/site\\\/prefeitura-de-suzano-assina-convenio-com-associacao-dos-municipios-de-interesse-turistico\\\/\"},\"wordCount\":637,\"commentCount\":0,\"publisher\":{\"@id\":\"https:\\\/\\\/jm-metropole.com.br\\\/site\\\/#organization\"},\"image\":{\"@id\":\"https:\\\/\\\/jm-metropole.com.br\\\/site\\\/prefeitura-de-suzano-assina-convenio-com-associacao-dos-municipios-de-interesse-turistico\\\/#primaryimage\"},\"thumbnailUrl\":\"https:\\\/\\\/jm-metropole.com.br\\\/site\\\/wp-content\\\/uploads\\\/2026\\\/09\\\/WhatsApp-Image-2026-09-02-at-13.18.11.jpeg\",\"articleSection\":[\"Cidades\",\"Suzano\",\"Turismo\"],\"inLanguage\":\"pt-BR\",\"potentialAction\":[{\"@type\":\"CommentAction\",\"name\":\"Comment\",\"target\":[\"https:\\\/\\\/jm-metropole.com.br\\\/site\\\/prefeitura-de-suzano-assina-convenio-com-associacao-dos-municipios-de-interesse-turistico\\\/#respond\"]}]},{\"@type\":\"WebPage\",\"@id\":\"https:\\\/\\\/jm-metropole.com.br\\\/site\\\/prefeitura-de-suzano-assina-convenio-com-associacao-dos-municipios-de-interesse-turistico\\\/\",\"url\":\"https:\\\/\\\/jm-metropole.com.br\\\/site\\\/prefeitura-de-suzano-assina-convenio-com-associacao-dos-municipios-de-interesse-turistico\\\/\",\"name\":\"PREFEITURA DE SUZANO ASSINA CONV\u00caNIO COM ASSOCIA\u00c7\u00c3O DOS MUNIC\u00cdPIOS DE INTERESSE TUR\u00cdSTICO - Jornal Metr\u00f3pole\",\"isPartOf\":{\"@id\":\"https:\\\/\\\/jm-metropole.com.br\\\/site\\\/#website\"},\"primaryImageOfPage\":{\"@id\":\"https:\\\/\\\/jm-metropole.com.br\\\/site\\\/prefeitura-de-suzano-assina-convenio-com-associacao-dos-municipios-de-interesse-turistico\\\/#primaryimage\"},\"image\":{\"@id\":\"https:\\\/\\\/jm-metropole.com.br\\\/site\\\/prefeitura-de-suzano-assina-convenio-com-associacao-dos-municipios-de-interesse-turistico\\\/#primaryimage\"},\"thumbnailUrl\":\"https:\\\/\\\/jm-metropole.com.br\\\/site\\\/wp-content\\\/uploads\\\/2026\\\/09\\\/WhatsApp-Image-2026-09-02-at-13.18.11.jpeg\",\"datePublished\":\"2026-09-02T18:33:25+00:00\",\"breadcrumb\":{\"@id\":\"https:\\\/\\\/jm-metropole.com.br\\\/site\\\/prefeitura-de-suzano-assina-convenio-com-associacao-dos-municipios-de-interesse-turistico\\\/#breadcrumb\"},\"inLanguage\":\"pt-BR\",\"potentialAction\":[{\"@type\":\"ReadAction\",\"target\":[\"https:\\\/\\\/jm-metropole.com.br\\\/site\\\/prefeitura-de-suzano-assina-convenio-com-associacao-dos-municipios-de-interesse-turistico\\\/\"]}]},{\"@type\":\"ImageObject\",\"inLanguage\":\"pt-BR\",\"@id\":\"https:\\\/\\\/jm-metropole.com.br\\\/site\\\/prefeitura-de-suzano-assina-convenio-com-associacao-dos-municipios-de-interesse-turistico\\\/#primaryimage\",\"url\":\"https:\\\/\\\/jm-metropole.com.br\\\/site\\\/wp-content\\\/uploads\\\/2026\\\/09\\\/WhatsApp-Image-2026-09-02-at-13.18.11.jpeg\",\"contentUrl\":\"https:\\\/\\\/jm-metropole.com.br\\\/site\\\/wp-content\\\/uploads\\\/2026\\\/09\\\/WhatsApp-Image-2026-09-02-at-13.18.11.jpeg\",\"width\":1560,\"height\":1040},{\"@type\":\"BreadcrumbList\",\"@id\":\"https:\\\/\\\/jm-metropole.com.br\\\/site\\\/prefeitura-de-suzano-assina-convenio-com-associacao-dos-municipios-de-interesse-turistico\\\/#breadcrumb\",\"itemListElement\":[{\"@type\":\"ListItem\",\"position\":1,\"name\":\"In\u00edcio\",\"item\":\"https:\\\/\\\/jm-metropole.com.br\\\/site\\\/\"},{\"@type\":\"ListItem\",\"position\":2,\"name\":\"PREFEITURA DE SUZANO ASSINA CONV\u00caNIO COM ASSOCIA\u00c7\u00c3O DOS MUNIC\u00cdPIOS DE INTERESSE TUR\u00cdSTICO\"}]},{\"@type\":\"WebSite\",\"@id\":\"https:\\\/\\\/jm-metropole.com.br\\\/site\\\/#website\",\"url\":\"https:\\\/\\\/jm-metropole.com.br\\\/site\\\/\",\"name\":\"Jornal Metr\u00f3pole\",\"description\":\"Alto Tiet\u00ea e Regi\u00e3o\",\"publisher\":{\"@id\":\"https:\\\/\\\/jm-metropole.com.br\\\/site\\\/#organization\"},\"potentialAction\":[{\"@type\":\"SearchAction\",\"target\":{\"@type\":\"EntryPoint\",\"urlTemplate\":\"https:\\\/\\\/jm-metropole.com.br\\\/site\\\/?s={search_term_string}\"},\"query-input\":{\"@type\":\"PropertyValueSpecification\",\"valueRequired\":true,\"valueName\":\"search_term_string\"}}],\"inLanguage\":\"pt-BR\"},{\"@type\":\"Organization\",\"@id\":\"https:\\\/\\\/jm-metropole.com.br\\\/site\\\/#organization\",\"name\":\"Jornal Metr\u00f3pole\",\"url\":\"https:\\\/\\\/jm-metropole.com.br\\\/site\\\/\",\"logo\":{\"@type\":\"ImageObject\",\"inLanguage\":\"pt-BR\",\"@id\":\"https:\\\/\\\/jm-metropole.com.br\\\/site\\\/#\\\/schema\\\/logo\\\/image\\\/\",\"url\":\"https:\\\/\\\/jm-metropole.com.br\\\/site\\\/wp-content\\\/uploads\\\/2026\\\/05\\\/LOGO-JM-scaled.jpg\",\"contentUrl\":\"https:\\\/\\\/jm-metropole.com.br\\\/site\\\/wp-content\\\/uploads\\\/2026\\\/05\\\/LOGO-JM-scaled.jpg\",\"width\":2560,\"height\":2498,\"caption\":\"Jornal Metr\u00f3pole\"},\"image\":{\"@id\":\"https:\\\/\\\/jm-metropole.com.br\\\/site\\\/#\\\/schema\\\/logo\\\/image\\\/\"},\"sameAs\":[\"https:\\\/\\\/www.facebook.com\\\/jm.metropole\",\"https:\\\/\\\/www.instagram.com\\\/jm.metropole\\\/\"]},{\"@type\":\"Person\",\"@id\":\"https:\\\/\\\/jm-metropole.com.br\\\/site\\\/#\\\/schema\\\/person\\\/a438c77cefcef76c8ddbe3dcc9b238fc\",\"name\":\"Jornal Metr\u00f3pole\",\"sameAs\":[\"https:\\\/\\\/jm-metropole.com.br\\\/site\"],\"url\":\"https:\\\/\\\/jm-metropole.com.br\\\/site\\\/author\\\/admin\\\/\"}]}<\/script>\n<!-- \/ Yoast SEO plugin. -->","yoast_head_json":{"title":"PREFEITURA DE SUZANO ASSINA CONV\u00caNIO COM ASSOCIA\u00c7\u00c3O DOS MUNIC\u00cdPIOS DE INTERESSE TUR\u00cdSTICO - Jornal Metr\u00f3pole","robots":{"index":"index","follow":"follow","max-snippet":"max-snippet:-1","max-image-preview":"max-image-preview:large","max-video-preview":"max-video-preview:-1"},"canonical":"https:\/\/jm-metropole.com.br\/site\/prefeitura-de-suzano-assina-convenio-com-associacao-dos-municipios-de-interesse-turistico\/","og_locale":"pt_BR","og_type":"article","og_title":"PREFEITURA DE SUZANO ASSINA CONV\u00caNIO COM ASSOCIA\u00c7\u00c3O DOS MUNIC\u00cdPIOS DE INTERESSE TUR\u00cdSTICO - Jornal Metr\u00f3pole","og_description":"Ades\u00e3o ocorreu durante reuni\u00e3o nesta ter\u00e7a-feira (1\u00ba) entre o prefeito Pedro Ishi, o secret\u00e1rio Mauro Vaz e o presidente da entidade O prefeito de Suzano, Pedro Ishi, assinou nesta ter\u00e7a-feira (1\u00ba) um conv\u00eanio com a Associa\u00e7\u00e3o das Prefeituras dos Munic\u00edpios de Interesse Tur\u00edstico do Estado de S\u00e3o Paulo (Amitesp) para dar prosseguimento ao trabalho que [&hellip;]","og_url":"https:\/\/jm-metropole.com.br\/site\/prefeitura-de-suzano-assina-convenio-com-associacao-dos-municipios-de-interesse-turistico\/","og_site_name":"Jornal Metr\u00f3pole","article_publisher":"https:\/\/www.facebook.com\/jm.metropole","article_published_time":"2026-09-02T18:33:25+00:00","og_image":[{"width":1560,"height":1040,"url":"https:\/\/jm-metropole.com.br\/site\/wp-content\/uploads\/2026\/09\/WhatsApp-Image-2026-09-02-at-13.18.11.jpeg","type":"image\/jpeg"}],"author":"Jornal Metr\u00f3pole","twitter_card":"summary_large_image","twitter_misc":{"Escrito por":"Jornal Metr\u00f3pole","Est. tempo de leitura":"4 minutos"},"schema":{"@context":"https:\/\/schema.org","@graph":[{"@type":"Article","@id":"https:\/\/jm-metropole.com.br\/site\/prefeitura-de-suzano-assina-convenio-com-associacao-dos-municipios-de-interesse-turistico\/#article","isPartOf":{"@id":"https:\/\/jm-metropole.com.br\/site\/prefeitura-de-suzano-assina-convenio-com-associacao-dos-municipios-de-interesse-turistico\/"},"author":{"name":"Jornal Metr\u00f3pole","@id":"https:\/\/jm-metropole.com.br\/site\/#\/schema\/person\/a438c77cefcef76c8ddbe3dcc9b238fc"},"headline":"PREFEITURA DE SUZANO ASSINA CONV\u00caNIO COM ASSOCIA\u00c7\u00c3O DOS MUNIC\u00cdPIOS DE INTERESSE TUR\u00cdSTICO","datePublished":"2026-09-02T18:33:25+00:00","mainEntityOfPage":{"@id":"https:\/\/jm-metropole.com.br\/site\/prefeitura-de-suzano-assina-convenio-com-associacao-dos-municipios-de-interesse-turistico\/"},"wordCount":637,"commentCount":0,"publisher":{"@id":"https:\/\/jm-metropole.com.br\/site\/#organization"},"image":{"@id":"https:\/\/jm-metropole.com.br\/site\/prefeitura-de-suzano-assina-convenio-com-associacao-dos-municipios-de-interesse-turistico\/#primaryimage"},"thumbnailUrl":"https:\/\/jm-metropole.com.br\/site\/wp-content\/uploads\/2026\/09\/WhatsApp-Image-2026-09-02-at-13.18.11.jpeg","articleSection":["Cidades","Suzano","Turismo"],"inLanguage":"pt-BR","potentialAction":[{"@type":"CommentAction","name":"Comment","target":["https:\/\/jm-metropole.com.br\/site\/prefeitura-de-suzano-assina-convenio-com-associacao-dos-municipios-de-interesse-turistico\/#respond"]}]},{"@type":"WebPage","@id":"https:\/\/jm-metropole.com.br\/site\/prefeitura-de-suzano-assina-convenio-com-associacao-dos-municipios-de-interesse-turistico\/","url":"https:\/\/jm-metropole.com.br\/site\/prefeitura-de-suzano-assina-convenio-com-associacao-dos-municipios-de-interesse-turistico\/","name":"PREFEITURA DE SUZANO ASSINA CONV\u00caNIO COM ASSOCIA\u00c7\u00c3O DOS MUNIC\u00cdPIOS DE INTERESSE TUR\u00cdSTICO - Jornal Metr\u00f3pole","isPartOf":{"@id":"https:\/\/jm-metropole.com.br\/site\/#website"},"primaryImageOfPage":{"@id":"https:\/\/jm-metropole.com.br\/site\/prefeitura-de-suzano-assina-convenio-com-associacao-dos-municipios-de-interesse-turistico\/#primaryimage"},"image":{"@id":"https:\/\/jm-metropole.com.br\/site\/prefeitura-de-suzano-assina-convenio-com-associacao-dos-municipios-de-interesse-turistico\/#primaryimage"},"thumbnailUrl":"https:\/\/jm-metropole.com.br\/site\/wp-content\/uploads\/2026\/09\/WhatsApp-Image-2026-09-02-at-13.18.11.jpeg","datePublished":"2026-09-02T18:33:25+00:00","breadcrumb":{"@id":"https:\/\/jm-metropole.com.br\/site\/prefeitura-de-suzano-assina-convenio-com-associacao-dos-municipios-de-interesse-turistico\/#breadcrumb"},"inLanguage":"pt-BR","potentialAction":[{"@type":"ReadAction","target":["https:\/\/jm-metropole.com.br\/site\/prefeitura-de-suzano-assina-convenio-com-associacao-dos-municipios-de-interesse-turistico\/"]}]},{"@type":"ImageObject","inLanguage":"pt-BR","@id":"https:\/\/jm-metropole.com.br\/site\/prefeitura-de-suzano-assina-convenio-com-associacao-dos-municipios-de-interesse-turistico\/#primaryimage","url":"https:\/\/jm-metropole.com.br\/site\/wp-content\/uploads\/2026\/09\/WhatsApp-Image-2026-09-02-at-13.18.11.jpeg","contentUrl":"https:\/\/jm-metropole.com.br\/site\/wp-content\/uploads\/2026\/09\/WhatsApp-Image-2026-09-02-at-13.18.11.jpeg","width":1560,"height":1040},{"@type":"BreadcrumbList","@id":"https:\/\/jm-metropole.com.br\/site\/prefeitura-de-suzano-assina-convenio-com-associacao-dos-municipios-de-interesse-turistico\/#breadcrumb","itemListElement":[{"@type":"ListItem","position":1,"name":"In\u00edcio","item":"https:\/\/jm-metropole.com.br\/site\/"},{"@type":"ListItem","position":2,"name":"PREFEITURA DE SUZANO ASSINA CONV\u00caNIO COM ASSOCIA\u00c7\u00c3O DOS MUNIC\u00cdPIOS DE INTERESSE TUR\u00cdSTICO"}]},{"@type":"WebSite","@id":"https:\/\/jm-metropole.com.br\/site\/#website","url":"https:\/\/jm-metropole.com.br\/site\/","name":"Jornal Metr\u00f3pole","description":"Alto Tiet\u00ea e Regi\u00e3o","publisher":{"@id":"https:\/\/jm-metropole.com.br\/site\/#organization"},"potentialAction":[{"@type":"SearchAction","target":{"@type":"EntryPoint","urlTemplate":"https:\/\/jm-metropole.com.br\/site\/?s={search_term_string}"},"query-input":{"@type":"PropertyValueSpecification","valueRequired":true,"valueName":"search_term_string"}}],"inLanguage":"pt-BR"},{"@type":"Organization","@id":"https:\/\/jm-metropole.com.br\/site\/#organization","name":"Jornal Metr\u00f3pole","url":"https:\/\/jm-metropole.com.br\/site\/","logo":{"@type":"ImageObject","inLanguage":"pt-BR","@id":"https:\/\/jm-metropole.com.br\/site\/#\/schema\/logo\/image\/","url":"https:\/\/jm-metropole.com.br\/site\/wp-content\/uploads\/2026\/05\/LOGO-JM-scaled.jpg","contentUrl":"https:\/\/jm-metropole.com.br\/site\/wp-content\/uploads\/2026\/05\/LOGO-JM-scaled.jpg","width":2560,"height":2498,"caption":"Jornal Metr\u00f3pole"},"image":{"@id":"https:\/\/jm-metropole.com.br\/site\/#\/schema\/logo\/image\/"},"sameAs":["https:\/\/www.facebook.com\/jm.metropole","https:\/\/www.instagram.com\/jm.metropole\/"]},{"@type":"Person","@id":"https:\/\/jm-metropole.com.br\/site\/#\/schema\/person\/a438c77cefcef76c8ddbe3dcc9b238fc","name":"Jornal Metr\u00f3pole","sameAs":["https:\/\/jm-metropole.com.br\/site"],"url":"https:\/\/jm-metropole.com.br\/site\/author\/admin\/"}]}},"_links":{"self":[{"href":"https:\/\/jm-metropole.com.br\/site\/wp-json\/wp\/v2\/posts\/32464","targetHints":{"allow":["GET"]}}],"collection":[{"href":"https:\/\/jm-metropole.com.br\/site\/wp-json\/wp\/v2\/posts"}],"about":[{"href":"https:\/\/jm-metropole.com.br\/site\/wp-json\/wp\/v2\/types\/post"}],"author":[{"embeddable":true,"href":"https:\/\/jm-metropole.com.br\/site\/wp-json\/wp\/v2\/users\/1"}],"replies":[{"embeddable":true,"href":"https:\/\/jm-metropole.com.br\/site\/wp-json\/wp\/v2\/comments?post=32464"}],"version-history":[{"count":1,"href":"https:\/\/jm-metropole.com.br\/site\/wp-json\/wp\/v2\/posts\/32464\/revisions"}],"predecessor-version":[{"id":32465,"href":"https:\/\/jm-metropole.com.br\/site\/wp-json\/wp\/v2\/posts\/32464\/revisions\/32465"}],"wp:featuredmedia":[{"embeddable":true,"href":"https:\/\/jm-metropole.com.br\/site\/wp-json\/wp\/v2\/media\/32456"}],"wp:attachment":[{"href":"https:\/\/jm-metropole.com.br\/site\/wp-json\/wp\/v2\/media?parent=32464"}],"wp:term":[{"taxonomy":"category","embeddable":true,"href":"https:\/\/jm-metropole.com.br\/site\/wp-json\/wp\/v2\/categories?post=32464"},{"taxonomy":"post_tag","embeddable":true,"href":"https:\/\/jm-metropole.com.br\/site\/wp-json\/wp\/v2\/tags?post=32464"}],"curies":[{"name":"wp","href":"https:\/\/api.w.org\/{rel}","templated":true}]}}