{"id":32462,"date":"2026-09-02T15:27:52","date_gmt":"2026-09-02T18:27:52","guid":{"rendered":"https:\/\/jm-metropole.com.br\/site\/?p=32462"},"modified":"2026-09-02T15:27:52","modified_gmt":"2026-09-02T18:27:52","slug":"escolas-municipais-de-santa-isabel-recebem-selo-por-ensino-empreendedor","status":"publish","type":"post","link":"https:\/\/jm-metropole.com.br\/site\/escolas-municipais-de-santa-isabel-recebem-selo-por-ensino-empreendedor\/","title":{"rendered":"ESCOLAS MUNICIPAIS DE SANTA ISABEL RECEBEM SELO POR ENSINO EMPREENDEDOR"},"content":{"rendered":"<p style=\"text-align: justify;\">Dez escolas da rede municipal foram reconhecidas pela ades\u00e3o ao Programa Jovens Empreendedores Primeiros Passos, do Sebrae<\/p>\n<p style=\"text-align: justify;\">Na manh\u00e3 desta ter\u00e7a-feira (1\u00ba), a Prefeitura de Santa Isabel, por meio da Secretaria de Educa\u00e7\u00e3o, realizou uma cerim\u00f4nia de reconhecimento \u00e0s escolas que t\u00eam aplicado a &#8220;Educa\u00e7\u00e3o Empreendedora&#8221; atrav\u00e9s do Programa JEPP (Jovens Empreendedores Primeiros Passos), iniciativa em parceria com o Sebrae.<\/p>\n<p style=\"text-align: justify;\">O evento teve como finalidade reconhecer o trabalho realizado nas dez escolas de ensino fundamental da rede municipal, onde os alunos aprendem, al\u00e9m da grade comum, no\u00e7\u00f5es de empreendedorismo, como administra\u00e7\u00e3o, precifica\u00e7\u00e3o e vendas.<\/p>\n<p style=\"text-align: justify;\"><img loading=\"lazy\" decoding=\"async\" class=\"size-medium wp-image-32459 alignleft\" src=\"https:\/\/jm-metropole.com.br\/site\/wp-content\/uploads\/2026\/09\/WhatsApp-Image-2026-09-02-at-13.16.57-300x225.jpeg\" alt=\"\" width=\"300\" height=\"225\" srcset=\"https:\/\/jm-metropole.com.br\/site\/wp-content\/uploads\/2026\/09\/WhatsApp-Image-2026-09-02-at-13.16.57-300x225.jpeg 300w, https:\/\/jm-metropole.com.br\/site\/wp-content\/uploads\/2026\/09\/WhatsApp-Image-2026-09-02-at-13.16.57-1024x768.jpeg 1024w, https:\/\/jm-metropole.com.br\/site\/wp-content\/uploads\/2026\/09\/WhatsApp-Image-2026-09-02-at-13.16.57-768x576.jpeg 768w, https:\/\/jm-metropole.com.br\/site\/wp-content\/uploads\/2026\/09\/WhatsApp-Image-2026-09-02-at-13.16.57-1536x1152.jpeg 1536w, https:\/\/jm-metropole.com.br\/site\/wp-content\/uploads\/2026\/09\/WhatsApp-Image-2026-09-02-at-13.16.57-150x113.jpeg 150w, https:\/\/jm-metropole.com.br\/site\/wp-content\/uploads\/2026\/09\/WhatsApp-Image-2026-09-02-at-13.16.57-600x450.jpeg 600w, https:\/\/jm-metropole.com.br\/site\/wp-content\/uploads\/2026\/09\/WhatsApp-Image-2026-09-02-at-13.16.57-696x522.jpeg 696w, https:\/\/jm-metropole.com.br\/site\/wp-content\/uploads\/2026\/09\/WhatsApp-Image-2026-09-02-at-13.16.57-1392x1044.jpeg 1392w, https:\/\/jm-metropole.com.br\/site\/wp-content\/uploads\/2026\/09\/WhatsApp-Image-2026-09-02-at-13.16.57-1068x801.jpeg 1068w, https:\/\/jm-metropole.com.br\/site\/wp-content\/uploads\/2026\/09\/WhatsApp-Image-2026-09-02-at-13.16.57-560x420.jpeg 560w, https:\/\/jm-metropole.com.br\/site\/wp-content\/uploads\/2026\/09\/WhatsApp-Image-2026-09-02-at-13.16.57-1120x840.jpeg 1120w, https:\/\/jm-metropole.com.br\/site\/wp-content\/uploads\/2026\/09\/WhatsApp-Image-2026-09-02-at-13.16.57-80x60.jpeg 80w, https:\/\/jm-metropole.com.br\/site\/wp-content\/uploads\/2026\/09\/WhatsApp-Image-2026-09-02-at-13.16.57-160x120.jpeg 160w, https:\/\/jm-metropole.com.br\/site\/wp-content\/uploads\/2026\/09\/WhatsApp-Image-2026-09-02-at-13.16.57-265x198.jpeg 265w, https:\/\/jm-metropole.com.br\/site\/wp-content\/uploads\/2026\/09\/WhatsApp-Image-2026-09-02-at-13.16.57-530x396.jpeg 530w, https:\/\/jm-metropole.com.br\/site\/wp-content\/uploads\/2026\/09\/WhatsApp-Image-2026-09-02-at-13.16.57.jpeg 1600w\" sizes=\"auto, (max-width: 300px) 100vw, 300px\" \/>Presente ao lado da secret\u00e1ria municipal de Educa\u00e7\u00e3o, Maria Donizete Queluz, o prefeito Dr. Carlos Chinchilla destacou a import\u00e2ncia do projeto e a parceria com o Sebrae na promo\u00e7\u00e3o de uma educa\u00e7\u00e3o cada vez mais libertadora. &#8220;A verdadeira educa\u00e7\u00e3o libertadora \u00e9 aquela que trabalha com as potencialidades dos alunos e \u00e9 uma facilitadora de uma vida de sucesso, trabalhando as limita\u00e7\u00f5es, para que essas limita\u00e7\u00f5es n\u00e3o sejam fatores de insucesso na vida da pessoa. Um dos grandes parceiros nesse ideal que temos na educa\u00e7\u00e3o de Santa Isabel \u00e9 justamente o Sebrae. Eu tenho grande satisfa\u00e7\u00e3o de saber que 100% das escolas de ensino fundamental aderem a este programa t\u00e3o bacana&#8221;, afirmou.<\/p>\n<p style=\"text-align: justify;\">O evento ocorreu no audit\u00f3rio da EMEB Pref. Waldir Jos\u00e9 Cabral Saueia e reuniu diretores e diretoras de todas as escolas homenageadas: EMEF Oscar Ferreira de Godoy, EMEF Nirlando Costa Alvarenga, EMEB Carlos Cintra de Paula, EMEB Teiji Kita, EMEB Ver. Luiz Benedito, EMEF Jos\u00e9 de Almeida Machado, EMEF Jo\u00e3o Jos\u00e9 de Almeida Filho, EMEB Firmino Alves de Queluz, EMEB Francisco Beraldo Filho, al\u00e9m da anfitri\u00e3.<\/p>\n<p style=\"text-align: justify;\">O gerente do Escrit\u00f3rio Regional Sebrae Guarulhos, Sergio Gromik, destacou os primeiros resultados do projeto e a expectativa para os pr\u00f3ximos anos. &#8220;N\u00f3s j\u00e1 vemos, atrav\u00e9s das feiras que t\u00eam ocorrido nas escolas, os resultados do projeto, mas n\u00f3s vamos colher de fato esses frutos no m\u00e9dio e longo prazo, quando essas crian\u00e7as crescerem e se tornarem cidad\u00e3os cada vez melhores. Eu tenho de agradecer \u00e0 Secretaria de Educa\u00e7\u00e3o, mas de um modo geral, \u00e0s diretoras, coordenadoras, professoras e todos que trabalham nas escolas, fazendo com que o programa se torne realidade e n\u00e3o fique apenas na boa inten\u00e7\u00e3o&#8221;, disse.<\/p>\n","protected":false},"excerpt":{"rendered":"<p>Dez escolas da rede municipal foram reconhecidas pela ades\u00e3o ao Programa Jovens Empreendedores Primeiros Passos, do Sebrae Na manh\u00e3 desta ter\u00e7a-feira (1\u00ba), a Prefeitura de Santa Isabel, por meio da Secretaria de Educa\u00e7\u00e3o, realizou uma cerim\u00f4nia de reconhecimento \u00e0s escolas que t\u00eam aplicado a &#8220;Educa\u00e7\u00e3o Empreendedora&#8221; atrav\u00e9s do Programa JEPP (Jovens Empreendedores Primeiros Passos), iniciativa [&hellip;]<\/p>\n","protected":false},"author":1,"featured_media":32457,"comment_status":"open","ping_status":"open","sticky":false,"template":"","format":"standard","meta":{"footnotes":""},"categories":[2,14,5],"tags":[],"class_list":["post-32462","post","type-post","status-publish","format-standard","has-post-thumbnail","category-cidades","category-educacao","category-santa-isabel"],"yoast_head":"<!-- This site is optimized with the Yoast SEO plugin v27.6 - https:\/\/yoast.com\/product\/yoast-seo-wordpress\/ -->\n<title>ESCOLAS MUNICIPAIS DE SANTA ISABEL RECEBEM SELO POR ENSINO EMPREENDEDOR - Jornal Metr\u00f3pole<\/title>\n<meta name=\"robots\" content=\"index, follow, max-snippet:-1, max-image-preview:large, max-video-preview:-1\" \/>\n<link rel=\"canonical\" href=\"https:\/\/jm-metropole.com.br\/site\/escolas-municipais-de-santa-isabel-recebem-selo-por-ensino-empreendedor\/\" \/>\n<meta property=\"og:locale\" content=\"pt_BR\" \/>\n<meta property=\"og:type\" content=\"article\" \/>\n<meta property=\"og:title\" content=\"ESCOLAS MUNICIPAIS DE SANTA ISABEL RECEBEM SELO POR ENSINO EMPREENDEDOR - Jornal Metr\u00f3pole\" \/>\n<meta property=\"og:description\" content=\"Dez escolas da rede municipal foram reconhecidas pela ades\u00e3o ao Programa Jovens Empreendedores Primeiros Passos, do Sebrae Na manh\u00e3 desta ter\u00e7a-feira (1\u00ba), a Prefeitura de Santa Isabel, por meio da Secretaria de Educa\u00e7\u00e3o, realizou uma cerim\u00f4nia de reconhecimento \u00e0s escolas que t\u00eam aplicado a &#8220;Educa\u00e7\u00e3o Empreendedora&#8221; atrav\u00e9s do Programa JEPP (Jovens Empreendedores Primeiros Passos), iniciativa [&hellip;]\" \/>\n<meta property=\"og:url\" content=\"https:\/\/jm-metropole.com.br\/site\/escolas-municipais-de-santa-isabel-recebem-selo-por-ensino-empreendedor\/\" \/>\n<meta property=\"og:site_name\" content=\"Jornal Metr\u00f3pole\" \/>\n<meta property=\"article:publisher\" content=\"https:\/\/www.facebook.com\/jm.metropole\" \/>\n<meta property=\"article:published_time\" content=\"2026-09-02T18:27:52+00:00\" \/>\n<meta property=\"og:image\" content=\"https:\/\/jm-metropole.com.br\/site\/wp-content\/uploads\/2026\/09\/WhatsApp-Image-2026-09-02-at-13.16.58.jpeg\" \/>\n\t<meta property=\"og:image:width\" content=\"1600\" \/>\n\t<meta property=\"og:image:height\" content=\"1200\" \/>\n\t<meta property=\"og:image:type\" content=\"image\/jpeg\" \/>\n<meta name=\"author\" content=\"Jornal Metr\u00f3pole\" \/>\n<meta name=\"twitter:card\" content=\"summary_large_image\" \/>\n<meta name=\"twitter:label1\" content=\"Escrito por\" \/>\n\t<meta name=\"twitter:data1\" content=\"Jornal Metr\u00f3pole\" \/>\n\t<meta name=\"twitter:label2\" content=\"Est. tempo de leitura\" \/>\n\t<meta name=\"twitter:data2\" content=\"3 minutos\" \/>\n<script type=\"application\/ld+json\" class=\"yoast-schema-graph\">{\"@context\":\"https:\\\/\\\/schema.org\",\"@graph\":[{\"@type\":\"Article\",\"@id\":\"https:\\\/\\\/jm-metropole.com.br\\\/site\\\/escolas-municipais-de-santa-isabel-recebem-selo-por-ensino-empreendedor\\\/#article\",\"isPartOf\":{\"@id\":\"https:\\\/\\\/jm-metropole.com.br\\\/site\\\/escolas-municipais-de-santa-isabel-recebem-selo-por-ensino-empreendedor\\\/\"},\"author\":{\"name\":\"Jornal Metr\u00f3pole\",\"@id\":\"https:\\\/\\\/jm-metropole.com.br\\\/site\\\/#\\\/schema\\\/person\\\/a438c77cefcef76c8ddbe3dcc9b238fc\"},\"headline\":\"ESCOLAS MUNICIPAIS DE SANTA ISABEL RECEBEM SELO POR ENSINO EMPREENDEDOR\",\"datePublished\":\"2026-09-02T18:27:52+00:00\",\"mainEntityOfPage\":{\"@id\":\"https:\\\/\\\/jm-metropole.com.br\\\/site\\\/escolas-municipais-de-santa-isabel-recebem-selo-por-ensino-empreendedor\\\/\"},\"wordCount\":413,\"commentCount\":0,\"publisher\":{\"@id\":\"https:\\\/\\\/jm-metropole.com.br\\\/site\\\/#organization\"},\"image\":{\"@id\":\"https:\\\/\\\/jm-metropole.com.br\\\/site\\\/escolas-municipais-de-santa-isabel-recebem-selo-por-ensino-empreendedor\\\/#primaryimage\"},\"thumbnailUrl\":\"https:\\\/\\\/jm-metropole.com.br\\\/site\\\/wp-content\\\/uploads\\\/2026\\\/09\\\/WhatsApp-Image-2026-09-02-at-13.16.58.jpeg\",\"articleSection\":[\"Cidades\",\"Educa\u00e7\u00e3o\",\"Santa Isabel\"],\"inLanguage\":\"pt-BR\",\"potentialAction\":[{\"@type\":\"CommentAction\",\"name\":\"Comment\",\"target\":[\"https:\\\/\\\/jm-metropole.com.br\\\/site\\\/escolas-municipais-de-santa-isabel-recebem-selo-por-ensino-empreendedor\\\/#respond\"]}]},{\"@type\":\"WebPage\",\"@id\":\"https:\\\/\\\/jm-metropole.com.br\\\/site\\\/escolas-municipais-de-santa-isabel-recebem-selo-por-ensino-empreendedor\\\/\",\"url\":\"https:\\\/\\\/jm-metropole.com.br\\\/site\\\/escolas-municipais-de-santa-isabel-recebem-selo-por-ensino-empreendedor\\\/\",\"name\":\"ESCOLAS MUNICIPAIS DE SANTA ISABEL RECEBEM SELO POR ENSINO EMPREENDEDOR - Jornal Metr\u00f3pole\",\"isPartOf\":{\"@id\":\"https:\\\/\\\/jm-metropole.com.br\\\/site\\\/#website\"},\"primaryImageOfPage\":{\"@id\":\"https:\\\/\\\/jm-metropole.com.br\\\/site\\\/escolas-municipais-de-santa-isabel-recebem-selo-por-ensino-empreendedor\\\/#primaryimage\"},\"image\":{\"@id\":\"https:\\\/\\\/jm-metropole.com.br\\\/site\\\/escolas-municipais-de-santa-isabel-recebem-selo-por-ensino-empreendedor\\\/#primaryimage\"},\"thumbnailUrl\":\"https:\\\/\\\/jm-metropole.com.br\\\/site\\\/wp-content\\\/uploads\\\/2026\\\/09\\\/WhatsApp-Image-2026-09-02-at-13.16.58.jpeg\",\"datePublished\":\"2026-09-02T18:27:52+00:00\",\"breadcrumb\":{\"@id\":\"https:\\\/\\\/jm-metropole.com.br\\\/site\\\/escolas-municipais-de-santa-isabel-recebem-selo-por-ensino-empreendedor\\\/#breadcrumb\"},\"inLanguage\":\"pt-BR\",\"potentialAction\":[{\"@type\":\"ReadAction\",\"target\":[\"https:\\\/\\\/jm-metropole.com.br\\\/site\\\/escolas-municipais-de-santa-isabel-recebem-selo-por-ensino-empreendedor\\\/\"]}]},{\"@type\":\"ImageObject\",\"inLanguage\":\"pt-BR\",\"@id\":\"https:\\\/\\\/jm-metropole.com.br\\\/site\\\/escolas-municipais-de-santa-isabel-recebem-selo-por-ensino-empreendedor\\\/#primaryimage\",\"url\":\"https:\\\/\\\/jm-metropole.com.br\\\/site\\\/wp-content\\\/uploads\\\/2026\\\/09\\\/WhatsApp-Image-2026-09-02-at-13.16.58.jpeg\",\"contentUrl\":\"https:\\\/\\\/jm-metropole.com.br\\\/site\\\/wp-content\\\/uploads\\\/2026\\\/09\\\/WhatsApp-Image-2026-09-02-at-13.16.58.jpeg\",\"width\":1600,\"height\":1200},{\"@type\":\"BreadcrumbList\",\"@id\":\"https:\\\/\\\/jm-metropole.com.br\\\/site\\\/escolas-municipais-de-santa-isabel-recebem-selo-por-ensino-empreendedor\\\/#breadcrumb\",\"itemListElement\":[{\"@type\":\"ListItem\",\"position\":1,\"name\":\"In\u00edcio\",\"item\":\"https:\\\/\\\/jm-metropole.com.br\\\/site\\\/\"},{\"@type\":\"ListItem\",\"position\":2,\"name\":\"ESCOLAS MUNICIPAIS DE SANTA ISABEL RECEBEM SELO POR ENSINO EMPREENDEDOR\"}]},{\"@type\":\"WebSite\",\"@id\":\"https:\\\/\\\/jm-metropole.com.br\\\/site\\\/#website\",\"url\":\"https:\\\/\\\/jm-metropole.com.br\\\/site\\\/\",\"name\":\"Jornal Metr\u00f3pole\",\"description\":\"Alto Tiet\u00ea e Regi\u00e3o\",\"publisher\":{\"@id\":\"https:\\\/\\\/jm-metropole.com.br\\\/site\\\/#organization\"},\"potentialAction\":[{\"@type\":\"SearchAction\",\"target\":{\"@type\":\"EntryPoint\",\"urlTemplate\":\"https:\\\/\\\/jm-metropole.com.br\\\/site\\\/?s={search_term_string}\"},\"query-input\":{\"@type\":\"PropertyValueSpecification\",\"valueRequired\":true,\"valueName\":\"search_term_string\"}}],\"inLanguage\":\"pt-BR\"},{\"@type\":\"Organization\",\"@id\":\"https:\\\/\\\/jm-metropole.com.br\\\/site\\\/#organization\",\"name\":\"Jornal Metr\u00f3pole\",\"url\":\"https:\\\/\\\/jm-metropole.com.br\\\/site\\\/\",\"logo\":{\"@type\":\"ImageObject\",\"inLanguage\":\"pt-BR\",\"@id\":\"https:\\\/\\\/jm-metropole.com.br\\\/site\\\/#\\\/schema\\\/logo\\\/image\\\/\",\"url\":\"https:\\\/\\\/jm-metropole.com.br\\\/site\\\/wp-content\\\/uploads\\\/2026\\\/05\\\/LOGO-JM-scaled.jpg\",\"contentUrl\":\"https:\\\/\\\/jm-metropole.com.br\\\/site\\\/wp-content\\\/uploads\\\/2026\\\/05\\\/LOGO-JM-scaled.jpg\",\"width\":2560,\"height\":2498,\"caption\":\"Jornal Metr\u00f3pole\"},\"image\":{\"@id\":\"https:\\\/\\\/jm-metropole.com.br\\\/site\\\/#\\\/schema\\\/logo\\\/image\\\/\"},\"sameAs\":[\"https:\\\/\\\/www.facebook.com\\\/jm.metropole\",\"https:\\\/\\\/www.instagram.com\\\/jm.metropole\\\/\"]},{\"@type\":\"Person\",\"@id\":\"https:\\\/\\\/jm-metropole.com.br\\\/site\\\/#\\\/schema\\\/person\\\/a438c77cefcef76c8ddbe3dcc9b238fc\",\"name\":\"Jornal Metr\u00f3pole\",\"sameAs\":[\"https:\\\/\\\/jm-metropole.com.br\\\/site\"],\"url\":\"https:\\\/\\\/jm-metropole.com.br\\\/site\\\/author\\\/admin\\\/\"}]}<\/script>\n<!-- \/ Yoast SEO plugin. -->","yoast_head_json":{"title":"ESCOLAS MUNICIPAIS DE SANTA ISABEL RECEBEM SELO POR ENSINO EMPREENDEDOR - Jornal Metr\u00f3pole","robots":{"index":"index","follow":"follow","max-snippet":"max-snippet:-1","max-image-preview":"max-image-preview:large","max-video-preview":"max-video-preview:-1"},"canonical":"https:\/\/jm-metropole.com.br\/site\/escolas-municipais-de-santa-isabel-recebem-selo-por-ensino-empreendedor\/","og_locale":"pt_BR","og_type":"article","og_title":"ESCOLAS MUNICIPAIS DE SANTA ISABEL RECEBEM SELO POR ENSINO EMPREENDEDOR - Jornal Metr\u00f3pole","og_description":"Dez escolas da rede municipal foram reconhecidas pela ades\u00e3o ao Programa Jovens Empreendedores Primeiros Passos, do Sebrae Na manh\u00e3 desta ter\u00e7a-feira (1\u00ba), a Prefeitura de Santa Isabel, por meio da Secretaria de Educa\u00e7\u00e3o, realizou uma cerim\u00f4nia de reconhecimento \u00e0s escolas que t\u00eam aplicado a &#8220;Educa\u00e7\u00e3o Empreendedora&#8221; atrav\u00e9s do Programa JEPP (Jovens Empreendedores Primeiros Passos), iniciativa [&hellip;]","og_url":"https:\/\/jm-metropole.com.br\/site\/escolas-municipais-de-santa-isabel-recebem-selo-por-ensino-empreendedor\/","og_site_name":"Jornal Metr\u00f3pole","article_publisher":"https:\/\/www.facebook.com\/jm.metropole","article_published_time":"2026-09-02T18:27:52+00:00","og_image":[{"width":1600,"height":1200,"url":"https:\/\/jm-metropole.com.br\/site\/wp-content\/uploads\/2026\/09\/WhatsApp-Image-2026-09-02-at-13.16.58.jpeg","type":"image\/jpeg"}],"author":"Jornal Metr\u00f3pole","twitter_card":"summary_large_image","twitter_misc":{"Escrito por":"Jornal Metr\u00f3pole","Est. tempo de leitura":"3 minutos"},"schema":{"@context":"https:\/\/schema.org","@graph":[{"@type":"Article","@id":"https:\/\/jm-metropole.com.br\/site\/escolas-municipais-de-santa-isabel-recebem-selo-por-ensino-empreendedor\/#article","isPartOf":{"@id":"https:\/\/jm-metropole.com.br\/site\/escolas-municipais-de-santa-isabel-recebem-selo-por-ensino-empreendedor\/"},"author":{"name":"Jornal Metr\u00f3pole","@id":"https:\/\/jm-metropole.com.br\/site\/#\/schema\/person\/a438c77cefcef76c8ddbe3dcc9b238fc"},"headline":"ESCOLAS MUNICIPAIS DE SANTA ISABEL RECEBEM SELO POR ENSINO EMPREENDEDOR","datePublished":"2026-09-02T18:27:52+00:00","mainEntityOfPage":{"@id":"https:\/\/jm-metropole.com.br\/site\/escolas-municipais-de-santa-isabel-recebem-selo-por-ensino-empreendedor\/"},"wordCount":413,"commentCount":0,"publisher":{"@id":"https:\/\/jm-metropole.com.br\/site\/#organization"},"image":{"@id":"https:\/\/jm-metropole.com.br\/site\/escolas-municipais-de-santa-isabel-recebem-selo-por-ensino-empreendedor\/#primaryimage"},"thumbnailUrl":"https:\/\/jm-metropole.com.br\/site\/wp-content\/uploads\/2026\/09\/WhatsApp-Image-2026-09-02-at-13.16.58.jpeg","articleSection":["Cidades","Educa\u00e7\u00e3o","Santa Isabel"],"inLanguage":"pt-BR","potentialAction":[{"@type":"CommentAction","name":"Comment","target":["https:\/\/jm-metropole.com.br\/site\/escolas-municipais-de-santa-isabel-recebem-selo-por-ensino-empreendedor\/#respond"]}]},{"@type":"WebPage","@id":"https:\/\/jm-metropole.com.br\/site\/escolas-municipais-de-santa-isabel-recebem-selo-por-ensino-empreendedor\/","url":"https:\/\/jm-metropole.com.br\/site\/escolas-municipais-de-santa-isabel-recebem-selo-por-ensino-empreendedor\/","name":"ESCOLAS MUNICIPAIS DE SANTA ISABEL RECEBEM SELO POR ENSINO EMPREENDEDOR - Jornal Metr\u00f3pole","isPartOf":{"@id":"https:\/\/jm-metropole.com.br\/site\/#website"},"primaryImageOfPage":{"@id":"https:\/\/jm-metropole.com.br\/site\/escolas-municipais-de-santa-isabel-recebem-selo-por-ensino-empreendedor\/#primaryimage"},"image":{"@id":"https:\/\/jm-metropole.com.br\/site\/escolas-municipais-de-santa-isabel-recebem-selo-por-ensino-empreendedor\/#primaryimage"},"thumbnailUrl":"https:\/\/jm-metropole.com.br\/site\/wp-content\/uploads\/2026\/09\/WhatsApp-Image-2026-09-02-at-13.16.58.jpeg","datePublished":"2026-09-02T18:27:52+00:00","breadcrumb":{"@id":"https:\/\/jm-metropole.com.br\/site\/escolas-municipais-de-santa-isabel-recebem-selo-por-ensino-empreendedor\/#breadcrumb"},"inLanguage":"pt-BR","potentialAction":[{"@type":"ReadAction","target":["https:\/\/jm-metropole.com.br\/site\/escolas-municipais-de-santa-isabel-recebem-selo-por-ensino-empreendedor\/"]}]},{"@type":"ImageObject","inLanguage":"pt-BR","@id":"https:\/\/jm-metropole.com.br\/site\/escolas-municipais-de-santa-isabel-recebem-selo-por-ensino-empreendedor\/#primaryimage","url":"https:\/\/jm-metropole.com.br\/site\/wp-content\/uploads\/2026\/09\/WhatsApp-Image-2026-09-02-at-13.16.58.jpeg","contentUrl":"https:\/\/jm-metropole.com.br\/site\/wp-content\/uploads\/2026\/09\/WhatsApp-Image-2026-09-02-at-13.16.58.jpeg","width":1600,"height":1200},{"@type":"BreadcrumbList","@id":"https:\/\/jm-metropole.com.br\/site\/escolas-municipais-de-santa-isabel-recebem-selo-por-ensino-empreendedor\/#breadcrumb","itemListElement":[{"@type":"ListItem","position":1,"name":"In\u00edcio","item":"https:\/\/jm-metropole.com.br\/site\/"},{"@type":"ListItem","position":2,"name":"ESCOLAS MUNICIPAIS DE SANTA ISABEL RECEBEM SELO POR ENSINO EMPREENDEDOR"}]},{"@type":"WebSite","@id":"https:\/\/jm-metropole.com.br\/site\/#website","url":"https:\/\/jm-metropole.com.br\/site\/","name":"Jornal Metr\u00f3pole","description":"Alto Tiet\u00ea e Regi\u00e3o","publisher":{"@id":"https:\/\/jm-metropole.com.br\/site\/#organization"},"potentialAction":[{"@type":"SearchAction","target":{"@type":"EntryPoint","urlTemplate":"https:\/\/jm-metropole.com.br\/site\/?s={search_term_string}"},"query-input":{"@type":"PropertyValueSpecification","valueRequired":true,"valueName":"search_term_string"}}],"inLanguage":"pt-BR"},{"@type":"Organization","@id":"https:\/\/jm-metropole.com.br\/site\/#organization","name":"Jornal Metr\u00f3pole","url":"https:\/\/jm-metropole.com.br\/site\/","logo":{"@type":"ImageObject","inLanguage":"pt-BR","@id":"https:\/\/jm-metropole.com.br\/site\/#\/schema\/logo\/image\/","url":"https:\/\/jm-metropole.com.br\/site\/wp-content\/uploads\/2026\/05\/LOGO-JM-scaled.jpg","contentUrl":"https:\/\/jm-metropole.com.br\/site\/wp-content\/uploads\/2026\/05\/LOGO-JM-scaled.jpg","width":2560,"height":2498,"caption":"Jornal Metr\u00f3pole"},"image":{"@id":"https:\/\/jm-metropole.com.br\/site\/#\/schema\/logo\/image\/"},"sameAs":["https:\/\/www.facebook.com\/jm.metropole","https:\/\/www.instagram.com\/jm.metropole\/"]},{"@type":"Person","@id":"https:\/\/jm-metropole.com.br\/site\/#\/schema\/person\/a438c77cefcef76c8ddbe3dcc9b238fc","name":"Jornal Metr\u00f3pole","sameAs":["https:\/\/jm-metropole.com.br\/site"],"url":"https:\/\/jm-metropole.com.br\/site\/author\/admin\/"}]}},"_links":{"self":[{"href":"https:\/\/jm-metropole.com.br\/site\/wp-json\/wp\/v2\/posts\/32462","targetHints":{"allow":["GET"]}}],"collection":[{"href":"https:\/\/jm-metropole.com.br\/site\/wp-json\/wp\/v2\/posts"}],"about":[{"href":"https:\/\/jm-metropole.com.br\/site\/wp-json\/wp\/v2\/types\/post"}],"author":[{"embeddable":true,"href":"https:\/\/jm-metropole.com.br\/site\/wp-json\/wp\/v2\/users\/1"}],"replies":[{"embeddable":true,"href":"https:\/\/jm-metropole.com.br\/site\/wp-json\/wp\/v2\/comments?post=32462"}],"version-history":[{"count":1,"href":"https:\/\/jm-metropole.com.br\/site\/wp-json\/wp\/v2\/posts\/32462\/revisions"}],"predecessor-version":[{"id":32463,"href":"https:\/\/jm-metropole.com.br\/site\/wp-json\/wp\/v2\/posts\/32462\/revisions\/32463"}],"wp:featuredmedia":[{"embeddable":true,"href":"https:\/\/jm-metropole.com.br\/site\/wp-json\/wp\/v2\/media\/32457"}],"wp:attachment":[{"href":"https:\/\/jm-metropole.com.br\/site\/wp-json\/wp\/v2\/media?parent=32462"}],"wp:term":[{"taxonomy":"category","embeddable":true,"href":"https:\/\/jm-metropole.com.br\/site\/wp-json\/wp\/v2\/categories?post=32462"},{"taxonomy":"post_tag","embeddable":true,"href":"https:\/\/jm-metropole.com.br\/site\/wp-json\/wp\/v2\/tags?post=32462"}],"curies":[{"name":"wp","href":"https:\/\/api.w.org\/{rel}","templated":true}]}}