{"id":32440,"date":"2026-09-02T13:38:36","date_gmt":"2026-09-02T16:38:36","guid":{"rendered":"https:\/\/jm-metropole.com.br\/site\/?p=32440"},"modified":"2026-09-02T13:38:36","modified_gmt":"2026-09-02T16:38:36","slug":"onibus-da-viacao-suzano-quebra-em-santa-isabel-e-deixa-passageiros-sem-condicoes-de-chegar-ao-trabalho-e-a-escola","status":"publish","type":"post","link":"https:\/\/jm-metropole.com.br\/site\/onibus-da-viacao-suzano-quebra-em-santa-isabel-e-deixa-passageiros-sem-condicoes-de-chegar-ao-trabalho-e-a-escola\/","title":{"rendered":"\u00d4NIBUS DA VIA\u00c7\u00c3O SUZANO QUEBRA EM SANTA ISABEL E DEIXA PASSAGEIROS SEM CONDI\u00c7\u00d5ES DE CHEGAR AO TRABALHO E \u00c0 ESCOLA"},"content":{"rendered":"<p style=\"text-align: justify;\">Caso reacende reclama\u00e7\u00f5es sobre o Rota Livre enquanto popula\u00e7\u00e3o organiza abaixo-assinado cobrando provid\u00eancias da Prefeitura<\/p>\n<p style=\"text-align: justify;\"><img loading=\"lazy\" decoding=\"async\" class=\"alignright size-medium wp-image-32442\" src=\"https:\/\/jm-metropole.com.br\/site\/wp-content\/uploads\/2026\/09\/WhatsApp-Image-2026-09-02-at-13.36.33-169x300.jpeg\" alt=\"\" width=\"169\" height=\"300\" srcset=\"https:\/\/jm-metropole.com.br\/site\/wp-content\/uploads\/2026\/09\/WhatsApp-Image-2026-09-02-at-13.36.33-169x300.jpeg 169w, https:\/\/jm-metropole.com.br\/site\/wp-content\/uploads\/2026\/09\/WhatsApp-Image-2026-09-02-at-13.36.33-150x267.jpeg 150w, https:\/\/jm-metropole.com.br\/site\/wp-content\/uploads\/2026\/09\/WhatsApp-Image-2026-09-02-at-13.36.33-300x533.jpeg 300w, https:\/\/jm-metropole.com.br\/site\/wp-content\/uploads\/2026\/09\/WhatsApp-Image-2026-09-02-at-13.36.33-236x420.jpeg 236w, https:\/\/jm-metropole.com.br\/site\/wp-content\/uploads\/2026\/09\/WhatsApp-Image-2026-09-02-at-13.36.33.jpeg 432w\" sizes=\"auto, (max-width: 169px) 100vw, 169px\" \/>Um \u00f4nibus da Via\u00e7\u00e3o Suzano quebrou na manh\u00e3 desta quarta-feira (2) em Santa Isabel, deixando passageiros sem condi\u00e7\u00f5es de chegar ao trabalho e \u00e0 escola no hor\u00e1rio. V\u00eddeos que circulam nas redes sociais mostram o momento em que os usu\u00e1rios precisaram desembarcar do ve\u00edculo, enquanto uma mun\u00edcipe registrou um protesto cobrando provid\u00eancias do prefeito Carlos Chinchilla.<\/p>\n<p style=\"text-align: justify;\">O caso reacende as reclama\u00e7\u00f5es recorrentes da popula\u00e7\u00e3o em rela\u00e7\u00e3o ao Rota Livre, programa municipal que oferece \u00f4nibus gratuitos aos moradores. Apesar da gratuidade, usu\u00e1rios relatam com frequ\u00eancia atrasos, quebras mec\u00e2nicas e m\u00e1s condi\u00e7\u00f5es dos ve\u00edculos disponibilizados pela Via\u00e7\u00e3o Suzano, empresa respons\u00e1vel pelo contrato milion\u00e1rio firmado com a Prefeitura para operar o servi\u00e7o.<\/p>\n<p style=\"text-align: justify;\">Para muitos mun\u00edcipes, de nada adianta ter transporte gratuito se ele n\u00e3o atende \u00e0s necessidades b\u00e1sicas da popula\u00e7\u00e3o, com hor\u00e1rios confi\u00e1veis e ve\u00edculos em condi\u00e7\u00f5es adequadas de uso.<\/p>\n<p style=\"text-align: justify;\">Diante da insatisfa\u00e7\u00e3o recorrente com o servi\u00e7o, moradores de Santa Isabel deram in\u00edcio a um abaixo-assinado voltado \u00e0 Prefeitura do munic\u00edpio. O documento re\u00fane assinaturas de usu\u00e1rios do Rota Livre que reclamam da frequ\u00eancia de quebras mec\u00e2nicas, dos atrasos constantes e das condi\u00e7\u00f5es gerais dos ve\u00edculos usados pela Via\u00e7\u00e3o Suzano na opera\u00e7\u00e3o do programa.<\/p>\n<p style=\"text-align: justify;\">Segundo os organizadores da mobiliza\u00e7\u00e3o, o objetivo \u00e9 pressionar o poder p\u00fablico a cobrar da empresa contratada melhorias efetivas no servi\u00e7o, j\u00e1 que o contrato que garante a gratuidade do transporte \u00e9 milion\u00e1rio e, para os moradores, deveria assegurar tamb\u00e9m regularidade e seguran\u00e7a aos passageiros. A expectativa \u00e9 reunir o maior n\u00famero poss\u00edvel de assinaturas para embasar um pedido formal de provid\u00eancias junto \u00e0 administra\u00e7\u00e3o municipal.<\/p>\n<p style=\"text-align: justify;\">O Jornal Metr\u00f3pole deixa o espa\u00e7o aberto para a Prefeitura de Santa Isabel e a Via\u00e7\u00e3o Suzano para posicionamento sobre o caso e sobre as medidas previstas para melhorar a qualidade do transporte oferecido \u00e0 popula\u00e7\u00e3o.<\/p>\n","protected":false},"excerpt":{"rendered":"<p>Caso reacende reclama\u00e7\u00f5es sobre o Rota Livre enquanto popula\u00e7\u00e3o organiza abaixo-assinado cobrando provid\u00eancias da Prefeitura Um \u00f4nibus da Via\u00e7\u00e3o Suzano quebrou na manh\u00e3 desta quarta-feira (2) em Santa Isabel, deixando passageiros sem condi\u00e7\u00f5es de chegar ao trabalho e \u00e0 escola no hor\u00e1rio. V\u00eddeos que circulam nas redes sociais mostram o momento em que os usu\u00e1rios [&hellip;]<\/p>\n","protected":false},"author":1,"featured_media":32441,"comment_status":"open","ping_status":"open","sticky":false,"template":"","format":"standard","meta":{"footnotes":""},"categories":[5,554],"tags":[],"class_list":["post-32440","post","type-post","status-publish","format-standard","has-post-thumbnail","category-santa-isabel","category-transporte"],"yoast_head":"<!-- This site is optimized with the Yoast SEO plugin v27.6 - https:\/\/yoast.com\/product\/yoast-seo-wordpress\/ -->\n<title>\u00d4NIBUS DA VIA\u00c7\u00c3O SUZANO QUEBRA EM SANTA ISABEL E DEIXA PASSAGEIROS SEM CONDI\u00c7\u00d5ES DE CHEGAR AO TRABALHO E \u00c0 ESCOLA - Jornal Metr\u00f3pole<\/title>\n<meta name=\"robots\" content=\"index, follow, max-snippet:-1, max-image-preview:large, max-video-preview:-1\" \/>\n<link rel=\"canonical\" href=\"https:\/\/jm-metropole.com.br\/site\/onibus-da-viacao-suzano-quebra-em-santa-isabel-e-deixa-passageiros-sem-condicoes-de-chegar-ao-trabalho-e-a-escola\/\" \/>\n<meta property=\"og:locale\" content=\"pt_BR\" \/>\n<meta property=\"og:type\" content=\"article\" \/>\n<meta property=\"og:title\" content=\"\u00d4NIBUS DA VIA\u00c7\u00c3O SUZANO QUEBRA EM SANTA ISABEL E DEIXA PASSAGEIROS SEM CONDI\u00c7\u00d5ES DE CHEGAR AO TRABALHO E \u00c0 ESCOLA - Jornal Metr\u00f3pole\" \/>\n<meta property=\"og:description\" content=\"Caso reacende reclama\u00e7\u00f5es sobre o Rota Livre enquanto popula\u00e7\u00e3o organiza abaixo-assinado cobrando provid\u00eancias da Prefeitura Um \u00f4nibus da Via\u00e7\u00e3o Suzano quebrou na manh\u00e3 desta quarta-feira (2) em Santa Isabel, deixando passageiros sem condi\u00e7\u00f5es de chegar ao trabalho e \u00e0 escola no hor\u00e1rio. V\u00eddeos que circulam nas redes sociais mostram o momento em que os usu\u00e1rios [&hellip;]\" \/>\n<meta property=\"og:url\" content=\"https:\/\/jm-metropole.com.br\/site\/onibus-da-viacao-suzano-quebra-em-santa-isabel-e-deixa-passageiros-sem-condicoes-de-chegar-ao-trabalho-e-a-escola\/\" \/>\n<meta property=\"og:site_name\" content=\"Jornal Metr\u00f3pole\" \/>\n<meta property=\"article:publisher\" content=\"https:\/\/www.facebook.com\/jm.metropole\" \/>\n<meta property=\"article:published_time\" content=\"2026-09-02T16:38:36+00:00\" \/>\n<meta property=\"og:image\" content=\"https:\/\/jm-metropole.com.br\/site\/wp-content\/uploads\/2026\/09\/WhatsApp-Image-2026-09-02-at-13.36.33-1-e1788367066267.jpeg\" \/>\n\t<meta property=\"og:image:width\" content=\"432\" \/>\n\t<meta property=\"og:image:height\" content=\"335\" \/>\n\t<meta property=\"og:image:type\" content=\"image\/jpeg\" \/>\n<meta name=\"author\" content=\"Jornal Metr\u00f3pole\" \/>\n<meta name=\"twitter:card\" content=\"summary_large_image\" \/>\n<meta name=\"twitter:label1\" content=\"Escrito por\" \/>\n\t<meta name=\"twitter:data1\" content=\"Jornal Metr\u00f3pole\" \/>\n\t<meta name=\"twitter:label2\" content=\"Est. tempo de leitura\" \/>\n\t<meta name=\"twitter:data2\" content=\"3 minutos\" \/>\n<script type=\"application\/ld+json\" class=\"yoast-schema-graph\">{\"@context\":\"https:\\\/\\\/schema.org\",\"@graph\":[{\"@type\":\"Article\",\"@id\":\"https:\\\/\\\/jm-metropole.com.br\\\/site\\\/onibus-da-viacao-suzano-quebra-em-santa-isabel-e-deixa-passageiros-sem-condicoes-de-chegar-ao-trabalho-e-a-escola\\\/#article\",\"isPartOf\":{\"@id\":\"https:\\\/\\\/jm-metropole.com.br\\\/site\\\/onibus-da-viacao-suzano-quebra-em-santa-isabel-e-deixa-passageiros-sem-condicoes-de-chegar-ao-trabalho-e-a-escola\\\/\"},\"author\":{\"name\":\"Jornal Metr\u00f3pole\",\"@id\":\"https:\\\/\\\/jm-metropole.com.br\\\/site\\\/#\\\/schema\\\/person\\\/a438c77cefcef76c8ddbe3dcc9b238fc\"},\"headline\":\"\u00d4NIBUS DA VIA\u00c7\u00c3O SUZANO QUEBRA EM SANTA ISABEL E DEIXA PASSAGEIROS SEM CONDI\u00c7\u00d5ES DE CHEGAR AO TRABALHO E \u00c0 ESCOLA\",\"datePublished\":\"2026-09-02T16:38:36+00:00\",\"mainEntityOfPage\":{\"@id\":\"https:\\\/\\\/jm-metropole.com.br\\\/site\\\/onibus-da-viacao-suzano-quebra-em-santa-isabel-e-deixa-passageiros-sem-condicoes-de-chegar-ao-trabalho-e-a-escola\\\/\"},\"wordCount\":379,\"commentCount\":0,\"publisher\":{\"@id\":\"https:\\\/\\\/jm-metropole.com.br\\\/site\\\/#organization\"},\"image\":{\"@id\":\"https:\\\/\\\/jm-metropole.com.br\\\/site\\\/onibus-da-viacao-suzano-quebra-em-santa-isabel-e-deixa-passageiros-sem-condicoes-de-chegar-ao-trabalho-e-a-escola\\\/#primaryimage\"},\"thumbnailUrl\":\"https:\\\/\\\/jm-metropole.com.br\\\/site\\\/wp-content\\\/uploads\\\/2026\\\/09\\\/WhatsApp-Image-2026-09-02-at-13.36.33-1-e1788367066267.jpeg\",\"articleSection\":[\"Santa Isabel\",\"Transporte\"],\"inLanguage\":\"pt-BR\",\"potentialAction\":[{\"@type\":\"CommentAction\",\"name\":\"Comment\",\"target\":[\"https:\\\/\\\/jm-metropole.com.br\\\/site\\\/onibus-da-viacao-suzano-quebra-em-santa-isabel-e-deixa-passageiros-sem-condicoes-de-chegar-ao-trabalho-e-a-escola\\\/#respond\"]}]},{\"@type\":\"WebPage\",\"@id\":\"https:\\\/\\\/jm-metropole.com.br\\\/site\\\/onibus-da-viacao-suzano-quebra-em-santa-isabel-e-deixa-passageiros-sem-condicoes-de-chegar-ao-trabalho-e-a-escola\\\/\",\"url\":\"https:\\\/\\\/jm-metropole.com.br\\\/site\\\/onibus-da-viacao-suzano-quebra-em-santa-isabel-e-deixa-passageiros-sem-condicoes-de-chegar-ao-trabalho-e-a-escola\\\/\",\"name\":\"\u00d4NIBUS DA VIA\u00c7\u00c3O SUZANO QUEBRA EM SANTA ISABEL E DEIXA PASSAGEIROS SEM CONDI\u00c7\u00d5ES DE CHEGAR AO TRABALHO E \u00c0 ESCOLA - Jornal Metr\u00f3pole\",\"isPartOf\":{\"@id\":\"https:\\\/\\\/jm-metropole.com.br\\\/site\\\/#website\"},\"primaryImageOfPage\":{\"@id\":\"https:\\\/\\\/jm-metropole.com.br\\\/site\\\/onibus-da-viacao-suzano-quebra-em-santa-isabel-e-deixa-passageiros-sem-condicoes-de-chegar-ao-trabalho-e-a-escola\\\/#primaryimage\"},\"image\":{\"@id\":\"https:\\\/\\\/jm-metropole.com.br\\\/site\\\/onibus-da-viacao-suzano-quebra-em-santa-isabel-e-deixa-passageiros-sem-condicoes-de-chegar-ao-trabalho-e-a-escola\\\/#primaryimage\"},\"thumbnailUrl\":\"https:\\\/\\\/jm-metropole.com.br\\\/site\\\/wp-content\\\/uploads\\\/2026\\\/09\\\/WhatsApp-Image-2026-09-02-at-13.36.33-1-e1788367066267.jpeg\",\"datePublished\":\"2026-09-02T16:38:36+00:00\",\"breadcrumb\":{\"@id\":\"https:\\\/\\\/jm-metropole.com.br\\\/site\\\/onibus-da-viacao-suzano-quebra-em-santa-isabel-e-deixa-passageiros-sem-condicoes-de-chegar-ao-trabalho-e-a-escola\\\/#breadcrumb\"},\"inLanguage\":\"pt-BR\",\"potentialAction\":[{\"@type\":\"ReadAction\",\"target\":[\"https:\\\/\\\/jm-metropole.com.br\\\/site\\\/onibus-da-viacao-suzano-quebra-em-santa-isabel-e-deixa-passageiros-sem-condicoes-de-chegar-ao-trabalho-e-a-escola\\\/\"]}]},{\"@type\":\"ImageObject\",\"inLanguage\":\"pt-BR\",\"@id\":\"https:\\\/\\\/jm-metropole.com.br\\\/site\\\/onibus-da-viacao-suzano-quebra-em-santa-isabel-e-deixa-passageiros-sem-condicoes-de-chegar-ao-trabalho-e-a-escola\\\/#primaryimage\",\"url\":\"https:\\\/\\\/jm-metropole.com.br\\\/site\\\/wp-content\\\/uploads\\\/2026\\\/09\\\/WhatsApp-Image-2026-09-02-at-13.36.33-1-e1788367066267.jpeg\",\"contentUrl\":\"https:\\\/\\\/jm-metropole.com.br\\\/site\\\/wp-content\\\/uploads\\\/2026\\\/09\\\/WhatsApp-Image-2026-09-02-at-13.36.33-1-e1788367066267.jpeg\",\"width\":432,\"height\":335},{\"@type\":\"BreadcrumbList\",\"@id\":\"https:\\\/\\\/jm-metropole.com.br\\\/site\\\/onibus-da-viacao-suzano-quebra-em-santa-isabel-e-deixa-passageiros-sem-condicoes-de-chegar-ao-trabalho-e-a-escola\\\/#breadcrumb\",\"itemListElement\":[{\"@type\":\"ListItem\",\"position\":1,\"name\":\"In\u00edcio\",\"item\":\"https:\\\/\\\/jm-metropole.com.br\\\/site\\\/\"},{\"@type\":\"ListItem\",\"position\":2,\"name\":\"\u00d4NIBUS DA VIA\u00c7\u00c3O SUZANO QUEBRA EM SANTA ISABEL E DEIXA PASSAGEIROS SEM CONDI\u00c7\u00d5ES DE CHEGAR AO TRABALHO E \u00c0 ESCOLA\"}]},{\"@type\":\"WebSite\",\"@id\":\"https:\\\/\\\/jm-metropole.com.br\\\/site\\\/#website\",\"url\":\"https:\\\/\\\/jm-metropole.com.br\\\/site\\\/\",\"name\":\"Jornal Metr\u00f3pole\",\"description\":\"Alto Tiet\u00ea e Regi\u00e3o\",\"publisher\":{\"@id\":\"https:\\\/\\\/jm-metropole.com.br\\\/site\\\/#organization\"},\"potentialAction\":[{\"@type\":\"SearchAction\",\"target\":{\"@type\":\"EntryPoint\",\"urlTemplate\":\"https:\\\/\\\/jm-metropole.com.br\\\/site\\\/?s={search_term_string}\"},\"query-input\":{\"@type\":\"PropertyValueSpecification\",\"valueRequired\":true,\"valueName\":\"search_term_string\"}}],\"inLanguage\":\"pt-BR\"},{\"@type\":\"Organization\",\"@id\":\"https:\\\/\\\/jm-metropole.com.br\\\/site\\\/#organization\",\"name\":\"Jornal Metr\u00f3pole\",\"url\":\"https:\\\/\\\/jm-metropole.com.br\\\/site\\\/\",\"logo\":{\"@type\":\"ImageObject\",\"inLanguage\":\"pt-BR\",\"@id\":\"https:\\\/\\\/jm-metropole.com.br\\\/site\\\/#\\\/schema\\\/logo\\\/image\\\/\",\"url\":\"https:\\\/\\\/jm-metropole.com.br\\\/site\\\/wp-content\\\/uploads\\\/2026\\\/05\\\/LOGO-JM-scaled.jpg\",\"contentUrl\":\"https:\\\/\\\/jm-metropole.com.br\\\/site\\\/wp-content\\\/uploads\\\/2026\\\/05\\\/LOGO-JM-scaled.jpg\",\"width\":2560,\"height\":2498,\"caption\":\"Jornal Metr\u00f3pole\"},\"image\":{\"@id\":\"https:\\\/\\\/jm-metropole.com.br\\\/site\\\/#\\\/schema\\\/logo\\\/image\\\/\"},\"sameAs\":[\"https:\\\/\\\/www.facebook.com\\\/jm.metropole\",\"https:\\\/\\\/www.instagram.com\\\/jm.metropole\\\/\"]},{\"@type\":\"Person\",\"@id\":\"https:\\\/\\\/jm-metropole.com.br\\\/site\\\/#\\\/schema\\\/person\\\/a438c77cefcef76c8ddbe3dcc9b238fc\",\"name\":\"Jornal Metr\u00f3pole\",\"sameAs\":[\"https:\\\/\\\/jm-metropole.com.br\\\/site\"],\"url\":\"https:\\\/\\\/jm-metropole.com.br\\\/site\\\/author\\\/admin\\\/\"}]}<\/script>\n<!-- \/ Yoast SEO plugin. -->","yoast_head_json":{"title":"\u00d4NIBUS DA VIA\u00c7\u00c3O SUZANO QUEBRA EM SANTA ISABEL E DEIXA PASSAGEIROS SEM CONDI\u00c7\u00d5ES DE CHEGAR AO TRABALHO E \u00c0 ESCOLA - Jornal Metr\u00f3pole","robots":{"index":"index","follow":"follow","max-snippet":"max-snippet:-1","max-image-preview":"max-image-preview:large","max-video-preview":"max-video-preview:-1"},"canonical":"https:\/\/jm-metropole.com.br\/site\/onibus-da-viacao-suzano-quebra-em-santa-isabel-e-deixa-passageiros-sem-condicoes-de-chegar-ao-trabalho-e-a-escola\/","og_locale":"pt_BR","og_type":"article","og_title":"\u00d4NIBUS DA VIA\u00c7\u00c3O SUZANO QUEBRA EM SANTA ISABEL E DEIXA PASSAGEIROS SEM CONDI\u00c7\u00d5ES DE CHEGAR AO TRABALHO E \u00c0 ESCOLA - Jornal Metr\u00f3pole","og_description":"Caso reacende reclama\u00e7\u00f5es sobre o Rota Livre enquanto popula\u00e7\u00e3o organiza abaixo-assinado cobrando provid\u00eancias da Prefeitura Um \u00f4nibus da Via\u00e7\u00e3o Suzano quebrou na manh\u00e3 desta quarta-feira (2) em Santa Isabel, deixando passageiros sem condi\u00e7\u00f5es de chegar ao trabalho e \u00e0 escola no hor\u00e1rio. V\u00eddeos que circulam nas redes sociais mostram o momento em que os usu\u00e1rios [&hellip;]","og_url":"https:\/\/jm-metropole.com.br\/site\/onibus-da-viacao-suzano-quebra-em-santa-isabel-e-deixa-passageiros-sem-condicoes-de-chegar-ao-trabalho-e-a-escola\/","og_site_name":"Jornal Metr\u00f3pole","article_publisher":"https:\/\/www.facebook.com\/jm.metropole","article_published_time":"2026-09-02T16:38:36+00:00","og_image":[{"width":432,"height":335,"url":"https:\/\/jm-metropole.com.br\/site\/wp-content\/uploads\/2026\/09\/WhatsApp-Image-2026-09-02-at-13.36.33-1-e1788367066267.jpeg","type":"image\/jpeg"}],"author":"Jornal Metr\u00f3pole","twitter_card":"summary_large_image","twitter_misc":{"Escrito por":"Jornal Metr\u00f3pole","Est. tempo de leitura":"3 minutos"},"schema":{"@context":"https:\/\/schema.org","@graph":[{"@type":"Article","@id":"https:\/\/jm-metropole.com.br\/site\/onibus-da-viacao-suzano-quebra-em-santa-isabel-e-deixa-passageiros-sem-condicoes-de-chegar-ao-trabalho-e-a-escola\/#article","isPartOf":{"@id":"https:\/\/jm-metropole.com.br\/site\/onibus-da-viacao-suzano-quebra-em-santa-isabel-e-deixa-passageiros-sem-condicoes-de-chegar-ao-trabalho-e-a-escola\/"},"author":{"name":"Jornal Metr\u00f3pole","@id":"https:\/\/jm-metropole.com.br\/site\/#\/schema\/person\/a438c77cefcef76c8ddbe3dcc9b238fc"},"headline":"\u00d4NIBUS DA VIA\u00c7\u00c3O SUZANO QUEBRA EM SANTA ISABEL E DEIXA PASSAGEIROS SEM CONDI\u00c7\u00d5ES DE CHEGAR AO TRABALHO E \u00c0 ESCOLA","datePublished":"2026-09-02T16:38:36+00:00","mainEntityOfPage":{"@id":"https:\/\/jm-metropole.com.br\/site\/onibus-da-viacao-suzano-quebra-em-santa-isabel-e-deixa-passageiros-sem-condicoes-de-chegar-ao-trabalho-e-a-escola\/"},"wordCount":379,"commentCount":0,"publisher":{"@id":"https:\/\/jm-metropole.com.br\/site\/#organization"},"image":{"@id":"https:\/\/jm-metropole.com.br\/site\/onibus-da-viacao-suzano-quebra-em-santa-isabel-e-deixa-passageiros-sem-condicoes-de-chegar-ao-trabalho-e-a-escola\/#primaryimage"},"thumbnailUrl":"https:\/\/jm-metropole.com.br\/site\/wp-content\/uploads\/2026\/09\/WhatsApp-Image-2026-09-02-at-13.36.33-1-e1788367066267.jpeg","articleSection":["Santa Isabel","Transporte"],"inLanguage":"pt-BR","potentialAction":[{"@type":"CommentAction","name":"Comment","target":["https:\/\/jm-metropole.com.br\/site\/onibus-da-viacao-suzano-quebra-em-santa-isabel-e-deixa-passageiros-sem-condicoes-de-chegar-ao-trabalho-e-a-escola\/#respond"]}]},{"@type":"WebPage","@id":"https:\/\/jm-metropole.com.br\/site\/onibus-da-viacao-suzano-quebra-em-santa-isabel-e-deixa-passageiros-sem-condicoes-de-chegar-ao-trabalho-e-a-escola\/","url":"https:\/\/jm-metropole.com.br\/site\/onibus-da-viacao-suzano-quebra-em-santa-isabel-e-deixa-passageiros-sem-condicoes-de-chegar-ao-trabalho-e-a-escola\/","name":"\u00d4NIBUS DA VIA\u00c7\u00c3O SUZANO QUEBRA EM SANTA ISABEL E DEIXA PASSAGEIROS SEM CONDI\u00c7\u00d5ES DE CHEGAR AO TRABALHO E \u00c0 ESCOLA - Jornal Metr\u00f3pole","isPartOf":{"@id":"https:\/\/jm-metropole.com.br\/site\/#website"},"primaryImageOfPage":{"@id":"https:\/\/jm-metropole.com.br\/site\/onibus-da-viacao-suzano-quebra-em-santa-isabel-e-deixa-passageiros-sem-condicoes-de-chegar-ao-trabalho-e-a-escola\/#primaryimage"},"image":{"@id":"https:\/\/jm-metropole.com.br\/site\/onibus-da-viacao-suzano-quebra-em-santa-isabel-e-deixa-passageiros-sem-condicoes-de-chegar-ao-trabalho-e-a-escola\/#primaryimage"},"thumbnailUrl":"https:\/\/jm-metropole.com.br\/site\/wp-content\/uploads\/2026\/09\/WhatsApp-Image-2026-09-02-at-13.36.33-1-e1788367066267.jpeg","datePublished":"2026-09-02T16:38:36+00:00","breadcrumb":{"@id":"https:\/\/jm-metropole.com.br\/site\/onibus-da-viacao-suzano-quebra-em-santa-isabel-e-deixa-passageiros-sem-condicoes-de-chegar-ao-trabalho-e-a-escola\/#breadcrumb"},"inLanguage":"pt-BR","potentialAction":[{"@type":"ReadAction","target":["https:\/\/jm-metropole.com.br\/site\/onibus-da-viacao-suzano-quebra-em-santa-isabel-e-deixa-passageiros-sem-condicoes-de-chegar-ao-trabalho-e-a-escola\/"]}]},{"@type":"ImageObject","inLanguage":"pt-BR","@id":"https:\/\/jm-metropole.com.br\/site\/onibus-da-viacao-suzano-quebra-em-santa-isabel-e-deixa-passageiros-sem-condicoes-de-chegar-ao-trabalho-e-a-escola\/#primaryimage","url":"https:\/\/jm-metropole.com.br\/site\/wp-content\/uploads\/2026\/09\/WhatsApp-Image-2026-09-02-at-13.36.33-1-e1788367066267.jpeg","contentUrl":"https:\/\/jm-metropole.com.br\/site\/wp-content\/uploads\/2026\/09\/WhatsApp-Image-2026-09-02-at-13.36.33-1-e1788367066267.jpeg","width":432,"height":335},{"@type":"BreadcrumbList","@id":"https:\/\/jm-metropole.com.br\/site\/onibus-da-viacao-suzano-quebra-em-santa-isabel-e-deixa-passageiros-sem-condicoes-de-chegar-ao-trabalho-e-a-escola\/#breadcrumb","itemListElement":[{"@type":"ListItem","position":1,"name":"In\u00edcio","item":"https:\/\/jm-metropole.com.br\/site\/"},{"@type":"ListItem","position":2,"name":"\u00d4NIBUS DA VIA\u00c7\u00c3O SUZANO QUEBRA EM SANTA ISABEL E DEIXA PASSAGEIROS SEM CONDI\u00c7\u00d5ES DE CHEGAR AO TRABALHO E \u00c0 ESCOLA"}]},{"@type":"WebSite","@id":"https:\/\/jm-metropole.com.br\/site\/#website","url":"https:\/\/jm-metropole.com.br\/site\/","name":"Jornal Metr\u00f3pole","description":"Alto Tiet\u00ea e Regi\u00e3o","publisher":{"@id":"https:\/\/jm-metropole.com.br\/site\/#organization"},"potentialAction":[{"@type":"SearchAction","target":{"@type":"EntryPoint","urlTemplate":"https:\/\/jm-metropole.com.br\/site\/?s={search_term_string}"},"query-input":{"@type":"PropertyValueSpecification","valueRequired":true,"valueName":"search_term_string"}}],"inLanguage":"pt-BR"},{"@type":"Organization","@id":"https:\/\/jm-metropole.com.br\/site\/#organization","name":"Jornal Metr\u00f3pole","url":"https:\/\/jm-metropole.com.br\/site\/","logo":{"@type":"ImageObject","inLanguage":"pt-BR","@id":"https:\/\/jm-metropole.com.br\/site\/#\/schema\/logo\/image\/","url":"https:\/\/jm-metropole.com.br\/site\/wp-content\/uploads\/2026\/05\/LOGO-JM-scaled.jpg","contentUrl":"https:\/\/jm-metropole.com.br\/site\/wp-content\/uploads\/2026\/05\/LOGO-JM-scaled.jpg","width":2560,"height":2498,"caption":"Jornal Metr\u00f3pole"},"image":{"@id":"https:\/\/jm-metropole.com.br\/site\/#\/schema\/logo\/image\/"},"sameAs":["https:\/\/www.facebook.com\/jm.metropole","https:\/\/www.instagram.com\/jm.metropole\/"]},{"@type":"Person","@id":"https:\/\/jm-metropole.com.br\/site\/#\/schema\/person\/a438c77cefcef76c8ddbe3dcc9b238fc","name":"Jornal Metr\u00f3pole","sameAs":["https:\/\/jm-metropole.com.br\/site"],"url":"https:\/\/jm-metropole.com.br\/site\/author\/admin\/"}]}},"_links":{"self":[{"href":"https:\/\/jm-metropole.com.br\/site\/wp-json\/wp\/v2\/posts\/32440","targetHints":{"allow":["GET"]}}],"collection":[{"href":"https:\/\/jm-metropole.com.br\/site\/wp-json\/wp\/v2\/posts"}],"about":[{"href":"https:\/\/jm-metropole.com.br\/site\/wp-json\/wp\/v2\/types\/post"}],"author":[{"embeddable":true,"href":"https:\/\/jm-metropole.com.br\/site\/wp-json\/wp\/v2\/users\/1"}],"replies":[{"embeddable":true,"href":"https:\/\/jm-metropole.com.br\/site\/wp-json\/wp\/v2\/comments?post=32440"}],"version-history":[{"count":1,"href":"https:\/\/jm-metropole.com.br\/site\/wp-json\/wp\/v2\/posts\/32440\/revisions"}],"predecessor-version":[{"id":32443,"href":"https:\/\/jm-metropole.com.br\/site\/wp-json\/wp\/v2\/posts\/32440\/revisions\/32443"}],"wp:featuredmedia":[{"embeddable":true,"href":"https:\/\/jm-metropole.com.br\/site\/wp-json\/wp\/v2\/media\/32441"}],"wp:attachment":[{"href":"https:\/\/jm-metropole.com.br\/site\/wp-json\/wp\/v2\/media?parent=32440"}],"wp:term":[{"taxonomy":"category","embeddable":true,"href":"https:\/\/jm-metropole.com.br\/site\/wp-json\/wp\/v2\/categories?post=32440"},{"taxonomy":"post_tag","embeddable":true,"href":"https:\/\/jm-metropole.com.br\/site\/wp-json\/wp\/v2\/tags?post=32440"}],"curies":[{"name":"wp","href":"https:\/\/api.w.org\/{rel}","templated":true}]}}