{"id":32436,"date":"2026-09-01T21:54:56","date_gmt":"2026-09-02T00:54:56","guid":{"rendered":"https:\/\/jm-metropole.com.br\/site\/?p=32436"},"modified":"2026-09-01T21:54:56","modified_gmt":"2026-09-02T00:54:56","slug":"camara-municipal-rejeita-por-unanimidade-projeto-da-taxa-do-lixo-em-santa-isabel","status":"publish","type":"post","link":"https:\/\/jm-metropole.com.br\/site\/camara-municipal-rejeita-por-unanimidade-projeto-da-taxa-do-lixo-em-santa-isabel\/","title":{"rendered":"C\u00c2MARA MUNICIPAL REJEITA POR UNANIMIDADE PROJETO DA &#8216;TAXA DO LIXO&#8217; EM SANTA ISABEL"},"content":{"rendered":"<p>&nbsp;<\/p>\n<p>Em sess\u00e3o ordin\u00e1ria realizada nesta ter\u00e7a-feira (1), os vereadores de Santa Isabel rejeitaram por unanimidade o Substitutivo ao Projeto de Lei Complementar n\u00ba 10, de 15 de junho de 2026, enviado pelo Poder Executivo. A proposta visava instituir a Taxa de Res\u00edduos S\u00f3lidos (TRS), popularmente conhecida como a &#8220;Taxa do Lixo&#8221;, acrescentando a cria\u00e7\u00e3o do novo tributo ao sistema tribut\u00e1rio municipal por meio de altera\u00e7\u00f5es na Lei n\u00ba 535, de 30 de dezembro de 1969.<\/p>\n<p style=\"text-align: center;\"><img loading=\"lazy\" decoding=\"async\" class=\"aligncenter size-large wp-image-32438\" src=\"https:\/\/jm-metropole.com.br\/site\/wp-content\/uploads\/2026\/09\/Screenshot_2026-09-01-21-52-20-784_com.google.android.youtube-1024x577.jpg\" alt=\"\" width=\"696\" height=\"392\" srcset=\"https:\/\/jm-metropole.com.br\/site\/wp-content\/uploads\/2026\/09\/Screenshot_2026-09-01-21-52-20-784_com.google.android.youtube-1024x577.jpg 1024w, https:\/\/jm-metropole.com.br\/site\/wp-content\/uploads\/2026\/09\/Screenshot_2026-09-01-21-52-20-784_com.google.android.youtube-300x169.jpg 300w, https:\/\/jm-metropole.com.br\/site\/wp-content\/uploads\/2026\/09\/Screenshot_2026-09-01-21-52-20-784_com.google.android.youtube-768x433.jpg 768w, https:\/\/jm-metropole.com.br\/site\/wp-content\/uploads\/2026\/09\/Screenshot_2026-09-01-21-52-20-784_com.google.android.youtube-1536x865.jpg 1536w, https:\/\/jm-metropole.com.br\/site\/wp-content\/uploads\/2026\/09\/Screenshot_2026-09-01-21-52-20-784_com.google.android.youtube-2048x1154.jpg 2048w, https:\/\/jm-metropole.com.br\/site\/wp-content\/uploads\/2026\/09\/Screenshot_2026-09-01-21-52-20-784_com.google.android.youtube-150x84.jpg 150w, https:\/\/jm-metropole.com.br\/site\/wp-content\/uploads\/2026\/09\/Screenshot_2026-09-01-21-52-20-784_com.google.android.youtube-600x338.jpg 600w, https:\/\/jm-metropole.com.br\/site\/wp-content\/uploads\/2026\/09\/Screenshot_2026-09-01-21-52-20-784_com.google.android.youtube-696x392.jpg 696w, https:\/\/jm-metropole.com.br\/site\/wp-content\/uploads\/2026\/09\/Screenshot_2026-09-01-21-52-20-784_com.google.android.youtube-1392x784.jpg 1392w, https:\/\/jm-metropole.com.br\/site\/wp-content\/uploads\/2026\/09\/Screenshot_2026-09-01-21-52-20-784_com.google.android.youtube-1068x602.jpg 1068w, https:\/\/jm-metropole.com.br\/site\/wp-content\/uploads\/2026\/09\/Screenshot_2026-09-01-21-52-20-784_com.google.android.youtube-1920x1081.jpg 1920w, https:\/\/jm-metropole.com.br\/site\/wp-content\/uploads\/2026\/09\/Screenshot_2026-09-01-21-52-20-784_com.google.android.youtube-746x420.jpg 746w, https:\/\/jm-metropole.com.br\/site\/wp-content\/uploads\/2026\/09\/Screenshot_2026-09-01-21-52-20-784_com.google.android.youtube-1491x840.jpg 1491w\" sizes=\"auto, (max-width: 696px) 100vw, 696px\" \/><\/p>\n<p>O projeto, que tramitava no Legislativo desde o final do ano passado e passou por ampla discuss\u00e3o na Casa de Leis, recebeu leitura do texto substitutivo em plen\u00e1rio no dia 16 de junho e cumpriu todas as etapas do processo legislativo at\u00e9 chegar \u00e0 vota\u00e7\u00e3o final em plen\u00e1rio. Apesar dos pareceres favor\u00e1veis \u00e0 legalidade emitidos pela Assessoria Jur\u00eddica e pelas Comiss\u00f5es Permanentes, os parlamentares votaram contrariamente \u00e0 medida.<\/p>\n<p>Durante os debates na tribuna, o presidente da Casa, vereador Anderson Cueca, direcionou um recado firme ao Executivo municipal. Em seu discurso, criticou a aus\u00eancia de alternativas apresentadas pela administra\u00e7\u00e3o para evitar a cobran\u00e7a da taxa e enfatizou que o peso da decis\u00e3o recai sobre a responsabilidade com a popula\u00e7\u00e3o. &#8220;Tomar vergonha na sua cara, vergonha na cara n\u00f3s temos que ter, principalmente o Executivo&#8221;, declarou o presidente, refor\u00e7ando a convic\u00e7\u00e3o de que o compromisso dos vereadores \u00e9 com a comunidade isabelense.<\/p>\n","protected":false},"excerpt":{"rendered":"<p>&nbsp; Em sess\u00e3o ordin\u00e1ria realizada nesta ter\u00e7a-feira (1), os vereadores de Santa Isabel rejeitaram por unanimidade o Substitutivo ao Projeto de Lei Complementar n\u00ba 10, de 15 de junho de 2026, enviado pelo Poder Executivo. A proposta visava instituir a Taxa de Res\u00edduos S\u00f3lidos (TRS), popularmente conhecida como a &#8220;Taxa do Lixo&#8221;, acrescentando a cria\u00e7\u00e3o [&hellip;]<\/p>\n","protected":false},"author":1,"featured_media":32437,"comment_status":"open","ping_status":"open","sticky":false,"template":"","format":"standard","meta":{"footnotes":""},"categories":[32,5],"tags":[],"class_list":["post-32436","post","type-post","status-publish","format-standard","has-post-thumbnail","category-meio-ambiente","category-santa-isabel"],"yoast_head":"<!-- This site is optimized with the Yoast SEO plugin v27.6 - https:\/\/yoast.com\/product\/yoast-seo-wordpress\/ -->\n<title>C\u00c2MARA MUNICIPAL REJEITA POR UNANIMIDADE PROJETO DA &#039;TAXA DO LIXO&#039; EM SANTA ISABEL - Jornal Metr\u00f3pole<\/title>\n<meta name=\"robots\" content=\"index, follow, max-snippet:-1, max-image-preview:large, max-video-preview:-1\" \/>\n<link rel=\"canonical\" href=\"https:\/\/jm-metropole.com.br\/site\/camara-municipal-rejeita-por-unanimidade-projeto-da-taxa-do-lixo-em-santa-isabel\/\" \/>\n<meta property=\"og:locale\" content=\"pt_BR\" \/>\n<meta property=\"og:type\" content=\"article\" \/>\n<meta property=\"og:title\" content=\"C\u00c2MARA MUNICIPAL REJEITA POR UNANIMIDADE PROJETO DA &#039;TAXA DO LIXO&#039; EM SANTA ISABEL - Jornal Metr\u00f3pole\" \/>\n<meta property=\"og:description\" content=\"&nbsp; Em sess\u00e3o ordin\u00e1ria realizada nesta ter\u00e7a-feira (1), os vereadores de Santa Isabel rejeitaram por unanimidade o Substitutivo ao Projeto de Lei Complementar n\u00ba 10, de 15 de junho de 2026, enviado pelo Poder Executivo. A proposta visava instituir a Taxa de Res\u00edduos S\u00f3lidos (TRS), popularmente conhecida como a &#8220;Taxa do Lixo&#8221;, acrescentando a cria\u00e7\u00e3o [&hellip;]\" \/>\n<meta property=\"og:url\" content=\"https:\/\/jm-metropole.com.br\/site\/camara-municipal-rejeita-por-unanimidade-projeto-da-taxa-do-lixo-em-santa-isabel\/\" \/>\n<meta property=\"og:site_name\" content=\"Jornal Metr\u00f3pole\" \/>\n<meta property=\"article:publisher\" content=\"https:\/\/www.facebook.com\/jm.metropole\" \/>\n<meta property=\"article:published_time\" content=\"2026-09-02T00:54:56+00:00\" \/>\n<meta property=\"og:image\" content=\"https:\/\/jm-metropole.com.br\/site\/wp-content\/uploads\/2026\/09\/Screenshot_2026-09-01-21-52-24-794_com.google.android.youtube.jpg\" \/>\n\t<meta property=\"og:image:width\" content=\"2111\" \/>\n\t<meta property=\"og:image:height\" content=\"1220\" \/>\n\t<meta property=\"og:image:type\" content=\"image\/jpeg\" \/>\n<meta name=\"author\" content=\"Jornal Metr\u00f3pole\" \/>\n<meta name=\"twitter:card\" content=\"summary_large_image\" \/>\n<meta name=\"twitter:label1\" content=\"Escrito por\" \/>\n\t<meta name=\"twitter:data1\" content=\"Jornal Metr\u00f3pole\" \/>\n\t<meta name=\"twitter:label2\" content=\"Est. tempo de leitura\" \/>\n\t<meta name=\"twitter:data2\" content=\"2 minutos\" \/>\n<script type=\"application\/ld+json\" class=\"yoast-schema-graph\">{\"@context\":\"https:\\\/\\\/schema.org\",\"@graph\":[{\"@type\":\"Article\",\"@id\":\"https:\\\/\\\/jm-metropole.com.br\\\/site\\\/camara-municipal-rejeita-por-unanimidade-projeto-da-taxa-do-lixo-em-santa-isabel\\\/#article\",\"isPartOf\":{\"@id\":\"https:\\\/\\\/jm-metropole.com.br\\\/site\\\/camara-municipal-rejeita-por-unanimidade-projeto-da-taxa-do-lixo-em-santa-isabel\\\/\"},\"author\":{\"name\":\"Jornal Metr\u00f3pole\",\"@id\":\"https:\\\/\\\/jm-metropole.com.br\\\/site\\\/#\\\/schema\\\/person\\\/a438c77cefcef76c8ddbe3dcc9b238fc\"},\"headline\":\"C\u00c2MARA MUNICIPAL REJEITA POR UNANIMIDADE PROJETO DA &#8216;TAXA DO LIXO&#8217; EM SANTA ISABEL\",\"datePublished\":\"2026-09-02T00:54:56+00:00\",\"mainEntityOfPage\":{\"@id\":\"https:\\\/\\\/jm-metropole.com.br\\\/site\\\/camara-municipal-rejeita-por-unanimidade-projeto-da-taxa-do-lixo-em-santa-isabel\\\/\"},\"wordCount\":251,\"commentCount\":0,\"publisher\":{\"@id\":\"https:\\\/\\\/jm-metropole.com.br\\\/site\\\/#organization\"},\"image\":{\"@id\":\"https:\\\/\\\/jm-metropole.com.br\\\/site\\\/camara-municipal-rejeita-por-unanimidade-projeto-da-taxa-do-lixo-em-santa-isabel\\\/#primaryimage\"},\"thumbnailUrl\":\"https:\\\/\\\/jm-metropole.com.br\\\/site\\\/wp-content\\\/uploads\\\/2026\\\/09\\\/Screenshot_2026-09-01-21-52-24-794_com.google.android.youtube.jpg\",\"articleSection\":[\"Meio Ambiente\",\"Santa Isabel\"],\"inLanguage\":\"pt-BR\",\"potentialAction\":[{\"@type\":\"CommentAction\",\"name\":\"Comment\",\"target\":[\"https:\\\/\\\/jm-metropole.com.br\\\/site\\\/camara-municipal-rejeita-por-unanimidade-projeto-da-taxa-do-lixo-em-santa-isabel\\\/#respond\"]}]},{\"@type\":\"WebPage\",\"@id\":\"https:\\\/\\\/jm-metropole.com.br\\\/site\\\/camara-municipal-rejeita-por-unanimidade-projeto-da-taxa-do-lixo-em-santa-isabel\\\/\",\"url\":\"https:\\\/\\\/jm-metropole.com.br\\\/site\\\/camara-municipal-rejeita-por-unanimidade-projeto-da-taxa-do-lixo-em-santa-isabel\\\/\",\"name\":\"C\u00c2MARA MUNICIPAL REJEITA POR UNANIMIDADE PROJETO DA 'TAXA DO LIXO' EM SANTA ISABEL - Jornal Metr\u00f3pole\",\"isPartOf\":{\"@id\":\"https:\\\/\\\/jm-metropole.com.br\\\/site\\\/#website\"},\"primaryImageOfPage\":{\"@id\":\"https:\\\/\\\/jm-metropole.com.br\\\/site\\\/camara-municipal-rejeita-por-unanimidade-projeto-da-taxa-do-lixo-em-santa-isabel\\\/#primaryimage\"},\"image\":{\"@id\":\"https:\\\/\\\/jm-metropole.com.br\\\/site\\\/camara-municipal-rejeita-por-unanimidade-projeto-da-taxa-do-lixo-em-santa-isabel\\\/#primaryimage\"},\"thumbnailUrl\":\"https:\\\/\\\/jm-metropole.com.br\\\/site\\\/wp-content\\\/uploads\\\/2026\\\/09\\\/Screenshot_2026-09-01-21-52-24-794_com.google.android.youtube.jpg\",\"datePublished\":\"2026-09-02T00:54:56+00:00\",\"breadcrumb\":{\"@id\":\"https:\\\/\\\/jm-metropole.com.br\\\/site\\\/camara-municipal-rejeita-por-unanimidade-projeto-da-taxa-do-lixo-em-santa-isabel\\\/#breadcrumb\"},\"inLanguage\":\"pt-BR\",\"potentialAction\":[{\"@type\":\"ReadAction\",\"target\":[\"https:\\\/\\\/jm-metropole.com.br\\\/site\\\/camara-municipal-rejeita-por-unanimidade-projeto-da-taxa-do-lixo-em-santa-isabel\\\/\"]}]},{\"@type\":\"ImageObject\",\"inLanguage\":\"pt-BR\",\"@id\":\"https:\\\/\\\/jm-metropole.com.br\\\/site\\\/camara-municipal-rejeita-por-unanimidade-projeto-da-taxa-do-lixo-em-santa-isabel\\\/#primaryimage\",\"url\":\"https:\\\/\\\/jm-metropole.com.br\\\/site\\\/wp-content\\\/uploads\\\/2026\\\/09\\\/Screenshot_2026-09-01-21-52-24-794_com.google.android.youtube.jpg\",\"contentUrl\":\"https:\\\/\\\/jm-metropole.com.br\\\/site\\\/wp-content\\\/uploads\\\/2026\\\/09\\\/Screenshot_2026-09-01-21-52-24-794_com.google.android.youtube.jpg\",\"width\":2111,\"height\":1220},{\"@type\":\"BreadcrumbList\",\"@id\":\"https:\\\/\\\/jm-metropole.com.br\\\/site\\\/camara-municipal-rejeita-por-unanimidade-projeto-da-taxa-do-lixo-em-santa-isabel\\\/#breadcrumb\",\"itemListElement\":[{\"@type\":\"ListItem\",\"position\":1,\"name\":\"In\u00edcio\",\"item\":\"https:\\\/\\\/jm-metropole.com.br\\\/site\\\/\"},{\"@type\":\"ListItem\",\"position\":2,\"name\":\"C\u00c2MARA MUNICIPAL REJEITA POR UNANIMIDADE PROJETO DA &#8216;TAXA DO LIXO&#8217; EM SANTA ISABEL\"}]},{\"@type\":\"WebSite\",\"@id\":\"https:\\\/\\\/jm-metropole.com.br\\\/site\\\/#website\",\"url\":\"https:\\\/\\\/jm-metropole.com.br\\\/site\\\/\",\"name\":\"Jornal Metr\u00f3pole\",\"description\":\"Alto Tiet\u00ea e Regi\u00e3o\",\"publisher\":{\"@id\":\"https:\\\/\\\/jm-metropole.com.br\\\/site\\\/#organization\"},\"potentialAction\":[{\"@type\":\"SearchAction\",\"target\":{\"@type\":\"EntryPoint\",\"urlTemplate\":\"https:\\\/\\\/jm-metropole.com.br\\\/site\\\/?s={search_term_string}\"},\"query-input\":{\"@type\":\"PropertyValueSpecification\",\"valueRequired\":true,\"valueName\":\"search_term_string\"}}],\"inLanguage\":\"pt-BR\"},{\"@type\":\"Organization\",\"@id\":\"https:\\\/\\\/jm-metropole.com.br\\\/site\\\/#organization\",\"name\":\"Jornal Metr\u00f3pole\",\"url\":\"https:\\\/\\\/jm-metropole.com.br\\\/site\\\/\",\"logo\":{\"@type\":\"ImageObject\",\"inLanguage\":\"pt-BR\",\"@id\":\"https:\\\/\\\/jm-metropole.com.br\\\/site\\\/#\\\/schema\\\/logo\\\/image\\\/\",\"url\":\"https:\\\/\\\/jm-metropole.com.br\\\/site\\\/wp-content\\\/uploads\\\/2026\\\/05\\\/LOGO-JM-scaled.jpg\",\"contentUrl\":\"https:\\\/\\\/jm-metropole.com.br\\\/site\\\/wp-content\\\/uploads\\\/2026\\\/05\\\/LOGO-JM-scaled.jpg\",\"width\":2560,\"height\":2498,\"caption\":\"Jornal Metr\u00f3pole\"},\"image\":{\"@id\":\"https:\\\/\\\/jm-metropole.com.br\\\/site\\\/#\\\/schema\\\/logo\\\/image\\\/\"},\"sameAs\":[\"https:\\\/\\\/www.facebook.com\\\/jm.metropole\",\"https:\\\/\\\/www.instagram.com\\\/jm.metropole\\\/\"]},{\"@type\":\"Person\",\"@id\":\"https:\\\/\\\/jm-metropole.com.br\\\/site\\\/#\\\/schema\\\/person\\\/a438c77cefcef76c8ddbe3dcc9b238fc\",\"name\":\"Jornal Metr\u00f3pole\",\"sameAs\":[\"https:\\\/\\\/jm-metropole.com.br\\\/site\"],\"url\":\"https:\\\/\\\/jm-metropole.com.br\\\/site\\\/author\\\/admin\\\/\"}]}<\/script>\n<!-- \/ Yoast SEO plugin. -->","yoast_head_json":{"title":"C\u00c2MARA MUNICIPAL REJEITA POR UNANIMIDADE PROJETO DA 'TAXA DO LIXO' EM SANTA ISABEL - Jornal Metr\u00f3pole","robots":{"index":"index","follow":"follow","max-snippet":"max-snippet:-1","max-image-preview":"max-image-preview:large","max-video-preview":"max-video-preview:-1"},"canonical":"https:\/\/jm-metropole.com.br\/site\/camara-municipal-rejeita-por-unanimidade-projeto-da-taxa-do-lixo-em-santa-isabel\/","og_locale":"pt_BR","og_type":"article","og_title":"C\u00c2MARA MUNICIPAL REJEITA POR UNANIMIDADE PROJETO DA 'TAXA DO LIXO' EM SANTA ISABEL - Jornal Metr\u00f3pole","og_description":"&nbsp; Em sess\u00e3o ordin\u00e1ria realizada nesta ter\u00e7a-feira (1), os vereadores de Santa Isabel rejeitaram por unanimidade o Substitutivo ao Projeto de Lei Complementar n\u00ba 10, de 15 de junho de 2026, enviado pelo Poder Executivo. A proposta visava instituir a Taxa de Res\u00edduos S\u00f3lidos (TRS), popularmente conhecida como a &#8220;Taxa do Lixo&#8221;, acrescentando a cria\u00e7\u00e3o [&hellip;]","og_url":"https:\/\/jm-metropole.com.br\/site\/camara-municipal-rejeita-por-unanimidade-projeto-da-taxa-do-lixo-em-santa-isabel\/","og_site_name":"Jornal Metr\u00f3pole","article_publisher":"https:\/\/www.facebook.com\/jm.metropole","article_published_time":"2026-09-02T00:54:56+00:00","og_image":[{"width":2111,"height":1220,"url":"https:\/\/jm-metropole.com.br\/site\/wp-content\/uploads\/2026\/09\/Screenshot_2026-09-01-21-52-24-794_com.google.android.youtube.jpg","type":"image\/jpeg"}],"author":"Jornal Metr\u00f3pole","twitter_card":"summary_large_image","twitter_misc":{"Escrito por":"Jornal Metr\u00f3pole","Est. tempo de leitura":"2 minutos"},"schema":{"@context":"https:\/\/schema.org","@graph":[{"@type":"Article","@id":"https:\/\/jm-metropole.com.br\/site\/camara-municipal-rejeita-por-unanimidade-projeto-da-taxa-do-lixo-em-santa-isabel\/#article","isPartOf":{"@id":"https:\/\/jm-metropole.com.br\/site\/camara-municipal-rejeita-por-unanimidade-projeto-da-taxa-do-lixo-em-santa-isabel\/"},"author":{"name":"Jornal Metr\u00f3pole","@id":"https:\/\/jm-metropole.com.br\/site\/#\/schema\/person\/a438c77cefcef76c8ddbe3dcc9b238fc"},"headline":"C\u00c2MARA MUNICIPAL REJEITA POR UNANIMIDADE PROJETO DA &#8216;TAXA DO LIXO&#8217; EM SANTA ISABEL","datePublished":"2026-09-02T00:54:56+00:00","mainEntityOfPage":{"@id":"https:\/\/jm-metropole.com.br\/site\/camara-municipal-rejeita-por-unanimidade-projeto-da-taxa-do-lixo-em-santa-isabel\/"},"wordCount":251,"commentCount":0,"publisher":{"@id":"https:\/\/jm-metropole.com.br\/site\/#organization"},"image":{"@id":"https:\/\/jm-metropole.com.br\/site\/camara-municipal-rejeita-por-unanimidade-projeto-da-taxa-do-lixo-em-santa-isabel\/#primaryimage"},"thumbnailUrl":"https:\/\/jm-metropole.com.br\/site\/wp-content\/uploads\/2026\/09\/Screenshot_2026-09-01-21-52-24-794_com.google.android.youtube.jpg","articleSection":["Meio Ambiente","Santa Isabel"],"inLanguage":"pt-BR","potentialAction":[{"@type":"CommentAction","name":"Comment","target":["https:\/\/jm-metropole.com.br\/site\/camara-municipal-rejeita-por-unanimidade-projeto-da-taxa-do-lixo-em-santa-isabel\/#respond"]}]},{"@type":"WebPage","@id":"https:\/\/jm-metropole.com.br\/site\/camara-municipal-rejeita-por-unanimidade-projeto-da-taxa-do-lixo-em-santa-isabel\/","url":"https:\/\/jm-metropole.com.br\/site\/camara-municipal-rejeita-por-unanimidade-projeto-da-taxa-do-lixo-em-santa-isabel\/","name":"C\u00c2MARA MUNICIPAL REJEITA POR UNANIMIDADE PROJETO DA 'TAXA DO LIXO' EM SANTA ISABEL - Jornal Metr\u00f3pole","isPartOf":{"@id":"https:\/\/jm-metropole.com.br\/site\/#website"},"primaryImageOfPage":{"@id":"https:\/\/jm-metropole.com.br\/site\/camara-municipal-rejeita-por-unanimidade-projeto-da-taxa-do-lixo-em-santa-isabel\/#primaryimage"},"image":{"@id":"https:\/\/jm-metropole.com.br\/site\/camara-municipal-rejeita-por-unanimidade-projeto-da-taxa-do-lixo-em-santa-isabel\/#primaryimage"},"thumbnailUrl":"https:\/\/jm-metropole.com.br\/site\/wp-content\/uploads\/2026\/09\/Screenshot_2026-09-01-21-52-24-794_com.google.android.youtube.jpg","datePublished":"2026-09-02T00:54:56+00:00","breadcrumb":{"@id":"https:\/\/jm-metropole.com.br\/site\/camara-municipal-rejeita-por-unanimidade-projeto-da-taxa-do-lixo-em-santa-isabel\/#breadcrumb"},"inLanguage":"pt-BR","potentialAction":[{"@type":"ReadAction","target":["https:\/\/jm-metropole.com.br\/site\/camara-municipal-rejeita-por-unanimidade-projeto-da-taxa-do-lixo-em-santa-isabel\/"]}]},{"@type":"ImageObject","inLanguage":"pt-BR","@id":"https:\/\/jm-metropole.com.br\/site\/camara-municipal-rejeita-por-unanimidade-projeto-da-taxa-do-lixo-em-santa-isabel\/#primaryimage","url":"https:\/\/jm-metropole.com.br\/site\/wp-content\/uploads\/2026\/09\/Screenshot_2026-09-01-21-52-24-794_com.google.android.youtube.jpg","contentUrl":"https:\/\/jm-metropole.com.br\/site\/wp-content\/uploads\/2026\/09\/Screenshot_2026-09-01-21-52-24-794_com.google.android.youtube.jpg","width":2111,"height":1220},{"@type":"BreadcrumbList","@id":"https:\/\/jm-metropole.com.br\/site\/camara-municipal-rejeita-por-unanimidade-projeto-da-taxa-do-lixo-em-santa-isabel\/#breadcrumb","itemListElement":[{"@type":"ListItem","position":1,"name":"In\u00edcio","item":"https:\/\/jm-metropole.com.br\/site\/"},{"@type":"ListItem","position":2,"name":"C\u00c2MARA MUNICIPAL REJEITA POR UNANIMIDADE PROJETO DA &#8216;TAXA DO LIXO&#8217; EM SANTA ISABEL"}]},{"@type":"WebSite","@id":"https:\/\/jm-metropole.com.br\/site\/#website","url":"https:\/\/jm-metropole.com.br\/site\/","name":"Jornal Metr\u00f3pole","description":"Alto Tiet\u00ea e Regi\u00e3o","publisher":{"@id":"https:\/\/jm-metropole.com.br\/site\/#organization"},"potentialAction":[{"@type":"SearchAction","target":{"@type":"EntryPoint","urlTemplate":"https:\/\/jm-metropole.com.br\/site\/?s={search_term_string}"},"query-input":{"@type":"PropertyValueSpecification","valueRequired":true,"valueName":"search_term_string"}}],"inLanguage":"pt-BR"},{"@type":"Organization","@id":"https:\/\/jm-metropole.com.br\/site\/#organization","name":"Jornal Metr\u00f3pole","url":"https:\/\/jm-metropole.com.br\/site\/","logo":{"@type":"ImageObject","inLanguage":"pt-BR","@id":"https:\/\/jm-metropole.com.br\/site\/#\/schema\/logo\/image\/","url":"https:\/\/jm-metropole.com.br\/site\/wp-content\/uploads\/2026\/05\/LOGO-JM-scaled.jpg","contentUrl":"https:\/\/jm-metropole.com.br\/site\/wp-content\/uploads\/2026\/05\/LOGO-JM-scaled.jpg","width":2560,"height":2498,"caption":"Jornal Metr\u00f3pole"},"image":{"@id":"https:\/\/jm-metropole.com.br\/site\/#\/schema\/logo\/image\/"},"sameAs":["https:\/\/www.facebook.com\/jm.metropole","https:\/\/www.instagram.com\/jm.metropole\/"]},{"@type":"Person","@id":"https:\/\/jm-metropole.com.br\/site\/#\/schema\/person\/a438c77cefcef76c8ddbe3dcc9b238fc","name":"Jornal Metr\u00f3pole","sameAs":["https:\/\/jm-metropole.com.br\/site"],"url":"https:\/\/jm-metropole.com.br\/site\/author\/admin\/"}]}},"_links":{"self":[{"href":"https:\/\/jm-metropole.com.br\/site\/wp-json\/wp\/v2\/posts\/32436","targetHints":{"allow":["GET"]}}],"collection":[{"href":"https:\/\/jm-metropole.com.br\/site\/wp-json\/wp\/v2\/posts"}],"about":[{"href":"https:\/\/jm-metropole.com.br\/site\/wp-json\/wp\/v2\/types\/post"}],"author":[{"embeddable":true,"href":"https:\/\/jm-metropole.com.br\/site\/wp-json\/wp\/v2\/users\/1"}],"replies":[{"embeddable":true,"href":"https:\/\/jm-metropole.com.br\/site\/wp-json\/wp\/v2\/comments?post=32436"}],"version-history":[{"count":1,"href":"https:\/\/jm-metropole.com.br\/site\/wp-json\/wp\/v2\/posts\/32436\/revisions"}],"predecessor-version":[{"id":32439,"href":"https:\/\/jm-metropole.com.br\/site\/wp-json\/wp\/v2\/posts\/32436\/revisions\/32439"}],"wp:featuredmedia":[{"embeddable":true,"href":"https:\/\/jm-metropole.com.br\/site\/wp-json\/wp\/v2\/media\/32437"}],"wp:attachment":[{"href":"https:\/\/jm-metropole.com.br\/site\/wp-json\/wp\/v2\/media?parent=32436"}],"wp:term":[{"taxonomy":"category","embeddable":true,"href":"https:\/\/jm-metropole.com.br\/site\/wp-json\/wp\/v2\/categories?post=32436"},{"taxonomy":"post_tag","embeddable":true,"href":"https:\/\/jm-metropole.com.br\/site\/wp-json\/wp\/v2\/tags?post=32436"}],"curies":[{"name":"wp","href":"https:\/\/api.w.org\/{rel}","templated":true}]}}