{"id":3187,"date":"2022-09-28T11:48:01","date_gmt":"2022-09-28T14:48:01","guid":{"rendered":"https:\/\/jm-metropole.com.br\/site\/?p=3187"},"modified":"2022-09-28T11:48:01","modified_gmt":"2022-09-28T14:48:01","slug":"prefeitura-de-aruja-celebra-o-dia-municipal-da-imigracao-japonesa","status":"publish","type":"post","link":"https:\/\/jm-metropole.com.br\/site\/prefeitura-de-aruja-celebra-o-dia-municipal-da-imigracao-japonesa\/","title":{"rendered":"Prefeitura de Aruj\u00e1 celebra o &#8216;DIA MUNICIPAL DA IMIGRA\u00c7\u00c3O JAPONESA&#8217;"},"content":{"rendered":"<p>A Prefeitura de Aruj\u00e1 celebrou nesta ter\u00e7a-feira, 27 de setembro, o Dia Municipal da Imigra\u00e7\u00e3o Japonesa, institu\u00eddo pela Lei 3.357 de 4 de janeiro de 2021, sancionada pelo prefeito Luis Camargo e embasada em projeto de lei de autoria do vereador Gabriel dos Santos e do ent\u00e3o vereador Julio Taikan Yokoyama.<\/p>\n<p>O Dia da Imigra\u00e7\u00e3o Japonesa em Aruj\u00e1 foi comemorado em r\u00e1pida solenidade realizada no Pa\u00e7o Municipal, com a presen\u00e7a do c\u00f4nsul para Assuntos Pol\u00edticos e Gerais do Consulado Geral do Jap\u00e3o em S\u00e3o Paulo, Hiroyuki Ide, e da vice-c\u00f4nsul, Kimiko Nakagawa, do secret\u00e1rio municipal de Cultura, Juvenil dos Santos, do presidente da C\u00e2mara Abelzinho e dos vereadores Divinei da Silva, Jo\u00e3o Luiz, Gabriel dos Santos e Luiz Fernando, dsdaecret\u00e1ria municipal de Meio Ambiente, Andreia de Assis, dos representantes de institui\u00e7\u00f5es tradicionais da col\u00f4nia japonesa na cidade como a Gecebs (Marcos Moniva), Perfect Liberty (PL) Golf Clube (Silas Fraga), Nippon Country Club (Wagner Vilela) e a Associa\u00e7\u00e3o Cultural de Aruj\u00e1 &#8211; Kaikan (respons\u00e1vel pela Aflord) com J\u00falio Taikan.<\/p>\n<p>Durante o evento, o prefeito e a primeira-dama Clau Camargo ressaltaram a import\u00e2ncia dos imigrantes japoneses no desenvolvimento de Aruj\u00e1, tanto em rela\u00e7\u00e3o \u00e0 economia, quanto na parte cultural. O artista Yuji Ooga, que veio do Jap\u00e3o em comitiva convidada pela PL, tamb\u00e9m fez uma apresenta\u00e7\u00e3o especial de shakuhachi (flauta), encerrando as comemora\u00e7\u00f5es em torno da data, que contou ainda com uma exposi\u00e7\u00e3o sobre a imigra\u00e7\u00e3o japonesa e descerramento da placa que ser\u00e1 afixada, posteriormente, no monumento da Pra\u00e7a do Rel\u00f3gio.<\/p>\n","protected":false},"excerpt":{"rendered":"<p>A Prefeitura de Aruj\u00e1 celebrou nesta ter\u00e7a-feira, 27 de setembro, o Dia Municipal da Imigra\u00e7\u00e3o Japonesa, institu\u00eddo pela Lei 3.357 de 4 de janeiro de 2021, sancionada pelo prefeito Luis Camargo e embasada em projeto de lei de autoria do vereador Gabriel dos Santos e do ent\u00e3o vereador Julio Taikan Yokoyama. O Dia da Imigra\u00e7\u00e3o [&hellip;]<\/p>\n","protected":false},"author":1,"featured_media":3188,"comment_status":"open","ping_status":"open","sticky":false,"template":"","format":"standard","meta":{"footnotes":""},"categories":[4],"tags":[],"class_list":{"0":"post-3187","1":"post","2":"type-post","3":"status-publish","4":"format-standard","5":"has-post-thumbnail","7":"category-aruja"},"_links":{"self":[{"href":"https:\/\/jm-metropole.com.br\/site\/wp-json\/wp\/v2\/posts\/3187","targetHints":{"allow":["GET"]}}],"collection":[{"href":"https:\/\/jm-metropole.com.br\/site\/wp-json\/wp\/v2\/posts"}],"about":[{"href":"https:\/\/jm-metropole.com.br\/site\/wp-json\/wp\/v2\/types\/post"}],"author":[{"embeddable":true,"href":"https:\/\/jm-metropole.com.br\/site\/wp-json\/wp\/v2\/users\/1"}],"replies":[{"embeddable":true,"href":"https:\/\/jm-metropole.com.br\/site\/wp-json\/wp\/v2\/comments?post=3187"}],"version-history":[{"count":1,"href":"https:\/\/jm-metropole.com.br\/site\/wp-json\/wp\/v2\/posts\/3187\/revisions"}],"predecessor-version":[{"id":3189,"href":"https:\/\/jm-metropole.com.br\/site\/wp-json\/wp\/v2\/posts\/3187\/revisions\/3189"}],"wp:featuredmedia":[{"embeddable":true,"href":"https:\/\/jm-metropole.com.br\/site\/wp-json\/wp\/v2\/media\/3188"}],"wp:attachment":[{"href":"https:\/\/jm-metropole.com.br\/site\/wp-json\/wp\/v2\/media?parent=3187"}],"wp:term":[{"taxonomy":"category","embeddable":true,"href":"https:\/\/jm-metropole.com.br\/site\/wp-json\/wp\/v2\/categories?post=3187"},{"taxonomy":"post_tag","embeddable":true,"href":"https:\/\/jm-metropole.com.br\/site\/wp-json\/wp\/v2\/tags?post=3187"}],"curies":[{"name":"wp","href":"https:\/\/api.w.org\/{rel}","templated":true}]}}