{"id":3181,"date":"2022-09-28T08:39:26","date_gmt":"2022-09-28T11:39:26","guid":{"rendered":"https:\/\/jm-metropole.com.br\/site\/?p=3181"},"modified":"2022-09-28T08:39:26","modified_gmt":"2022-09-28T11:39:26","slug":"santa-isabel-recebe-exposicao-registros-do-meu-eu-nesta-sexta-feira","status":"publish","type":"post","link":"https:\/\/jm-metropole.com.br\/site\/santa-isabel-recebe-exposicao-registros-do-meu-eu-nesta-sexta-feira\/","title":{"rendered":"Santa Isabel recebe exposi\u00e7\u00e3o &#8220;Registros do Meu Eu&#8221; nesta sexta-feira"},"content":{"rendered":"<p>As obras desenvolvidas pelos pacientes do CAPS tinham como objetivo, trabalhar as emo\u00e7\u00f5es das pessoas que lutam contra os transtornos mentais em seus cotidianos, por meio da express\u00e3o art\u00edstica. A mostra ser\u00e1 exposta a partir das 19h, no Centro Cultural.<\/p>\n<p>Para encerrar a campanha Setembro Amarelo, Santa Isabel receber\u00e1 nesta sexta-feira (30\/09) a exposi\u00e7\u00e3o \u201cRegistros do meu eu\u201d, da artista e fot\u00f3grafa Tina Gomes, com os pacientes do Centro de Aten\u00e7\u00e3o Psicossocial (CAPS). O evento ser\u00e1 a partir das 19h, no Centro Cultural, localizado na Avenida da Rep\u00fablica, N\u00b0 118.<\/p>\n<p>A psic\u00f3loga Rosana Crisafulli tamb\u00e9m estar\u00e1 presente na programa\u00e7\u00e3o, dando uma palestra sobre a import\u00e2ncia dos cuidados com a Sa\u00fade Mental, \u00e0s 20h.<\/p>\n<p>J\u00e1 a autora do livro \u201cAl\u00e9m da curva\u201d, Juliana Saueia, far\u00e1 uma roda de conversa, contando suas experi\u00eancias de luto, que inspirou a artista para escrever a obra, \u00e0s 20h30.<\/p>\n<p>Registros do meu eu<br \/>\nEm uma iniciativa da Diretoria de Comunica\u00e7\u00e3o, foi desenvolvido na \u00faltima segunda-feira (26\/09), com os pacientes atendidos pelo CAPS, sob orienta\u00e7\u00e3o da Tina Gomes, uma oficina para trabalhar as emo\u00e7\u00f5es das pessoas que lutam contra os transtornos mentais em seus cotidianos, por meio da express\u00e3o art\u00edstica.<\/p>\n<p>Visando ensinar como transformar os sentimentos em arte, os participantes durante a a\u00e7\u00e3o falaram sobre suas inseguran\u00e7as, medos, frustra\u00e7\u00f5es e raiva, enquanto amassavam o papel crepom. Ap\u00f3s isso, eles utilizaram outras folhas de crepom, para abra\u00e7ar as coisas boas que a vida oferece todos os dias.<\/p>\n<p>No final, eles ainda utilizaram os crepons para montar um conceito art\u00edstico na modelo volunt\u00e1ria \u00c9llen \u00c1vila, unindo os sentimentos de amor e raiva, e expressando-os por meio da t\u00e9cnica de sombra e luz. Todas as composi\u00e7\u00f5es de arte foram fotografadas por Fernanda Lima e ser\u00e3o exibidas pela primeira vez na exposi\u00e7\u00e3o<\/p>\n","protected":false},"excerpt":{"rendered":"<p>As obras desenvolvidas pelos pacientes do CAPS tinham como objetivo, trabalhar as emo\u00e7\u00f5es das pessoas que lutam contra os transtornos mentais em seus cotidianos, por meio da express\u00e3o art\u00edstica. A mostra ser\u00e1 exposta a partir das 19h, no Centro Cultural. Para encerrar a campanha Setembro Amarelo, Santa Isabel receber\u00e1 nesta sexta-feira (30\/09) a exposi\u00e7\u00e3o \u201cRegistros [&hellip;]<\/p>\n","protected":false},"author":1,"featured_media":3182,"comment_status":"open","ping_status":"open","sticky":false,"template":"","format":"standard","meta":{"footnotes":""},"categories":[5],"tags":[],"class_list":{"0":"post-3181","1":"post","2":"type-post","3":"status-publish","4":"format-standard","5":"has-post-thumbnail","7":"category-santa-isabel"},"_links":{"self":[{"href":"https:\/\/jm-metropole.com.br\/site\/wp-json\/wp\/v2\/posts\/3181","targetHints":{"allow":["GET"]}}],"collection":[{"href":"https:\/\/jm-metropole.com.br\/site\/wp-json\/wp\/v2\/posts"}],"about":[{"href":"https:\/\/jm-metropole.com.br\/site\/wp-json\/wp\/v2\/types\/post"}],"author":[{"embeddable":true,"href":"https:\/\/jm-metropole.com.br\/site\/wp-json\/wp\/v2\/users\/1"}],"replies":[{"embeddable":true,"href":"https:\/\/jm-metropole.com.br\/site\/wp-json\/wp\/v2\/comments?post=3181"}],"version-history":[{"count":1,"href":"https:\/\/jm-metropole.com.br\/site\/wp-json\/wp\/v2\/posts\/3181\/revisions"}],"predecessor-version":[{"id":3183,"href":"https:\/\/jm-metropole.com.br\/site\/wp-json\/wp\/v2\/posts\/3181\/revisions\/3183"}],"wp:featuredmedia":[{"embeddable":true,"href":"https:\/\/jm-metropole.com.br\/site\/wp-json\/wp\/v2\/media\/3182"}],"wp:attachment":[{"href":"https:\/\/jm-metropole.com.br\/site\/wp-json\/wp\/v2\/media?parent=3181"}],"wp:term":[{"taxonomy":"category","embeddable":true,"href":"https:\/\/jm-metropole.com.br\/site\/wp-json\/wp\/v2\/categories?post=3181"},{"taxonomy":"post_tag","embeddable":true,"href":"https:\/\/jm-metropole.com.br\/site\/wp-json\/wp\/v2\/tags?post=3181"}],"curies":[{"name":"wp","href":"https:\/\/api.w.org\/{rel}","templated":true}]}}